{"id":46235,"date":"2014-05-06T09:40:31","date_gmt":"2014-05-06T13:40:31","guid":{"rendered":"http:\/\/www.eltrabajo.cl\/portal\/?p=46235"},"modified":"2014-05-06T09:40:31","modified_gmt":"2014-05-06T13:40:31","slug":"voluntarios-por-el-patrimonio-unidos-para-la-conservacion-de-lo-nuestro","status":"publish","type":"post","link":"https:\/\/eltrabajo.cl\/portal\/voluntarios-por-el-patrimonio-unidos-para-la-conservacion-de-lo-nuestro\/","title":{"rendered":"Voluntarios por el patrimonio; unidos para la conservaci\u00f3n de lo nuestro"},"content":{"rendered":"<figure id=\"attachment_46236\" aria-describedby=\"caption-attachment-46236\" style=\"width: 317px\" class=\"wp-caption alignleft\"><a href=\"https:\/\/i0.wp.com\/www.eltrabajo.cl\/portal\/wp-content\/uploads\/2014\/05\/Manuel-Zu%C3%B1iga.jpg\"><img data-recalc-dims=\"1\" loading=\"lazy\" decoding=\"async\" class=\" wp-image-46236 \" alt=\"Manuel Z\u00fa\u00f1iga, coordinador de esta actividad, destac\u00f3 el gran inter\u00e9s y participaci\u00f3n que ha despertado esta iniciativa.\" src=\"https:\/\/i0.wp.com\/www.eltrabajo.cl\/portal\/wp-content\/uploads\/2014\/05\/Manuel-Zu%C3%B1iga.jpg?resize=317%2C216\" width=\"317\" height=\"216\" srcset=\"https:\/\/i0.wp.com\/eltrabajo.cl\/portal\/wp-content\/uploads\/2014\/05\/Manuel-Zu%C3%B1iga.jpg?w=529&amp;ssl=1 529w, https:\/\/i0.wp.com\/eltrabajo.cl\/portal\/wp-content\/uploads\/2014\/05\/Manuel-Zu%C3%B1iga.jpg?resize=200%2C136&amp;ssl=1 200w, https:\/\/i0.wp.com\/eltrabajo.cl\/portal\/wp-content\/uploads\/2014\/05\/Manuel-Zu%C3%B1iga.jpg?resize=300%2C204&amp;ssl=1 300w, https:\/\/i0.wp.com\/eltrabajo.cl\/portal\/wp-content\/uploads\/2014\/05\/Manuel-Zu%C3%B1iga.jpg?resize=150%2C102&amp;ssl=1 150w, https:\/\/i0.wp.com\/eltrabajo.cl\/portal\/wp-content\/uploads\/2014\/05\/Manuel-Zu%C3%B1iga.jpg?resize=400%2C272&amp;ssl=1 400w\" sizes=\"auto, (max-width: 317px) 100vw, 317px\" \/><\/a><figcaption id=\"caption-attachment-46236\" class=\"wp-caption-text\">Manuel Z\u00fa\u00f1iga, coordinador de esta actividad, destac\u00f3 el gran inter\u00e9s y participaci\u00f3n que ha despertado esta iniciativa.<\/figcaption><\/figure>\n<p>Una iniciativa muy interesante es la que est\u00e1 desarrollando el Departamento de Cultura de la Municipalidad de San Felipe, a trav\u00e9s del \u00c1rea de Patrimonio, quienes est\u00e1n conformando el Grupo de Voluntarios por el patrimonio. Esta es una invitaci\u00f3n abierta a toda la comunidad a quienes quieran participar del cuidado y rescate patrimonial desde las diversas aristas que este tema contempla, as\u00ed como lo son rescate, preservaci\u00f3n, investigaci\u00f3n entre otras.<\/p>\n<p>Si bien esta es una iniciativa que se est\u00e1 reci\u00e9n desarrollando, quienes est\u00e9n interesados en formar parte de esta agrupaci\u00f3n de Voluntarios por el patrimonio, pueden hacerlo, llevando sus ideas y ganas para la formaci\u00f3n y posterior trabajo efectivo en estas materias. As\u00ed lo manifest\u00f3 Manuel Z\u00fa\u00f1iga, quien es el encargado del \u00c1rea Patrimonio en el municipio sanfelipe\u00f1o, agregando que \u201cestamos felices por la recepci\u00f3n e inter\u00e9s que ha sido bastante entusiasta por parte de la gente\u201d.<\/p>\n<p>El lunes 12 de mayo a partir de las 18:30 horas, se llevar\u00e1 a cabo en el sal\u00f3n municipal de San Felipe la segunda reuni\u00f3n de voluntarios, que pretende ir consolidando en uni\u00f3n con sus adherentes, las directrices por las cuales se llevar\u00e1 este proyecto. Seg\u00fan lo declarado por Z\u00fa\u00f1iga, \u201chay algunas personas que desde mucho rato ya nos vienen preguntando de qu\u00e9 manera pueden participar en las diferentes actividades patrimoniales que nosotros estamos realizando en la comuna, como tur al cementerio, bici-tur, y otras actividades, desde donde surge esta iniciativa, para dar cabida a esas inquietudes de participaci\u00f3n y cuidado del patrimonio\u201d.<\/p>\n<p>Consultado respecto a los intereses que se han hecho notar por los asistentes a este voluntariado patrimonial, se destacan aquellos que se sienten interesados en ser gu\u00edas o monitores en visitas guiadas, otros que tienen su inter\u00e9s puesto en el cuidado y recuperaci\u00f3n de monumentos p\u00fablicos, as\u00ed como otros tantos est\u00e1n en el inter\u00e9s permanente de aprender y conocer, as\u00ed como el despertado inter\u00e9s por investigar acerca de la historia de lugares o personajes.<\/p>\n<p>Si bien el departamento de cultura tiene algunas ideas en mente, que quieren realizar a trav\u00e9s de esta agrupaci\u00f3n en ciernes, es importante destacar que una de las cosas fundamentales que se ha propuesto este grupo es que las ideas nazcan desde la comunidad, de manera que el municipio otorgue el apoyo y las instancias propicias para llevar a cabo de la mejor manera esta gran cruzada que esta vez tiene por objeto el patrimonio local.<\/p>\n<p>&nbsp;<\/p>\n","protected":false},"excerpt":{"rendered":"<p>Una iniciativa muy interesante es la que est\u00e1 desarrollando el Departamento de Cultura de la Municipalidad de San Felipe, a trav\u00e9s del \u00c1rea de Patrimonio, quienes est\u00e1n conformando el Grupo de Voluntarios&#8230;<\/p>\n","protected":false},"author":482,"featured_media":46236,"comment_status":"open","ping_status":"closed","sticky":false,"template":"","format":"standard","meta":{"advanced_seo_description":"","jetpack_seo_html_title":"","jetpack_seo_noindex":false,"_jetpack_memberships_contains_paid_content":false,"footnotes":""},"categories":[1],"tags":[],"class_list":["post-46235","post","type-post","status-publish","format-standard","has-post-thumbnail","hentry","category-cronica"],"jetpack_featured_media_url":"https:\/\/i0.wp.com\/eltrabajo.cl\/portal\/wp-content\/uploads\/2014\/05\/Manuel-Zu%C3%B1iga.jpg?fit=529%2C360&ssl=1","jetpack_sharing_enabled":true,"jetpack_likes_enabled":true,"jetpack-related-posts":[],"_links":{"self":[{"href":"https:\/\/eltrabajo.cl\/portal\/wp-json\/wp\/v2\/posts\/46235","targetHints":{"allow":["GET"]}}],"collection":[{"href":"https:\/\/eltrabajo.cl\/portal\/wp-json\/wp\/v2\/posts"}],"about":[{"href":"https:\/\/eltrabajo.cl\/portal\/wp-json\/wp\/v2\/types\/post"}],"author":[{"embeddable":true,"href":"https:\/\/eltrabajo.cl\/portal\/wp-json\/wp\/v2\/users\/482"}],"replies":[{"embeddable":true,"href":"https:\/\/eltrabajo.cl\/portal\/wp-json\/wp\/v2\/comments?post=46235"}],"version-history":[{"count":0,"href":"https:\/\/eltrabajo.cl\/portal\/wp-json\/wp\/v2\/posts\/46235\/revisions"}],"wp:featuredmedia":[{"embeddable":true,"href":"https:\/\/eltrabajo.cl\/portal\/wp-json\/wp\/v2\/media\/46236"}],"wp:attachment":[{"href":"https:\/\/eltrabajo.cl\/portal\/wp-json\/wp\/v2\/media?parent=46235"}],"wp:term":[{"taxonomy":"category","embeddable":true,"href":"https:\/\/eltrabajo.cl\/portal\/wp-json\/wp\/v2\/categories?post=46235"},{"taxonomy":"post_tag","embeddable":true,"href":"https:\/\/eltrabajo.cl\/portal\/wp-json\/wp\/v2\/tags?post=46235"}],"curies":[{"name":"wp","href":"https:\/\/api.w.org\/{rel}","templated":true}]}}