{"id":46238,"date":"2014-05-06T09:42:18","date_gmt":"2014-05-06T13:42:18","guid":{"rendered":"http:\/\/www.eltrabajo.cl\/portal\/?p=46238"},"modified":"2014-05-06T09:42:18","modified_gmt":"2014-05-06T13:42:18","slug":"ministra-del-deporte-ratifica-construccion-de-un-estadio-para-el-valle-de-aconcagua","status":"publish","type":"post","link":"https:\/\/eltrabajo.cl\/portal\/ministra-del-deporte-ratifica-construccion-de-un-estadio-para-el-valle-de-aconcagua\/","title":{"rendered":"Ministra del Deporte ratifica construcci\u00f3n de un estadio para el Valle de Aconcagua"},"content":{"rendered":"<figure id=\"attachment_46239\" aria-describedby=\"caption-attachment-46239\" style=\"width: 529px\" class=\"wp-caption alignnone\"><a href=\"https:\/\/i0.wp.com\/www.eltrabajo.cl\/portal\/wp-content\/uploads\/2014\/05\/Felices1.jpg\"><img data-recalc-dims=\"1\" loading=\"lazy\" decoding=\"async\" class=\"size-full wp-image-46239\" alt=\"OPTIMISTAS.- Diputado N\u00fa\u00f1ez, Gobernador Le\u00f3n, Core Sottolichio y Alcalde Freire junto a la Ministra del Deporte.\" src=\"https:\/\/i0.wp.com\/www.eltrabajo.cl\/portal\/wp-content\/uploads\/2014\/05\/Felices1.jpg?resize=529%2C373\" width=\"529\" height=\"373\" srcset=\"https:\/\/i0.wp.com\/eltrabajo.cl\/portal\/wp-content\/uploads\/2014\/05\/Felices1.jpg?w=529&amp;ssl=1 529w, https:\/\/i0.wp.com\/eltrabajo.cl\/portal\/wp-content\/uploads\/2014\/05\/Felices1.jpg?resize=200%2C141&amp;ssl=1 200w, https:\/\/i0.wp.com\/eltrabajo.cl\/portal\/wp-content\/uploads\/2014\/05\/Felices1.jpg?resize=300%2C211&amp;ssl=1 300w, https:\/\/i0.wp.com\/eltrabajo.cl\/portal\/wp-content\/uploads\/2014\/05\/Felices1.jpg?resize=150%2C105&amp;ssl=1 150w, https:\/\/i0.wp.com\/eltrabajo.cl\/portal\/wp-content\/uploads\/2014\/05\/Felices1.jpg?resize=400%2C282&amp;ssl=1 400w\" sizes=\"auto, (max-width: 529px) 100vw, 529px\" \/><\/a><figcaption id=\"caption-attachment-46239\" class=\"wp-caption-text\">OPTIMISTAS.- Diputado N\u00fa\u00f1ez, Gobernador Le\u00f3n, Core Sottolichio y Alcalde Freire junto a la Ministra del Deporte.<\/figcaption><\/figure>\n<p>El Diputado Marco Antonio N\u00fa\u00f1ez; junto al Alcalde Patricio Freire; al Consejero Regional Mario Sottolichio y el Gobernador de San Felipe, Eduardo Le\u00f3n, al t\u00e9rmino de la reuni\u00f3n sostenida con la Ministra del Deporte Natalia Riffo, expres\u00f3 su satisfacci\u00f3n luego que la Secretaria de Estado confirmara y ratificara que el gobierno en los pr\u00f3ximos cuatro a\u00f1os construir\u00e1 un nuevo estadio para Aconcagua.<\/p>\n<p>\u00abJunto al alcalde Patricio Freire, al Core Mario Sottolichio y el Gobernador Eduardo Le\u00f3n, estamos muy contentos de que la propia Ministra del Deporte nos ratificara la construcci\u00f3n de un nuevo estadio para Aconcagua en los pr\u00f3ximos cuatro a\u00f1os. Este es un partido que reci\u00e9n comienza y que vamos a ganar, porque San Felipe tendr\u00e1 finalmente un moderno complejo deportivo\u00bb, coment\u00f3 N\u00fa\u00f1ez.<\/p>\n<p>Por su parte y sin ocultar su satisfacci\u00f3n, el Alcalde de San Felipe Patricio Freire, expres\u00f3 que \u00abhoy d\u00eda estamos m\u00e1s cerca de cumplir nuestro ansiado proyecto de construir un estadio para San Felipe. Estamos muy contentos de haber sido recibidos por la Ministra del Deporte y que nos haya confirmado esta gran noticia. Volvemos tranquilos y confiados de que pronto comenzar\u00e1 hacerse realidad este sue\u00f1o que compartimos con la comunidad\u00bb, dijo Freire.<\/p>\n<p>Finalmente el Consejero Regional por la Provincia de San Felipe, Mario Sottolichio, agreg\u00f3 que \u00abdesde hoy d\u00eda el Ministerio del Deporte ha incorporado en su plan de trabajo el compromiso que la Presidenta Bachelet hizo con los sanfelipe\u00f1os de construir un nuevo estadio. Vamos a velar para que lo m\u00e1s r\u00e1pidamente posible este sue\u00f1o se haga realidad y en los pr\u00f3ximos cuatro a\u00f1os tengamos un estadio de categor\u00eda en nuestra zona\u00bb.<\/p>\n<p>&nbsp;<\/p>\n","protected":false},"excerpt":{"rendered":"<p>El Diputado Marco Antonio N\u00fa\u00f1ez; junto al Alcalde Patricio Freire; al Consejero Regional Mario Sottolichio y el Gobernador de San Felipe, Eduardo Le\u00f3n, al t\u00e9rmino de la reuni\u00f3n sostenida con la Ministra&#8230;<\/p>\n","protected":false},"author":482,"featured_media":46239,"comment_status":"open","ping_status":"closed","sticky":false,"template":"","format":"standard","meta":{"advanced_seo_description":"","jetpack_seo_html_title":"","jetpack_seo_noindex":false,"_jetpack_memberships_contains_paid_content":false,"footnotes":""},"categories":[1],"tags":[],"class_list":["post-46238","post","type-post","status-publish","format-standard","has-post-thumbnail","hentry","category-cronica"],"jetpack_featured_media_url":"https:\/\/i0.wp.com\/eltrabajo.cl\/portal\/wp-content\/uploads\/2014\/05\/Felices1.jpg?fit=529%2C373&ssl=1","jetpack_sharing_enabled":true,"jetpack_likes_enabled":true,"jetpack-related-posts":[],"_links":{"self":[{"href":"https:\/\/eltrabajo.cl\/portal\/wp-json\/wp\/v2\/posts\/46238","targetHints":{"allow":["GET"]}}],"collection":[{"href":"https:\/\/eltrabajo.cl\/portal\/wp-json\/wp\/v2\/posts"}],"about":[{"href":"https:\/\/eltrabajo.cl\/portal\/wp-json\/wp\/v2\/types\/post"}],"author":[{"embeddable":true,"href":"https:\/\/eltrabajo.cl\/portal\/wp-json\/wp\/v2\/users\/482"}],"replies":[{"embeddable":true,"href":"https:\/\/eltrabajo.cl\/portal\/wp-json\/wp\/v2\/comments?post=46238"}],"version-history":[{"count":0,"href":"https:\/\/eltrabajo.cl\/portal\/wp-json\/wp\/v2\/posts\/46238\/revisions"}],"wp:featuredmedia":[{"embeddable":true,"href":"https:\/\/eltrabajo.cl\/portal\/wp-json\/wp\/v2\/media\/46239"}],"wp:attachment":[{"href":"https:\/\/eltrabajo.cl\/portal\/wp-json\/wp\/v2\/media?parent=46238"}],"wp:term":[{"taxonomy":"category","embeddable":true,"href":"https:\/\/eltrabajo.cl\/portal\/wp-json\/wp\/v2\/categories?post=46238"},{"taxonomy":"post_tag","embeddable":true,"href":"https:\/\/eltrabajo.cl\/portal\/wp-json\/wp\/v2\/tags?post=46238"}],"curies":[{"name":"wp","href":"https:\/\/api.w.org\/{rel}","templated":true}]}}