{"id":46252,"date":"2014-05-07T09:47:52","date_gmt":"2014-05-07T13:47:52","guid":{"rendered":"http:\/\/www.eltrabajo.cl\/portal\/?p=46252"},"modified":"2014-05-07T09:47:52","modified_gmt":"2014-05-07T13:47:52","slug":"a-disfrutar-ruiz-zaldivar-trazos-y-colores-retrospectiva-de-un-artista","status":"publish","type":"post","link":"https:\/\/eltrabajo.cl\/portal\/a-disfrutar-ruiz-zaldivar-trazos-y-colores-retrospectiva-de-un-artista\/","title":{"rendered":"A disfrutar \u2018Ruiz Zald\u00edvar, trazos y colores, retrospectiva de un artista\u2019"},"content":{"rendered":"<figure id=\"attachment_46253\" aria-describedby=\"caption-attachment-46253\" style=\"width: 529px\" class=\"wp-caption alignnone\"><a href=\"https:\/\/i0.wp.com\/www.eltrabajo.cl\/portal\/wp-content\/uploads\/2014\/05\/Expo1.jpg\"><img data-recalc-dims=\"1\" loading=\"lazy\" decoding=\"async\" class=\"size-full wp-image-46253\" alt=\"El Alcalde Patricio Freire y el Gobernador Eduardo Le\u00f3n, tambi\u00e9n disfrutaron por varios minutos de esta excelente propuesta art\u00edstica.\" src=\"https:\/\/i0.wp.com\/www.eltrabajo.cl\/portal\/wp-content\/uploads\/2014\/05\/Expo1.jpg?resize=529%2C358\" width=\"529\" height=\"358\" srcset=\"https:\/\/i0.wp.com\/eltrabajo.cl\/portal\/wp-content\/uploads\/2014\/05\/Expo1.jpg?w=529&amp;ssl=1 529w, https:\/\/i0.wp.com\/eltrabajo.cl\/portal\/wp-content\/uploads\/2014\/05\/Expo1.jpg?resize=200%2C135&amp;ssl=1 200w, https:\/\/i0.wp.com\/eltrabajo.cl\/portal\/wp-content\/uploads\/2014\/05\/Expo1.jpg?resize=300%2C203&amp;ssl=1 300w, https:\/\/i0.wp.com\/eltrabajo.cl\/portal\/wp-content\/uploads\/2014\/05\/Expo1.jpg?resize=150%2C101&amp;ssl=1 150w, https:\/\/i0.wp.com\/eltrabajo.cl\/portal\/wp-content\/uploads\/2014\/05\/Expo1.jpg?resize=400%2C270&amp;ssl=1 400w\" sizes=\"auto, (max-width: 529px) 100vw, 529px\" \/><\/a><figcaption id=\"caption-attachment-46253\" class=\"wp-caption-text\">El Alcalde Patricio Freire y el Gobernador Eduardo Le\u00f3n, tambi\u00e9n disfrutaron por varios minutos de esta excelente propuesta art\u00edstica.<\/figcaption><\/figure>\n<p>Entre el 5 y el 9 de mayo se expondr\u00e1 en el Teatro Municipal de San Felipe, la exposici\u00f3n pict\u00f3rica Ru\u00edz Zald\u00edvar, trazos y colores, retrospectiva de un artista, la que tiene por objeto rescatar el gran trabajo que este querido y recordado artista, profesor, periodista Acad\u00e9mico de la Lengua y multifac\u00e9tico sanfelipe\u00f1o, embajador ilustre de nuestra comuna a lo largo y ancho de Chile y el mundo.<\/p>\n<figure id=\"attachment_46254\" aria-describedby=\"caption-attachment-46254\" style=\"width: 317px\" class=\"wp-caption alignright\"><a href=\"https:\/\/i0.wp.com\/www.eltrabajo.cl\/portal\/wp-content\/uploads\/2014\/05\/Zaldivar1.jpg\"><img data-recalc-dims=\"1\" loading=\"lazy\" decoding=\"async\" class=\" wp-image-46254 \" alt=\"El destacado poeta, pintor, m\u00fasico, Profesor Carlos Ru\u00edz Zald\u00edvar.\" src=\"https:\/\/i0.wp.com\/www.eltrabajo.cl\/portal\/wp-content\/uploads\/2014\/05\/Zaldivar1.jpg?resize=317%2C241\" width=\"317\" height=\"241\" srcset=\"https:\/\/i0.wp.com\/eltrabajo.cl\/portal\/wp-content\/uploads\/2014\/05\/Zaldivar1.jpg?w=529&amp;ssl=1 529w, https:\/\/i0.wp.com\/eltrabajo.cl\/portal\/wp-content\/uploads\/2014\/05\/Zaldivar1.jpg?resize=197%2C150&amp;ssl=1 197w, https:\/\/i0.wp.com\/eltrabajo.cl\/portal\/wp-content\/uploads\/2014\/05\/Zaldivar1.jpg?resize=300%2C227&amp;ssl=1 300w, https:\/\/i0.wp.com\/eltrabajo.cl\/portal\/wp-content\/uploads\/2014\/05\/Zaldivar1.jpg?resize=150%2C113&amp;ssl=1 150w, https:\/\/i0.wp.com\/eltrabajo.cl\/portal\/wp-content\/uploads\/2014\/05\/Zaldivar1.jpg?resize=400%2C303&amp;ssl=1 400w\" sizes=\"auto, (max-width: 317px) 100vw, 317px\" \/><\/a><figcaption id=\"caption-attachment-46254\" class=\"wp-caption-text\">El destacado poeta, pintor, m\u00fasico, Profesor Carlos Ru\u00edz Zald\u00edvar.<\/figcaption><\/figure>\n<p>Esta muestra mantendr\u00e1 el espacio del teatro municipal abierto a las artes visuales, entregando a todas las sanfelipe\u00f1as y sanfelipe\u00f1os la posibilidad de valorar a nuestros artistas, compartir con ellos y apreciar sus obras, colaborando as\u00ed en la construcci\u00f3n de La Comuna de Todos.<\/p>\n<p>Carlos Ruiz Zald\u00edvar naci\u00f3 en Pisagua, provincia de Tarapac\u00e1, el 8 de septiembre de 1925. Estudi\u00f3 sus humanidades en el Liceo de Hombres de San Felipe, desde donde egresa en el a\u00f1o 1945. Profesor normalista en la Escuela Normal Jos\u00e9 A. N\u00fa\u00f1ez de Santiago. Realiza toda su carrera docente en Aconcagua.<\/p>\n<p>Desde muy joven mostr\u00f3 cualidades literarias; gan\u00f3 concursos; fue actor y recitador; siendo declarado Hijo Ilustre en 1955. Como periodista colabor\u00f3 en las revistas Vea, En Viaje, diarios El Mercurio y La Estrella de Valpara\u00edso. Su importante obra literaria de casi una veintena de libros publicados entre poes\u00eda, relatos, ensayos hist\u00f3ricos y folcl\u00f3ricos, se consagr\u00f3 con su afamado Romancero Heroico de Aconcagua (1955), con cuatro ediciones todas agotadas.<\/p>\n<p>Fue adem\u00e1s pintor, amante del tango y conferencista. En la pintura obtuvo Medalla de Plata en el Sal\u00f3n Oficial de la Sociedad de Bellas Artes de Santiago en 1963 y Medalla de Oro en el Sal\u00f3n de Oto\u00f1o de Valpara\u00edso 1966, compartiendo adem\u00e1s su talento pl\u00e1stico con varios pintores del Valle de Aconcagua.<\/p>\n<p>En 1962 recibi\u00f3 el premio de Literatura Luis Durand. En junio del 2002 fue recibido por la Academia Chilena de la Lengua como Miembro Correspondiente en San Felipe. Fallece en San Felipe en abril de 2010. La importancia de la obra de Ru\u00edz Zald\u00edvar en la historia de San Felipe, es indudable, por lo cual este espacio que se otorga para dar a conocer esta faceta pict\u00f3rica del artista, es una gran aporte para la comuna y para las nuevas generaciones, que podr\u00e1n apreciar este Valle de Aconcagua, a trav\u00e9s de la mirada de Ru\u00edz Zald\u00edvar.<\/p>\n<p>&nbsp;<\/p>\n","protected":false},"excerpt":{"rendered":"<p>Entre el 5 y el 9 de mayo se expondr\u00e1 en el Teatro Municipal de San Felipe, la exposici\u00f3n pict\u00f3rica Ru\u00edz Zald\u00edvar, trazos y colores, retrospectiva de un artista, la que tiene&#8230;<\/p>\n","protected":false},"author":482,"featured_media":46253,"comment_status":"open","ping_status":"closed","sticky":false,"template":"","format":"standard","meta":{"advanced_seo_description":"","jetpack_seo_html_title":"","jetpack_seo_noindex":false,"_jetpack_memberships_contains_paid_content":false,"footnotes":""},"categories":[15],"tags":[],"class_list":["post-46252","post","type-post","status-publish","format-standard","has-post-thumbnail","hentry","category-comunidad"],"jetpack_featured_media_url":"https:\/\/i0.wp.com\/eltrabajo.cl\/portal\/wp-content\/uploads\/2014\/05\/Expo1.jpg?fit=529%2C358&ssl=1","jetpack_sharing_enabled":true,"jetpack_likes_enabled":true,"jetpack-related-posts":[],"_links":{"self":[{"href":"https:\/\/eltrabajo.cl\/portal\/wp-json\/wp\/v2\/posts\/46252","targetHints":{"allow":["GET"]}}],"collection":[{"href":"https:\/\/eltrabajo.cl\/portal\/wp-json\/wp\/v2\/posts"}],"about":[{"href":"https:\/\/eltrabajo.cl\/portal\/wp-json\/wp\/v2\/types\/post"}],"author":[{"embeddable":true,"href":"https:\/\/eltrabajo.cl\/portal\/wp-json\/wp\/v2\/users\/482"}],"replies":[{"embeddable":true,"href":"https:\/\/eltrabajo.cl\/portal\/wp-json\/wp\/v2\/comments?post=46252"}],"version-history":[{"count":0,"href":"https:\/\/eltrabajo.cl\/portal\/wp-json\/wp\/v2\/posts\/46252\/revisions"}],"wp:featuredmedia":[{"embeddable":true,"href":"https:\/\/eltrabajo.cl\/portal\/wp-json\/wp\/v2\/media\/46253"}],"wp:attachment":[{"href":"https:\/\/eltrabajo.cl\/portal\/wp-json\/wp\/v2\/media?parent=46252"}],"wp:term":[{"taxonomy":"category","embeddable":true,"href":"https:\/\/eltrabajo.cl\/portal\/wp-json\/wp\/v2\/categories?post=46252"},{"taxonomy":"post_tag","embeddable":true,"href":"https:\/\/eltrabajo.cl\/portal\/wp-json\/wp\/v2\/tags?post=46252"}],"curies":[{"name":"wp","href":"https:\/\/api.w.org\/{rel}","templated":true}]}}