{"id":46257,"date":"2014-05-07T09:50:28","date_gmt":"2014-05-07T13:50:28","guid":{"rendered":"http:\/\/www.eltrabajo.cl\/portal\/?p=46257"},"modified":"2014-05-07T09:50:28","modified_gmt":"2014-05-07T13:50:28","slug":"programa-yo-elijo-mi-pc-entrego-computadores-a-estudiantes","status":"publish","type":"post","link":"https:\/\/eltrabajo.cl\/portal\/programa-yo-elijo-mi-pc-entrego-computadores-a-estudiantes\/","title":{"rendered":"Programa &#8216;Yo elijo mi PC&#8217; entreg\u00f3 computadores a estudiantes"},"content":{"rendered":"<figure id=\"attachment_46259\" aria-describedby=\"caption-attachment-46259\" style=\"width: 423px\" class=\"wp-caption alignleft\"><a href=\"https:\/\/i0.wp.com\/www.eltrabajo.cl\/portal\/wp-content\/uploads\/2014\/05\/Ganador1.jpg\"><img data-recalc-dims=\"1\" loading=\"lazy\" decoding=\"async\" class=\" wp-image-46259 \" alt=\"Benjam\u00edn Oyarzo, alumno de s\u00e9ptimo b\u00e1sico del Instituto Agr\u00edcola Pascual Baburizza.\" src=\"https:\/\/i0.wp.com\/www.eltrabajo.cl\/portal\/wp-content\/uploads\/2014\/05\/Ganador1.jpg?resize=423%2C461\" width=\"423\" height=\"461\" srcset=\"https:\/\/i0.wp.com\/eltrabajo.cl\/portal\/wp-content\/uploads\/2014\/05\/Ganador1.jpg?w=529&amp;ssl=1 529w, https:\/\/i0.wp.com\/eltrabajo.cl\/portal\/wp-content\/uploads\/2014\/05\/Ganador1.jpg?resize=137%2C150&amp;ssl=1 137w, https:\/\/i0.wp.com\/eltrabajo.cl\/portal\/wp-content\/uploads\/2014\/05\/Ganador1.jpg?resize=275%2C300&amp;ssl=1 275w, https:\/\/i0.wp.com\/eltrabajo.cl\/portal\/wp-content\/uploads\/2014\/05\/Ganador1.jpg?resize=400%2C435&amp;ssl=1 400w\" sizes=\"auto, (max-width: 423px) 100vw, 423px\" \/><\/a><figcaption id=\"caption-attachment-46259\" class=\"wp-caption-text\">Benjam\u00edn Oyarzo, alumno de s\u00e9ptimo b\u00e1sico del Instituto Agr\u00edcola Pascual Baburizza.<\/figcaption><\/figure>\n<p><strong>CALLE LARGA.<\/strong>&#8211; Alumnos de s\u00e9ptimo b\u00e1sico que tuvieron un buen desempe\u00f1o escolar el a\u00f1o pasado, fueron beneficiados con el programa. Un total de 41 alumnos, estudiantes de las escuelas municipalizadas y particulares subvencionadas de Calle Larga, fueron beneficiados con un computador entregado a trav\u00e9s del Programa Yo elijo mi PC, que es desarrollado por el Ministerio de Educaci\u00f3n en conjunto con la Junta Nacional de Auxilio Escolar y Becas Junaeb.<\/p>\n<figure id=\"attachment_46258\" aria-describedby=\"caption-attachment-46258\" style=\"width: 370px\" class=\"wp-caption alignright\"><a href=\"https:\/\/i0.wp.com\/www.eltrabajo.cl\/portal\/wp-content\/uploads\/2014\/05\/Escolares1.jpg\"><img data-recalc-dims=\"1\" loading=\"lazy\" decoding=\"async\" class=\" wp-image-46258 \" alt=\"LA ENTREGA.- La entrega de computadores de este programa que busca aumentar los niveles de equidad, disminuir la brecha digital y favorecer a los ni\u00f1os en condici\u00f3n de vulnerabilidad.\" src=\"https:\/\/i0.wp.com\/www.eltrabajo.cl\/portal\/wp-content\/uploads\/2014\/05\/Escolares1.jpg?resize=370%2C251\" width=\"370\" height=\"251\" srcset=\"https:\/\/i0.wp.com\/eltrabajo.cl\/portal\/wp-content\/uploads\/2014\/05\/Escolares1.jpg?w=529&amp;ssl=1 529w, https:\/\/i0.wp.com\/eltrabajo.cl\/portal\/wp-content\/uploads\/2014\/05\/Escolares1.jpg?resize=200%2C135&amp;ssl=1 200w, https:\/\/i0.wp.com\/eltrabajo.cl\/portal\/wp-content\/uploads\/2014\/05\/Escolares1.jpg?resize=300%2C203&amp;ssl=1 300w, https:\/\/i0.wp.com\/eltrabajo.cl\/portal\/wp-content\/uploads\/2014\/05\/Escolares1.jpg?resize=150%2C101&amp;ssl=1 150w, https:\/\/i0.wp.com\/eltrabajo.cl\/portal\/wp-content\/uploads\/2014\/05\/Escolares1.jpg?resize=400%2C270&amp;ssl=1 400w\" sizes=\"auto, (max-width: 370px) 100vw, 370px\" \/><\/a><figcaption id=\"caption-attachment-46258\" class=\"wp-caption-text\">LA ENTREGA.- La entrega de computadores de este programa que busca aumentar los niveles de equidad, disminuir la brecha digital y favorecer a los ni\u00f1os en condici\u00f3n de vulnerabilidad.<\/figcaption><\/figure>\n<p>La entrega de computadores de este programa que busca aumentar los niveles de equidad, disminuir la brecha digital y favorecer a los ni\u00f1os en condici\u00f3n de vulnerabilidad, se realiz\u00f3 hoy martes, en dependencias de la Escuela La Pampilla de Calle Larga.<\/p>\n<p>\u201cEsta iniciativa se suma a instancias que ha desarrollado la municipalidad como es la entrega de notebook a los estudiantes. De esta forma m\u00e1s del 80% de las casas actualmente tienen un computador. Esto es algo hist\u00f3rico en Calle Larga y se suma a que en unas semanas m\u00e1s vamos a tener el Wifi funcionando en m\u00e1s del 80% del territorio de la comuna. Como administraci\u00f3n municipal eso nos tiene sumamente contentos y satisfechos\u201d, sostuvo el Alcalde Nelson Venegas.<\/p>\n<p>Por su parte Benjam\u00edn Oyarzo, alumno de s\u00e9ptimo b\u00e1sico del Instituto Agr\u00edcola Pascual Baburizza, agradeci\u00f3 la realizaci\u00f3n de esta iniciativa.<\/p>\n<p>\u201cEl haber recibido este computador me demuestra que estudiar y hacer esfuerzos para tener buenos resultados en el colegio, tarde o temprano tiene su recompensa. Este es un regalo muy bonito que me ayudar\u00e1 much\u00edsimo a hacer mis tareas y a estudiar\u201d, agradeci\u00f3 el estudiante.<\/p>\n<p>A nivel nacional este programa ha beneficiado a m\u00e1s de 250.000 alumnos y alumnas. Para esta nueva versi\u00f3n 2014, se contempla la entrega de 60.000 nuevos equipos a los mejores alumnos que est\u00e9n matriculados en s\u00e9ptimo b\u00e1sico a marzo de 2014 y que pertenezcan al cuarenta por ciento m\u00e1s vulnerable de la poblaci\u00f3n.<\/p>\n<p>&nbsp;<\/p>\n","protected":false},"excerpt":{"rendered":"<p>CALLE LARGA.&#8211; Alumnos de s\u00e9ptimo b\u00e1sico que tuvieron un buen desempe\u00f1o escolar el a\u00f1o pasado, fueron beneficiados con el programa. Un total de 41 alumnos, estudiantes de las escuelas municipalizadas y particulares&#8230;<\/p>\n","protected":false},"author":482,"featured_media":46259,"comment_status":"open","ping_status":"closed","sticky":false,"template":"","format":"standard","meta":{"advanced_seo_description":"","jetpack_seo_html_title":"","jetpack_seo_noindex":false,"_jetpack_memberships_contains_paid_content":false,"footnotes":""},"categories":[1],"tags":[],"class_list":["post-46257","post","type-post","status-publish","format-standard","has-post-thumbnail","hentry","category-cronica"],"jetpack_featured_media_url":"https:\/\/i0.wp.com\/eltrabajo.cl\/portal\/wp-content\/uploads\/2014\/05\/Ganador1.jpg?fit=529%2C576&ssl=1","jetpack_sharing_enabled":true,"jetpack_likes_enabled":true,"jetpack-related-posts":[],"_links":{"self":[{"href":"https:\/\/eltrabajo.cl\/portal\/wp-json\/wp\/v2\/posts\/46257","targetHints":{"allow":["GET"]}}],"collection":[{"href":"https:\/\/eltrabajo.cl\/portal\/wp-json\/wp\/v2\/posts"}],"about":[{"href":"https:\/\/eltrabajo.cl\/portal\/wp-json\/wp\/v2\/types\/post"}],"author":[{"embeddable":true,"href":"https:\/\/eltrabajo.cl\/portal\/wp-json\/wp\/v2\/users\/482"}],"replies":[{"embeddable":true,"href":"https:\/\/eltrabajo.cl\/portal\/wp-json\/wp\/v2\/comments?post=46257"}],"version-history":[{"count":0,"href":"https:\/\/eltrabajo.cl\/portal\/wp-json\/wp\/v2\/posts\/46257\/revisions"}],"wp:featuredmedia":[{"embeddable":true,"href":"https:\/\/eltrabajo.cl\/portal\/wp-json\/wp\/v2\/media\/46259"}],"wp:attachment":[{"href":"https:\/\/eltrabajo.cl\/portal\/wp-json\/wp\/v2\/media?parent=46257"}],"wp:term":[{"taxonomy":"category","embeddable":true,"href":"https:\/\/eltrabajo.cl\/portal\/wp-json\/wp\/v2\/categories?post=46257"},{"taxonomy":"post_tag","embeddable":true,"href":"https:\/\/eltrabajo.cl\/portal\/wp-json\/wp\/v2\/tags?post=46257"}],"curies":[{"name":"wp","href":"https:\/\/api.w.org\/{rel}","templated":true}]}}