{"id":46263,"date":"2014-05-07T09:56:03","date_gmt":"2014-05-07T13:56:03","guid":{"rendered":"http:\/\/www.eltrabajo.cl\/portal\/?p=46263"},"modified":"2014-05-07T09:56:03","modified_gmt":"2014-05-07T13:56:03","slug":"realizan-visita-a-obras-de-remodelacion-de-plaza-de-armas","status":"publish","type":"post","link":"https:\/\/eltrabajo.cl\/portal\/realizan-visita-a-obras-de-remodelacion-de-plaza-de-armas\/","title":{"rendered":"Realizan visita a obras de remodelaci\u00f3n de Plaza de Armas"},"content":{"rendered":"<figure id=\"attachment_46264\" aria-describedby=\"caption-attachment-46264\" style=\"width: 529px\" class=\"wp-caption alignnone\"><a href=\"https:\/\/i0.wp.com\/www.eltrabajo.cl\/portal\/wp-content\/uploads\/2014\/05\/Plaza1.jpg\"><img data-recalc-dims=\"1\" loading=\"lazy\" decoding=\"async\" class=\"size-full wp-image-46264\" alt=\" El centro de Santa Mar\u00eda tendr\u00e1 un nuevo rostro para acoger a sus vecinos y vecinas y para recibir a todos quienes visitan esta encantadora tierra\u201d, coment\u00f3 Zurita.\" src=\"https:\/\/i0.wp.com\/www.eltrabajo.cl\/portal\/wp-content\/uploads\/2014\/05\/Plaza1.jpg?resize=529%2C401\" width=\"529\" height=\"401\" srcset=\"https:\/\/i0.wp.com\/eltrabajo.cl\/portal\/wp-content\/uploads\/2014\/05\/Plaza1.jpg?w=529&amp;ssl=1 529w, https:\/\/i0.wp.com\/eltrabajo.cl\/portal\/wp-content\/uploads\/2014\/05\/Plaza1.jpg?resize=197%2C150&amp;ssl=1 197w, https:\/\/i0.wp.com\/eltrabajo.cl\/portal\/wp-content\/uploads\/2014\/05\/Plaza1.jpg?resize=300%2C227&amp;ssl=1 300w, https:\/\/i0.wp.com\/eltrabajo.cl\/portal\/wp-content\/uploads\/2014\/05\/Plaza1.jpg?resize=150%2C113&amp;ssl=1 150w, https:\/\/i0.wp.com\/eltrabajo.cl\/portal\/wp-content\/uploads\/2014\/05\/Plaza1.jpg?resize=400%2C303&amp;ssl=1 400w\" sizes=\"auto, (max-width: 529px) 100vw, 529px\" \/><\/a><figcaption id=\"caption-attachment-46264\" class=\"wp-caption-text\">El centro de Santa Mar\u00eda tendr\u00e1 un nuevo rostro para acoger a sus vecinos y vecinas y para recibir a todos quienes visitan esta encantadora tierra\u201d, coment\u00f3 Zurita.<\/figcaption><\/figure>\n<p><strong>SANTA MAR\u00cdA<\/strong>.- Acompa\u00f1ado de parte del equipo t\u00e9cnico de la municipalidad y del Jefe de Obras de la empresa que tiene a cargo dicho proyecto, la m\u00e1xima autoridad efectu\u00f3 un completo recorrido por la Plaza de Armas, visitando cada uno de los sectores y principalmente las nuevas e innovadoras estructuras que se est\u00e1n levantando.<\/p>\n<p>Claudio Zurita se mostr\u00f3 muy contento con este renovado rostro que pudo encontrar en su recorrido, pero principalmente por el progreso de las obras, \u201cme siento muy feliz por lo hermosa que est\u00e1 quedando nuestra Plaza de Armas, con sus amplios jardines, con nuevas construcciones, con una gran utilizaci\u00f3n del espacio y con trabajos muy avanzados, sin duda en el corto plazo ya estaremos entreg\u00e1ndola a la comunidad. El centro de Santa Mar\u00eda tendr\u00e1 un nuevo rostro para acoger a sus vecinos y vecinas y para recibir a todos quienes visitan esta encantadora tierra\u201d, coment\u00f3 Zurita.<\/p>\n<p>Recordemos que esta iniciativa tiene una inversi\u00f3n de m\u00e1s de $600 millones y beneficia a m\u00e1s de 14.000 habitantes de esta comuna, enmarc\u00e1ndose en el programa de rehabilitaci\u00f3n de Espacios P\u00fablicos del Ministerio de Vivienda y Urbanismo.<\/p>\n<p>&nbsp;<\/p>\n","protected":false},"excerpt":{"rendered":"<p>SANTA MAR\u00cdA.- Acompa\u00f1ado de parte del equipo t\u00e9cnico de la municipalidad y del Jefe de Obras de la empresa que tiene a cargo dicho proyecto, la m\u00e1xima autoridad efectu\u00f3 un completo recorrido&#8230;<\/p>\n","protected":false},"author":482,"featured_media":46264,"comment_status":"open","ping_status":"closed","sticky":false,"template":"","format":"standard","meta":{"advanced_seo_description":"","jetpack_seo_html_title":"","jetpack_seo_noindex":false,"_jetpack_memberships_contains_paid_content":false,"footnotes":""},"categories":[1],"tags":[],"class_list":["post-46263","post","type-post","status-publish","format-standard","has-post-thumbnail","hentry","category-cronica"],"jetpack_featured_media_url":"https:\/\/i0.wp.com\/eltrabajo.cl\/portal\/wp-content\/uploads\/2014\/05\/Plaza1.jpg?fit=529%2C401&ssl=1","jetpack_sharing_enabled":true,"jetpack_likes_enabled":true,"jetpack-related-posts":[],"_links":{"self":[{"href":"https:\/\/eltrabajo.cl\/portal\/wp-json\/wp\/v2\/posts\/46263","targetHints":{"allow":["GET"]}}],"collection":[{"href":"https:\/\/eltrabajo.cl\/portal\/wp-json\/wp\/v2\/posts"}],"about":[{"href":"https:\/\/eltrabajo.cl\/portal\/wp-json\/wp\/v2\/types\/post"}],"author":[{"embeddable":true,"href":"https:\/\/eltrabajo.cl\/portal\/wp-json\/wp\/v2\/users\/482"}],"replies":[{"embeddable":true,"href":"https:\/\/eltrabajo.cl\/portal\/wp-json\/wp\/v2\/comments?post=46263"}],"version-history":[{"count":0,"href":"https:\/\/eltrabajo.cl\/portal\/wp-json\/wp\/v2\/posts\/46263\/revisions"}],"wp:featuredmedia":[{"embeddable":true,"href":"https:\/\/eltrabajo.cl\/portal\/wp-json\/wp\/v2\/media\/46264"}],"wp:attachment":[{"href":"https:\/\/eltrabajo.cl\/portal\/wp-json\/wp\/v2\/media?parent=46263"}],"wp:term":[{"taxonomy":"category","embeddable":true,"href":"https:\/\/eltrabajo.cl\/portal\/wp-json\/wp\/v2\/categories?post=46263"},{"taxonomy":"post_tag","embeddable":true,"href":"https:\/\/eltrabajo.cl\/portal\/wp-json\/wp\/v2\/tags?post=46263"}],"curies":[{"name":"wp","href":"https:\/\/api.w.org\/{rel}","templated":true}]}}