{"id":46266,"date":"2014-05-07T10:03:32","date_gmt":"2014-05-07T14:03:32","guid":{"rendered":"http:\/\/www.eltrabajo.cl\/portal\/?p=46266"},"modified":"2014-05-07T10:03:32","modified_gmt":"2014-05-07T14:03:32","slug":"cuerpos-de-emergencia-con-nota-7-en-simulacro-de-incendio-y-terremoto","status":"publish","type":"post","link":"https:\/\/eltrabajo.cl\/portal\/cuerpos-de-emergencia-con-nota-7-en-simulacro-de-incendio-y-terremoto\/","title":{"rendered":"Cuerpos de emergencia con Nota 7 en simulacro de Incendio y Terremoto"},"content":{"rendered":"<figure id=\"attachment_46267\" aria-describedby=\"caption-attachment-46267\" style=\"width: 529px\" class=\"wp-caption alignnone\"><a href=\"https:\/\/i0.wp.com\/www.eltrabajo.cl\/portal\/wp-content\/uploads\/2014\/05\/Llamas1.jpg\"><img data-recalc-dims=\"1\" loading=\"lazy\" decoding=\"async\" class=\"size-full wp-image-46267\" alt=\"EL FUEGO.- Los Caballeros del Fuego tambi\u00e9n hicieron lo suyo para controlar el fuego al interior de la unidad penitenciaria.\" src=\"https:\/\/i0.wp.com\/www.eltrabajo.cl\/portal\/wp-content\/uploads\/2014\/05\/Llamas1.jpg?resize=529%2C358\" width=\"529\" height=\"358\" srcset=\"https:\/\/i0.wp.com\/eltrabajo.cl\/portal\/wp-content\/uploads\/2014\/05\/Llamas1.jpg?w=529&amp;ssl=1 529w, https:\/\/i0.wp.com\/eltrabajo.cl\/portal\/wp-content\/uploads\/2014\/05\/Llamas1.jpg?resize=200%2C135&amp;ssl=1 200w, https:\/\/i0.wp.com\/eltrabajo.cl\/portal\/wp-content\/uploads\/2014\/05\/Llamas1.jpg?resize=300%2C203&amp;ssl=1 300w, https:\/\/i0.wp.com\/eltrabajo.cl\/portal\/wp-content\/uploads\/2014\/05\/Llamas1.jpg?resize=150%2C101&amp;ssl=1 150w, https:\/\/i0.wp.com\/eltrabajo.cl\/portal\/wp-content\/uploads\/2014\/05\/Llamas1.jpg?resize=400%2C270&amp;ssl=1 400w\" sizes=\"auto, (max-width: 529px) 100vw, 529px\" \/><\/a><figcaption id=\"caption-attachment-46267\" class=\"wp-caption-text\">EL FUEGO.- Los Caballeros del Fuego tambi\u00e9n hicieron lo suyo para controlar el fuego al interior de la unidad penitenciaria.<\/figcaption><\/figure>\n<p>Este martes a las 12:30 horas y en el marco de dar cumplimiento a las Metas de Incentivo Colectivo a\u00f1o 2014, se llev\u00f3 a efecto un Simulacro de Terremoto e Incendio, que afect\u00f3 al Centro de Cumplimiento Penitenciario de San Felipe, debiendo evacuar al total de la poblaci\u00f3n penal tanto de imputados como condenados, participando en este simulacro las diferentes instituciones de apoyo ante situaciones cr\u00edticas, tales como Bomberos, Carabineros, Polic\u00eda de Investigaciones, Gobernaci\u00f3n, Samu y la Onemi, donde se evaluaron los tiempos de respuesta de cada instituci\u00f3n de apoyo, dando por finalizado el simulacro a las 12:50 horas, el que resulto exitoso.<\/p>\n<p>Una vez concluido el simulacro, el Alcaide del CEC San Felipe, Mayor Andr\u00e9s Romero, sostuvo que \u201clos simulacros que se realizan van en directo beneficio de las personas privadas de libertad, con el objetivo principal de salvaguardar la integridad f\u00edsica e incluso la vida de estos, permiti\u00e9ndonos adem\u00e1s detectar las falencias que se presentaron durante el simulacro a fin de subs\u00e1nalas y estar preparados de la mejor manera ante una emergencia real\u201d, detall\u00f3 Romero.<\/p>\n<div class=\"tiled-gallery type-rectangular tiled-gallery-unresized\" data-original-width=\"640\" data-carousel-extra='null' itemscope itemtype=\"http:\/\/schema.org\/ImageGallery\" > <div class=\"gallery-row\" style=\"width: 640px; height: 369px;\" data-original-width=\"640\" data-original-height=\"369\" > <div class=\"gallery-group images-1\" style=\"width: 369px; height: 369px;\" data-original-width=\"369\" data-original-height=\"369\" > <div class=\"tiled-gallery-item tiled-gallery-item-large\" itemprop=\"associatedMedia\" itemscope itemtype=\"http:\/\/schema.org\/ImageObject\"> <a href=\"https:\/\/eltrabajo.cl\/portal\/cuerpos-de-emergencia-con-nota-7-en-simulacro-de-incendio-y-terremoto\/andres-romero-3\/\" border=\"0\" itemprop=\"url\"> <meta itemprop=\"width\" content=\"365\"> <meta itemprop=\"height\" content=\"365\"> <img decoding=\"async\" class=\"\" data-attachment-id=\"46268\" data-orig-file=\"https:\/\/eltrabajo.cl\/portal\/wp-content\/uploads\/2014\/05\/Andres-Romero.jpg\" data-orig-size=\"530,530\" data-comments-opened=\"1\" data-image-meta=\"{&quot;aperture&quot;:&quot;3.2&quot;,&quot;credit&quot;:&quot;&quot;,&quot;camera&quot;:&quot;DSC-H100&quot;,&quot;caption&quot;:&quot;&quot;,&quot;created_timestamp&quot;:&quot;1330454637&quot;,&quot;copyright&quot;:&quot;Copyright 2009&quot;,&quot;focal_length&quot;:&quot;5.2&quot;,&quot;iso&quot;:&quot;200&quot;,&quot;shutter_speed&quot;:&quot;0.0125&quot;,&quot;title&quot;:&quot;&quot;}\" data-image-title=\"Andres Romero\" data-image-description=\"&lt;p&gt;Alcaide del CEC San Felipe, Mayor Andr\u00e9s Romero.&lt;\/p&gt; \" data-medium-file=\"https:\/\/i0.wp.com\/eltrabajo.cl\/portal\/wp-content\/uploads\/2014\/05\/Andres-Romero.jpg?fit=300%2C300&#038;ssl=1\" data-large-file=\"https:\/\/i0.wp.com\/eltrabajo.cl\/portal\/wp-content\/uploads\/2014\/05\/Andres-Romero.jpg?fit=530%2C530&#038;ssl=1\" src=\"https:\/\/i0.wp.com\/eltrabajo.cl\/portal\/wp-content\/uploads\/2014\/05\/Andres-Romero.jpg?w=365&#038;h=365&#038;crop=1&#038;ssl=1\" srcset=\"https:\/\/i0.wp.com\/eltrabajo.cl\/portal\/wp-content\/uploads\/2014\/05\/Andres-Romero.jpg?w=530&amp;ssl=1 530w, https:\/\/i0.wp.com\/eltrabajo.cl\/portal\/wp-content\/uploads\/2014\/05\/Andres-Romero.jpg?resize=150%2C150&amp;ssl=1 150w, https:\/\/i0.wp.com\/eltrabajo.cl\/portal\/wp-content\/uploads\/2014\/05\/Andres-Romero.jpg?resize=300%2C300&amp;ssl=1 300w, https:\/\/i0.wp.com\/eltrabajo.cl\/portal\/wp-content\/uploads\/2014\/05\/Andres-Romero.jpg?resize=400%2C400&amp;ssl=1 400w\" width=\"365\" height=\"365\" loading=\"lazy\" data-original-width=\"365\" data-original-height=\"365\" itemprop=\"http:\/\/schema.org\/image\" title=\"Andres Romero\" alt=\"Alcaide del CEC San Felipe, Mayor Andr\u00e9s Romero.\" style=\"width: 365px; height: 365px;\" \/> <\/a> <div class=\"tiled-gallery-caption\" itemprop=\"caption description\"> Alcaide del CEC San Felipe, Mayor Andr\u00e9s Romero. <\/div> <\/div> <\/div> <!-- close group --> <div class=\"gallery-group images-2\" style=\"width: 271px; height: 369px;\" data-original-width=\"271\" data-original-height=\"369\" > <div class=\"tiled-gallery-item tiled-gallery-item-large\" itemprop=\"associatedMedia\" itemscope itemtype=\"http:\/\/schema.org\/ImageObject\"> <a href=\"https:\/\/eltrabajo.cl\/portal\/cuerpos-de-emergencia-con-nota-7-en-simulacro-de-incendio-y-terremoto\/grua1\/\" border=\"0\" itemprop=\"url\"> <meta itemprop=\"width\" content=\"267\"> <meta itemprop=\"height\" content=\"181\"> <img decoding=\"async\" class=\"\" data-attachment-id=\"46269\" data-orig-file=\"https:\/\/eltrabajo.cl\/portal\/wp-content\/uploads\/2014\/05\/Grua1.jpg\" data-orig-size=\"529,358\" data-comments-opened=\"1\" data-image-meta=\"{&quot;aperture&quot;:&quot;10&quot;,&quot;credit&quot;:&quot;&quot;,&quot;camera&quot;:&quot;Canon EOS REBEL T2i&quot;,&quot;caption&quot;:&quot;&quot;,&quot;created_timestamp&quot;:&quot;1399385070&quot;,&quot;copyright&quot;:&quot;&quot;,&quot;focal_length&quot;:&quot;24&quot;,&quot;iso&quot;:&quot;100&quot;,&quot;shutter_speed&quot;:&quot;0.005&quot;,&quot;title&quot;:&quot;&quot;}\" data-image-title=\"Grua1\" data-image-description=\"&lt;p&gt;LA GR\u00daA.- Esta enorme gr\u00faa habilit\u00f3 el agua a\u00e9rea y sonda de observaci\u00f3n del inmueble, acciones dirigidas a dar soluci\u00f3n r\u00e1pida a esta clase de situaciones.&lt;\/p&gt; \" data-medium-file=\"https:\/\/i0.wp.com\/eltrabajo.cl\/portal\/wp-content\/uploads\/2014\/05\/Grua1.jpg?fit=300%2C203&#038;ssl=1\" data-large-file=\"https:\/\/i0.wp.com\/eltrabajo.cl\/portal\/wp-content\/uploads\/2014\/05\/Grua1.jpg?fit=529%2C358&#038;ssl=1\" src=\"https:\/\/i0.wp.com\/eltrabajo.cl\/portal\/wp-content\/uploads\/2014\/05\/Grua1.jpg?w=267&#038;h=181&#038;ssl=1\" srcset=\"https:\/\/i0.wp.com\/eltrabajo.cl\/portal\/wp-content\/uploads\/2014\/05\/Grua1.jpg?w=529&amp;ssl=1 529w, https:\/\/i0.wp.com\/eltrabajo.cl\/portal\/wp-content\/uploads\/2014\/05\/Grua1.jpg?resize=200%2C135&amp;ssl=1 200w, https:\/\/i0.wp.com\/eltrabajo.cl\/portal\/wp-content\/uploads\/2014\/05\/Grua1.jpg?resize=300%2C203&amp;ssl=1 300w, https:\/\/i0.wp.com\/eltrabajo.cl\/portal\/wp-content\/uploads\/2014\/05\/Grua1.jpg?resize=150%2C101&amp;ssl=1 150w, https:\/\/i0.wp.com\/eltrabajo.cl\/portal\/wp-content\/uploads\/2014\/05\/Grua1.jpg?resize=400%2C270&amp;ssl=1 400w\" width=\"267\" height=\"181\" loading=\"lazy\" data-original-width=\"267\" data-original-height=\"181\" itemprop=\"http:\/\/schema.org\/image\" title=\"Grua1\" alt=\"LA GR\u00daA.- Esta enorme gr\u00faa habilit\u00f3 el agua a\u00e9rea y sonda de observaci\u00f3n del inmueble, acciones dirigidas a dar soluci\u00f3n r\u00e1pida a esta clase de situaciones.\" style=\"width: 267px; height: 181px;\" \/> <\/a> <div class=\"tiled-gallery-caption\" itemprop=\"caption description\"> LA GR\u00daA.- Esta enorme gr\u00faa habilit\u00f3 el agua a\u00e9rea y sonda de observaci\u00f3n del inmueble, acciones dirigidas a dar soluci\u00f3n r\u00e1pida a esta clase de situaciones. <\/div> <\/div> <div class=\"tiled-gallery-item tiled-gallery-item-large\" itemprop=\"associatedMedia\" itemscope itemtype=\"http:\/\/schema.org\/ImageObject\"> <a href=\"https:\/\/eltrabajo.cl\/portal\/cuerpos-de-emergencia-con-nota-7-en-simulacro-de-incendio-y-terremoto\/herido1-4\/\" border=\"0\" itemprop=\"url\"> <meta itemprop=\"width\" content=\"267\"> <meta itemprop=\"height\" content=\"180\"> <img decoding=\"async\" class=\"\" data-attachment-id=\"46270\" data-orig-file=\"https:\/\/eltrabajo.cl\/portal\/wp-content\/uploads\/2014\/05\/Herido1.jpg\" data-orig-size=\"529,358\" data-comments-opened=\"1\" data-image-meta=\"{&quot;aperture&quot;:&quot;10&quot;,&quot;credit&quot;:&quot;&quot;,&quot;camera&quot;:&quot;Canon EOS REBEL T2i&quot;,&quot;caption&quot;:&quot;&quot;,&quot;created_timestamp&quot;:&quot;1399384641&quot;,&quot;copyright&quot;:&quot;&quot;,&quot;focal_length&quot;:&quot;53&quot;,&quot;iso&quot;:&quot;400&quot;,&quot;shutter_speed&quot;:&quot;0.005&quot;,&quot;title&quot;:&quot;&quot;}\" data-image-title=\"Herido1\" data-image-description=\"&lt;p&gt;LOS HERIDOS.- Este martes a las 12:30 horas y en el marco de dar cumplimiento a las Metas de Incentivo Colectivo a\u00f1o 2014, se realiz\u00f3 un complejo simulacro en el CEC San Felipe.&lt;\/p&gt; \" data-medium-file=\"https:\/\/i0.wp.com\/eltrabajo.cl\/portal\/wp-content\/uploads\/2014\/05\/Herido1.jpg?fit=300%2C203&#038;ssl=1\" data-large-file=\"https:\/\/i0.wp.com\/eltrabajo.cl\/portal\/wp-content\/uploads\/2014\/05\/Herido1.jpg?fit=529%2C358&#038;ssl=1\" src=\"https:\/\/i0.wp.com\/eltrabajo.cl\/portal\/wp-content\/uploads\/2014\/05\/Herido1.jpg?w=267&#038;h=180&#038;ssl=1\" srcset=\"https:\/\/i0.wp.com\/eltrabajo.cl\/portal\/wp-content\/uploads\/2014\/05\/Herido1.jpg?w=529&amp;ssl=1 529w, https:\/\/i0.wp.com\/eltrabajo.cl\/portal\/wp-content\/uploads\/2014\/05\/Herido1.jpg?resize=200%2C135&amp;ssl=1 200w, https:\/\/i0.wp.com\/eltrabajo.cl\/portal\/wp-content\/uploads\/2014\/05\/Herido1.jpg?resize=300%2C203&amp;ssl=1 300w, https:\/\/i0.wp.com\/eltrabajo.cl\/portal\/wp-content\/uploads\/2014\/05\/Herido1.jpg?resize=150%2C101&amp;ssl=1 150w, https:\/\/i0.wp.com\/eltrabajo.cl\/portal\/wp-content\/uploads\/2014\/05\/Herido1.jpg?resize=400%2C270&amp;ssl=1 400w\" width=\"267\" height=\"180\" loading=\"lazy\" data-original-width=\"267\" data-original-height=\"180\" itemprop=\"http:\/\/schema.org\/image\" title=\"Herido1\" alt=\"LOS HERIDOS.- Este martes a las 12:30 horas y en el marco de dar cumplimiento a las Metas de Incentivo Colectivo a\u00f1o 2014, se realiz\u00f3 un complejo simulacro en el CEC San Felipe.\" style=\"width: 267px; height: 180px;\" \/> <\/a> <div class=\"tiled-gallery-caption\" itemprop=\"caption description\"> LOS HERIDOS.- Este martes a las 12:30 horas y en el marco de dar cumplimiento a las Metas de Incentivo Colectivo a\u00f1o 2014, se realiz\u00f3 un complejo simulacro en el CEC San Felipe. <\/div> <\/div> <\/div> <!-- close group --> <\/div> <!-- close row --> <\/div>\n","protected":false},"excerpt":{"rendered":"<p>Este martes a las 12:30 horas y en el marco de dar cumplimiento a las Metas de Incentivo Colectivo a\u00f1o 2014, se llev\u00f3 a efecto un Simulacro de Terremoto e Incendio, que&#8230;<\/p>\n","protected":false},"author":482,"featured_media":46267,"comment_status":"open","ping_status":"closed","sticky":false,"template":"","format":"standard","meta":{"advanced_seo_description":"","jetpack_seo_html_title":"","jetpack_seo_noindex":false,"_jetpack_memberships_contains_paid_content":false,"footnotes":""},"categories":[15],"tags":[],"class_list":["post-46266","post","type-post","status-publish","format-standard","has-post-thumbnail","hentry","category-comunidad"],"jetpack_featured_media_url":"https:\/\/i0.wp.com\/eltrabajo.cl\/portal\/wp-content\/uploads\/2014\/05\/Llamas1.jpg?fit=529%2C358&ssl=1","jetpack_sharing_enabled":true,"jetpack_likes_enabled":true,"jetpack-related-posts":[],"_links":{"self":[{"href":"https:\/\/eltrabajo.cl\/portal\/wp-json\/wp\/v2\/posts\/46266","targetHints":{"allow":["GET"]}}],"collection":[{"href":"https:\/\/eltrabajo.cl\/portal\/wp-json\/wp\/v2\/posts"}],"about":[{"href":"https:\/\/eltrabajo.cl\/portal\/wp-json\/wp\/v2\/types\/post"}],"author":[{"embeddable":true,"href":"https:\/\/eltrabajo.cl\/portal\/wp-json\/wp\/v2\/users\/482"}],"replies":[{"embeddable":true,"href":"https:\/\/eltrabajo.cl\/portal\/wp-json\/wp\/v2\/comments?post=46266"}],"version-history":[{"count":0,"href":"https:\/\/eltrabajo.cl\/portal\/wp-json\/wp\/v2\/posts\/46266\/revisions"}],"wp:featuredmedia":[{"embeddable":true,"href":"https:\/\/eltrabajo.cl\/portal\/wp-json\/wp\/v2\/media\/46267"}],"wp:attachment":[{"href":"https:\/\/eltrabajo.cl\/portal\/wp-json\/wp\/v2\/media?parent=46266"}],"wp:term":[{"taxonomy":"category","embeddable":true,"href":"https:\/\/eltrabajo.cl\/portal\/wp-json\/wp\/v2\/categories?post=46266"},{"taxonomy":"post_tag","embeddable":true,"href":"https:\/\/eltrabajo.cl\/portal\/wp-json\/wp\/v2\/tags?post=46266"}],"curies":[{"name":"wp","href":"https:\/\/api.w.org\/{rel}","templated":true}]}}