{"id":46273,"date":"2014-05-07T10:04:30","date_gmt":"2014-05-07T14:04:30","guid":{"rendered":"http:\/\/www.eltrabajo.cl\/portal\/?p=46273"},"modified":"2014-05-07T10:04:30","modified_gmt":"2014-05-07T14:04:30","slug":"sindicato-3-de-cormercanica-no-tuvo-participacion-en-robo-masivo","status":"publish","type":"post","link":"https:\/\/eltrabajo.cl\/portal\/sindicato-3-de-cormercanica-no-tuvo-participacion-en-robo-masivo\/","title":{"rendered":"Sindicato 3 de Cormerc\u00e1nica no tuvo participaci\u00f3n en robo masivo"},"content":{"rendered":"<figure id=\"attachment_46274\" aria-describedby=\"caption-attachment-46274\" style=\"width: 529px\" class=\"wp-caption alignnone\"><a href=\"https:\/\/i0.wp.com\/www.eltrabajo.cl\/portal\/wp-content\/uploads\/2014\/05\/Cam31.jpg\"><img data-recalc-dims=\"1\" loading=\"lazy\" decoding=\"async\" class=\"size-full wp-image-46274\" alt=\"Tras caer los materiales a la calle, \u00e9stos fueron r\u00e1pidamente sustra\u00eddos por trabajadores del sindicato 1 de Cormerc\u00e1nica.\" src=\"https:\/\/i0.wp.com\/www.eltrabajo.cl\/portal\/wp-content\/uploads\/2014\/05\/Cam31.jpg?resize=529%2C347\" width=\"529\" height=\"347\" srcset=\"https:\/\/i0.wp.com\/eltrabajo.cl\/portal\/wp-content\/uploads\/2014\/05\/Cam31.jpg?w=529&amp;ssl=1 529w, https:\/\/i0.wp.com\/eltrabajo.cl\/portal\/wp-content\/uploads\/2014\/05\/Cam31.jpg?resize=200%2C131&amp;ssl=1 200w, https:\/\/i0.wp.com\/eltrabajo.cl\/portal\/wp-content\/uploads\/2014\/05\/Cam31.jpg?resize=300%2C196&amp;ssl=1 300w, https:\/\/i0.wp.com\/eltrabajo.cl\/portal\/wp-content\/uploads\/2014\/05\/Cam31.jpg?resize=150%2C98&amp;ssl=1 150w, https:\/\/i0.wp.com\/eltrabajo.cl\/portal\/wp-content\/uploads\/2014\/05\/Cam31.jpg?resize=400%2C262&amp;ssl=1 400w\" sizes=\"auto, (max-width: 529px) 100vw, 529px\" \/><\/a><figcaption id=\"caption-attachment-46274\" class=\"wp-caption-text\">Tras caer los materiales a la calle, \u00e9stos fueron r\u00e1pidamente sustra\u00eddos por trabajadores del sindicato 1 de Cormerc\u00e1nica.<\/figcaption><\/figure>\n<p>Su profundo rechazo a los hechos ocurridos la noche del pasado jueves 1\u00ba de mayo, expres\u00f3 el Presidente del Sindicato N\u00ba 3 de Cormerc\u00e1nica, Luis Malbr\u00e1n, quien se\u00f1al\u00f3 que el incidente afecta solamente a una parte de los trabajadores del Sindicato N\u00ba1 de dicha empresa, y no al que \u00e9l representa y que es el n\u00famero tres.<\/p>\n<p>Seg\u00fan indic\u00f3 Malbr\u00e1n, la noche del incidente se desarrollaba una fiesta exclusiva de los trabajadores del sindicato N\u00ba1, mismo que agrupa a los operadores, en tanto en el sindicato N\u00ba3 hay administrativos y especialistas, quienes nada tuvieron que ver con los lamentables hechos.<\/p>\n<p>Asimismo Luis Malbr\u00e1n hizo ver la nula responsabilidad que ha asumido la empresa inmobiliaria que se vio afectada con el robo, por cuanto, dijo que \u00abfue muy grave lo que pas\u00f3 ese d\u00eda, al caerse la muralla hacia la calle, porque de haber sido de d\u00eda habr\u00eda sido otra desgracia mucho mayor de la que ahora se estar\u00eda hablando\u00bb.<\/p>\n<p>Respecto a eventuales castigos para los trabajadores que se vieron envueltos en el incidente, Malbr\u00e1n dijo que no sab\u00eda qu\u00e9 medidas adoptar\u00eda la empresa, pero que lo que a \u00e9l le importaba era dejar en claro que el sindicato 3 no tuvo nada que ver en los hechos.<\/p>\n<p>Como se recordar\u00e1, los hechos se registraron la noche del 1 de mayo cuando producto del fuerte viento reinante en la zona, se desprendi\u00f3 el panel de una bodega en altura, cayendo hacia la calle una gran cantidad de materiales de construcci\u00f3n nuevos que fueron r\u00e1pidamente sustra\u00eddos por una cincuentena de trabajadores que participaba de una fiesta al interior del Sindicato Comerc\u00e1nica, ubicado a un costado del edificio en construcci\u00f3n, quienes comenzaron a llevarse los materiales, incluso carg\u00e1ndolos en sus propios veh\u00edculos. Sin embargo, los trabajadores no se percataron que estaban siendo grabados por las c\u00e1maras de seguridad que la empresa instal\u00f3 frente a la obra.<\/p>\n","protected":false},"excerpt":{"rendered":"<p>Su profundo rechazo a los hechos ocurridos la noche del pasado jueves 1\u00ba de mayo, expres\u00f3 el Presidente del Sindicato N\u00ba 3 de Cormerc\u00e1nica, Luis Malbr\u00e1n, quien se\u00f1al\u00f3 que el incidente afecta&#8230;<\/p>\n","protected":false},"author":482,"featured_media":46274,"comment_status":"open","ping_status":"closed","sticky":false,"template":"","format":"standard","meta":{"advanced_seo_description":"","jetpack_seo_html_title":"","jetpack_seo_noindex":false,"_jetpack_memberships_contains_paid_content":false,"footnotes":""},"categories":[15],"tags":[],"class_list":["post-46273","post","type-post","status-publish","format-standard","has-post-thumbnail","hentry","category-comunidad"],"jetpack_featured_media_url":"https:\/\/i0.wp.com\/eltrabajo.cl\/portal\/wp-content\/uploads\/2014\/05\/Cam31.jpg?fit=529%2C347&ssl=1","jetpack_sharing_enabled":true,"jetpack_likes_enabled":true,"jetpack-related-posts":[],"_links":{"self":[{"href":"https:\/\/eltrabajo.cl\/portal\/wp-json\/wp\/v2\/posts\/46273","targetHints":{"allow":["GET"]}}],"collection":[{"href":"https:\/\/eltrabajo.cl\/portal\/wp-json\/wp\/v2\/posts"}],"about":[{"href":"https:\/\/eltrabajo.cl\/portal\/wp-json\/wp\/v2\/types\/post"}],"author":[{"embeddable":true,"href":"https:\/\/eltrabajo.cl\/portal\/wp-json\/wp\/v2\/users\/482"}],"replies":[{"embeddable":true,"href":"https:\/\/eltrabajo.cl\/portal\/wp-json\/wp\/v2\/comments?post=46273"}],"version-history":[{"count":0,"href":"https:\/\/eltrabajo.cl\/portal\/wp-json\/wp\/v2\/posts\/46273\/revisions"}],"wp:featuredmedia":[{"embeddable":true,"href":"https:\/\/eltrabajo.cl\/portal\/wp-json\/wp\/v2\/media\/46274"}],"wp:attachment":[{"href":"https:\/\/eltrabajo.cl\/portal\/wp-json\/wp\/v2\/media?parent=46273"}],"wp:term":[{"taxonomy":"category","embeddable":true,"href":"https:\/\/eltrabajo.cl\/portal\/wp-json\/wp\/v2\/categories?post=46273"},{"taxonomy":"post_tag","embeddable":true,"href":"https:\/\/eltrabajo.cl\/portal\/wp-json\/wp\/v2\/tags?post=46273"}],"curies":[{"name":"wp","href":"https:\/\/api.w.org\/{rel}","templated":true}]}}