{"id":46306,"date":"2014-05-08T09:19:53","date_gmt":"2014-05-08T13:19:53","guid":{"rendered":"http:\/\/www.eltrabajo.cl\/portal\/?p=46306"},"modified":"2014-05-08T09:19:53","modified_gmt":"2014-05-08T13:19:53","slug":"seminario-en-los-andes-analiza-impacto-de-la-reforma-tributaria","status":"publish","type":"post","link":"https:\/\/eltrabajo.cl\/portal\/seminario-en-los-andes-analiza-impacto-de-la-reforma-tributaria\/","title":{"rendered":"Seminario en Los Andes analiza impacto de la Reforma Tributaria"},"content":{"rendered":"<figure id=\"attachment_46307\" aria-describedby=\"caption-attachment-46307\" style=\"width: 529px\" class=\"wp-caption alignnone\"><a href=\"https:\/\/i0.wp.com\/www.eltrabajo.cl\/portal\/wp-content\/uploads\/2014\/05\/bachelet-hacienda.jpg\"><img data-recalc-dims=\"1\" loading=\"lazy\" decoding=\"async\" class=\"size-full wp-image-46307\" alt=\"En la foto de archivo la Presidenta Michelle Bachelet junto a su ministro de Hacienda Alberto Arenas, dando a conocer la pol\u00e9mica Reforma Tributaria.\" src=\"https:\/\/i0.wp.com\/www.eltrabajo.cl\/portal\/wp-content\/uploads\/2014\/05\/bachelet-hacienda.jpg?resize=529%2C327\" width=\"529\" height=\"327\" srcset=\"https:\/\/i0.wp.com\/eltrabajo.cl\/portal\/wp-content\/uploads\/2014\/05\/bachelet-hacienda.jpg?w=529&amp;ssl=1 529w, https:\/\/i0.wp.com\/eltrabajo.cl\/portal\/wp-content\/uploads\/2014\/05\/bachelet-hacienda.jpg?resize=200%2C123&amp;ssl=1 200w, https:\/\/i0.wp.com\/eltrabajo.cl\/portal\/wp-content\/uploads\/2014\/05\/bachelet-hacienda.jpg?resize=300%2C185&amp;ssl=1 300w, https:\/\/i0.wp.com\/eltrabajo.cl\/portal\/wp-content\/uploads\/2014\/05\/bachelet-hacienda.jpg?resize=150%2C92&amp;ssl=1 150w, https:\/\/i0.wp.com\/eltrabajo.cl\/portal\/wp-content\/uploads\/2014\/05\/bachelet-hacienda.jpg?resize=400%2C247&amp;ssl=1 400w\" sizes=\"auto, (max-width: 529px) 100vw, 529px\" \/><\/a><figcaption id=\"caption-attachment-46307\" class=\"wp-caption-text\">En la foto de archivo la Presidenta Michelle Bachelet junto a su ministro de Hacienda Alberto Arenas, dando a conocer la pol\u00e9mica Reforma Tributaria.<\/figcaption><\/figure>\n<ul>\n<li><strong>Actividad se desarrollar\u00e1 en el Casino Enjoy y tiene como objetivo presentar aquellos aspectos que son claves para el mundo empresarial.<\/strong><\/li>\n<\/ul>\n<p>Una invitaci\u00f3n a sus clientes y a todos los interesados en participar en el seminario \u201cPrepar\u00e1ndonos para los cambios 2014\u201d, formul\u00f3 la empresa consultora en inversiones Rodr\u00edguez y Asociados, cuyo objetivo es analizar los aspectos clave de la nueva Reforma Tributaria y la correcta formaci\u00f3n de empresas familiares.<\/p>\n<p>La actividad se desarrollar\u00e1 este jueves 8 de mayo en el casino Enjoy Rinconada de Los Andes, a las 18 horas, y contar\u00e1 con el reconocido expositor Alfonso Kutz Bustos, abogado de la Universidad de los Andes, encargado de supervisar el an\u00e1lisis y desarrollo estrat\u00e9gico de la reorganizaci\u00f3n de las compa\u00f1\u00edas, especialmente de empresas familiares.<\/p>\n<p>La Reforma Tributaria impulsada por el Gobierno de la Presidenta Michelle Bachelet, tiene como objetivo aumentar la carga tributaria para mejorar la distribuci\u00f3n del ingreso y este seminario busca aportar al desarrollo de espacios de debate que reflejen con claridad cu\u00e1les ser\u00e1n los efectos de dicha iniciativa en el mundo empresarial.<\/p>\n<p>La consultora de inversi\u00f3n Rodr\u00edguez y Asociados cuenta con 10 a\u00f1os de experiencia en el mercado y se especializa en la administraci\u00f3n de inversiones de alto patrimonio. Su misi\u00f3n es entregar una experiencia de inversi\u00f3n de m\u00e1xima calidad a sus clientes y, debido a ello, se ha preocupado de generar seminarios que expongan sobre los temas de coyuntura y aspectos claves para sus clientes.<\/p>\n<p>Al seminario asistir\u00e1n importantes clientes del rubro minero, empresarios y familias inversionistas.<\/p>\n<p>&nbsp;<\/p>\n","protected":false},"excerpt":{"rendered":"<p>Actividad se desarrollar\u00e1 en el Casino Enjoy y tiene como objetivo presentar aquellos aspectos que son claves para el mundo empresarial. Una invitaci\u00f3n a sus clientes y a todos los interesados en&#8230;<\/p>\n","protected":false},"author":482,"featured_media":46307,"comment_status":"open","ping_status":"closed","sticky":false,"template":"","format":"standard","meta":{"advanced_seo_description":"","jetpack_seo_html_title":"","jetpack_seo_noindex":false,"_jetpack_memberships_contains_paid_content":false,"footnotes":""},"categories":[1],"tags":[],"class_list":["post-46306","post","type-post","status-publish","format-standard","has-post-thumbnail","hentry","category-cronica"],"jetpack_featured_media_url":"https:\/\/i0.wp.com\/eltrabajo.cl\/portal\/wp-content\/uploads\/2014\/05\/bachelet-hacienda.jpg?fit=529%2C327&ssl=1","jetpack_sharing_enabled":true,"jetpack_likes_enabled":true,"jetpack-related-posts":[],"_links":{"self":[{"href":"https:\/\/eltrabajo.cl\/portal\/wp-json\/wp\/v2\/posts\/46306","targetHints":{"allow":["GET"]}}],"collection":[{"href":"https:\/\/eltrabajo.cl\/portal\/wp-json\/wp\/v2\/posts"}],"about":[{"href":"https:\/\/eltrabajo.cl\/portal\/wp-json\/wp\/v2\/types\/post"}],"author":[{"embeddable":true,"href":"https:\/\/eltrabajo.cl\/portal\/wp-json\/wp\/v2\/users\/482"}],"replies":[{"embeddable":true,"href":"https:\/\/eltrabajo.cl\/portal\/wp-json\/wp\/v2\/comments?post=46306"}],"version-history":[{"count":0,"href":"https:\/\/eltrabajo.cl\/portal\/wp-json\/wp\/v2\/posts\/46306\/revisions"}],"wp:featuredmedia":[{"embeddable":true,"href":"https:\/\/eltrabajo.cl\/portal\/wp-json\/wp\/v2\/media\/46307"}],"wp:attachment":[{"href":"https:\/\/eltrabajo.cl\/portal\/wp-json\/wp\/v2\/media?parent=46306"}],"wp:term":[{"taxonomy":"category","embeddable":true,"href":"https:\/\/eltrabajo.cl\/portal\/wp-json\/wp\/v2\/categories?post=46306"},{"taxonomy":"post_tag","embeddable":true,"href":"https:\/\/eltrabajo.cl\/portal\/wp-json\/wp\/v2\/tags?post=46306"}],"curies":[{"name":"wp","href":"https:\/\/api.w.org\/{rel}","templated":true}]}}