{"id":46309,"date":"2014-05-08T09:21:06","date_gmt":"2014-05-08T13:21:06","guid":{"rendered":"http:\/\/www.eltrabajo.cl\/portal\/?p=46309"},"modified":"2014-05-08T09:21:06","modified_gmt":"2014-05-08T13:21:06","slug":"escuela-ema-lobos-reyes-de-panquehue-celebro-su-107o-aniversario","status":"publish","type":"post","link":"https:\/\/eltrabajo.cl\/portal\/escuela-ema-lobos-reyes-de-panquehue-celebro-su-107o-aniversario\/","title":{"rendered":"Escuela Ema Lobos Reyes de Panquehue celebr\u00f3 su 107\u00ba aniversario"},"content":{"rendered":"<figure id=\"attachment_46310\" aria-describedby=\"caption-attachment-46310\" style=\"width: 526px\" class=\"wp-caption alignnone\"><a href=\"https:\/\/i0.wp.com\/www.eltrabajo.cl\/portal\/wp-content\/uploads\/2014\/05\/esc-ema-lobos-reyes.jpg\"><img data-recalc-dims=\"1\" loading=\"lazy\" decoding=\"async\" class=\"size-full wp-image-46310\" alt=\"Los peque\u00f1os alumnos de la Escuela Ema Lobos Reyes celebraron activamente este nuevo aniversario.\" src=\"https:\/\/i0.wp.com\/www.eltrabajo.cl\/portal\/wp-content\/uploads\/2014\/05\/esc-ema-lobos-reyes.jpg?resize=526%2C183\" width=\"526\" height=\"183\" srcset=\"https:\/\/i0.wp.com\/eltrabajo.cl\/portal\/wp-content\/uploads\/2014\/05\/esc-ema-lobos-reyes.jpg?w=526&amp;ssl=1 526w, https:\/\/i0.wp.com\/eltrabajo.cl\/portal\/wp-content\/uploads\/2014\/05\/esc-ema-lobos-reyes.jpg?resize=200%2C69&amp;ssl=1 200w, https:\/\/i0.wp.com\/eltrabajo.cl\/portal\/wp-content\/uploads\/2014\/05\/esc-ema-lobos-reyes.jpg?resize=300%2C104&amp;ssl=1 300w, https:\/\/i0.wp.com\/eltrabajo.cl\/portal\/wp-content\/uploads\/2014\/05\/esc-ema-lobos-reyes.jpg?resize=150%2C52&amp;ssl=1 150w, https:\/\/i0.wp.com\/eltrabajo.cl\/portal\/wp-content\/uploads\/2014\/05\/esc-ema-lobos-reyes.jpg?resize=400%2C139&amp;ssl=1 400w\" sizes=\"auto, (max-width: 526px) 100vw, 526px\" \/><\/a><figcaption id=\"caption-attachment-46310\" class=\"wp-caption-text\">Los peque\u00f1os alumnos de la Escuela Ema Lobos Reyes celebraron activamente este nuevo aniversario.<\/figcaption><\/figure>\n<p>Alcalde Luis Pradenas destac\u00f3 logros alcanzados hasta ahora en Educaci\u00f3n, donde la totalidad de las escuelas de la comuna han logrado la nominaci\u00f3n del MINEDUC de Excelencia.<\/p>\n<p>\u201cNo es una casualidad, sino por el contrario, el resultado de un trabajo serio y dedicado, para hacer de la educaci\u00f3n municipal en Panquehue un instrumento de calidad, donde los alumnos se vean enfrentados a cambios, mejoras y su ense\u00f1anza les permita avanzar, por eso mismo, el Ministerio de Educaci\u00f3n ha entregado la nominaci\u00f3n de excelencia acad\u00e9mica, a la totalidad de las escuelas de esta comuna\u201d, con estas palabras, el alcalde Luis Pradenas, celebr\u00f3 el aniversario N\u00ba 107 de la escuela Ema Lobos Reyes.<\/p>\n<p>La ceremonia se realiz\u00f3 en el patio del establecimiento educacional y cont\u00f3 adem\u00e1s con la asistencia de la profesora Marcela Solar, una docente con 28 a\u00f1os en el colegio y seis en calidad de Directora; la jefa Administrativa del DAEM, Silvia Aguirre; los concejales Elvira Ahumada y Gonzalo Vergara, adem\u00e1s de directores de otros colegios como asimismo padres y apoderados.<\/p>\n<p>La directora de la escuela destac\u00f3 y valor\u00f3 el esfuerzo por mantener en un nivel de calidad a esta escuela, que a la fecha ha logrado aumentar su matr\u00edcula en 188 alumnos desde prekinder a octavo b\u00e1sico, lo que refleja que el esfuerzo docente est\u00e1 dando resultados.<\/p>\n<p>Alumnos de varios niveles realizaron la presentaci\u00f3n de dos n\u00fameros art\u00edsticos para coronar esta celebraci\u00f3n.<\/p>\n<p>&nbsp;<\/p>\n","protected":false},"excerpt":{"rendered":"<p>Alcalde Luis Pradenas destac\u00f3 logros alcanzados hasta ahora en Educaci\u00f3n, donde la totalidad de las escuelas de la comuna han logrado la nominaci\u00f3n del MINEDUC de Excelencia. \u201cNo es una casualidad, sino&#8230;<\/p>\n","protected":false},"author":482,"featured_media":46310,"comment_status":"open","ping_status":"closed","sticky":false,"template":"","format":"standard","meta":{"advanced_seo_description":"","jetpack_seo_html_title":"","jetpack_seo_noindex":false,"_jetpack_memberships_contains_paid_content":false,"footnotes":""},"categories":[15],"tags":[],"class_list":["post-46309","post","type-post","status-publish","format-standard","has-post-thumbnail","hentry","category-comunidad"],"jetpack_featured_media_url":"https:\/\/i0.wp.com\/eltrabajo.cl\/portal\/wp-content\/uploads\/2014\/05\/esc-ema-lobos-reyes.jpg?fit=526%2C183&ssl=1","jetpack_sharing_enabled":true,"jetpack_likes_enabled":true,"jetpack-related-posts":[],"_links":{"self":[{"href":"https:\/\/eltrabajo.cl\/portal\/wp-json\/wp\/v2\/posts\/46309","targetHints":{"allow":["GET"]}}],"collection":[{"href":"https:\/\/eltrabajo.cl\/portal\/wp-json\/wp\/v2\/posts"}],"about":[{"href":"https:\/\/eltrabajo.cl\/portal\/wp-json\/wp\/v2\/types\/post"}],"author":[{"embeddable":true,"href":"https:\/\/eltrabajo.cl\/portal\/wp-json\/wp\/v2\/users\/482"}],"replies":[{"embeddable":true,"href":"https:\/\/eltrabajo.cl\/portal\/wp-json\/wp\/v2\/comments?post=46309"}],"version-history":[{"count":0,"href":"https:\/\/eltrabajo.cl\/portal\/wp-json\/wp\/v2\/posts\/46309\/revisions"}],"wp:featuredmedia":[{"embeddable":true,"href":"https:\/\/eltrabajo.cl\/portal\/wp-json\/wp\/v2\/media\/46310"}],"wp:attachment":[{"href":"https:\/\/eltrabajo.cl\/portal\/wp-json\/wp\/v2\/media?parent=46309"}],"wp:term":[{"taxonomy":"category","embeddable":true,"href":"https:\/\/eltrabajo.cl\/portal\/wp-json\/wp\/v2\/categories?post=46309"},{"taxonomy":"post_tag","embeddable":true,"href":"https:\/\/eltrabajo.cl\/portal\/wp-json\/wp\/v2\/tags?post=46309"}],"curies":[{"name":"wp","href":"https:\/\/api.w.org\/{rel}","templated":true}]}}