{"id":46312,"date":"2014-05-08T09:23:08","date_gmt":"2014-05-08T13:23:08","guid":{"rendered":"http:\/\/www.eltrabajo.cl\/portal\/?p=46312"},"modified":"2014-05-08T09:23:08","modified_gmt":"2014-05-08T13:23:08","slug":"masiva-asistencia-a-reunion-convocada-por-regantes-del-sector-el-tartaro","status":"publish","type":"post","link":"https:\/\/eltrabajo.cl\/portal\/masiva-asistencia-a-reunion-convocada-por-regantes-del-sector-el-tartaro\/","title":{"rendered":"Masiva asistencia a reuni\u00f3n convocada por regantes del sector El T\u00e1rtaro"},"content":{"rendered":"<figure id=\"attachment_46313\" aria-describedby=\"caption-attachment-46313\" style=\"width: 528px\" class=\"wp-caption alignnone\"><a href=\"https:\/\/i0.wp.com\/www.eltrabajo.cl\/portal\/wp-content\/uploads\/2014\/05\/regantes-el-tartaro.jpg\"><img data-recalc-dims=\"1\" loading=\"lazy\" decoding=\"async\" class=\"size-full wp-image-46313\" alt=\"Gustavo Abrigo, encargado de atenci\u00f3n al usuario de la Direcci\u00f3n de Aguas V Regi\u00f3n, expuso algunos puntos de inter\u00e9s para los regantes del Canal El Tranque.\" src=\"https:\/\/i0.wp.com\/www.eltrabajo.cl\/portal\/wp-content\/uploads\/2014\/05\/regantes-el-tartaro.jpg?resize=528%2C266\" width=\"528\" height=\"266\" srcset=\"https:\/\/i0.wp.com\/eltrabajo.cl\/portal\/wp-content\/uploads\/2014\/05\/regantes-el-tartaro.jpg?w=528&amp;ssl=1 528w, https:\/\/i0.wp.com\/eltrabajo.cl\/portal\/wp-content\/uploads\/2014\/05\/regantes-el-tartaro.jpg?resize=200%2C100&amp;ssl=1 200w, https:\/\/i0.wp.com\/eltrabajo.cl\/portal\/wp-content\/uploads\/2014\/05\/regantes-el-tartaro.jpg?resize=300%2C151&amp;ssl=1 300w, https:\/\/i0.wp.com\/eltrabajo.cl\/portal\/wp-content\/uploads\/2014\/05\/regantes-el-tartaro.jpg?resize=150%2C75&amp;ssl=1 150w, https:\/\/i0.wp.com\/eltrabajo.cl\/portal\/wp-content\/uploads\/2014\/05\/regantes-el-tartaro.jpg?resize=400%2C201&amp;ssl=1 400w\" sizes=\"auto, (max-width: 528px) 100vw, 528px\" \/><\/a><figcaption id=\"caption-attachment-46313\" class=\"wp-caption-text\">Gustavo Abrigo, encargado de atenci\u00f3n al usuario de la Direcci\u00f3n de Aguas V Regi\u00f3n, expuso algunos puntos de inter\u00e9s para los regantes del Canal El Tranque.<\/figcaption><\/figure>\n<p><strong>PUTAENDO<\/strong>.- Poco m\u00e1s de 200 personas, en su mayor\u00eda regantes y agricultores, asistieron a la reuni\u00f3n convocada por los regantes del Canal El Tranque y la Junta de Vecinos de El T\u00e1rtaro que se desarroll\u00f3 en la medialuna de ese sector.<\/p>\n<p>En la actividad junto a los dirigentes del Canal El Tranque, tambi\u00e9n estuvieron presentes el Alcalde Guillermo Reyes, los concejales Sergio Zamora y Miguel Vega y el administrador municipal Fabi\u00e1n Mu\u00f1oz.<\/p>\n<p>Invitado por los regantes del Canal El Tranque, Gustavo Abrigo, encargado de atenci\u00f3n al usuario de la Direcci\u00f3n de Aguas V Regi\u00f3n, expuso algunos puntos de inter\u00e9s para los asistentes como la manera de administrar el futuro Embalse Chacrillas, el rol que cumplen los presidentes de canales y como debe funcionar una Junta de Vigilancia, sin embargo, el joven profesional, que por cierto coloc\u00f3 mucho empe\u00f1o en realizar su exposici\u00f3n, fue interrumpido en varias ocasiones con preguntas espec\u00edficas por parte de los presentes, las cuales no supo responder en forma clara, incluso el Concejal Miguel Vega pidi\u00f3 la palabra y le manifest\u00f3 que su exposici\u00f3n carec\u00eda de fundamentos t\u00e9cnicos y que comet\u00eda muchos errores en lo que le explicaba a la asamblea, por ejemplo en lo relacionado a las regularizaciones de derechos de agua que est\u00e1n entrampadas por una mala gesti\u00f3n del director regional de la DGA, Nicol\u00e1s Ureta.<\/p>\n<p>Hubo momentos en los cuales la reuni\u00f3n se torn\u00f3 desordenada y los organizadores se esmeraban por pedir a la asamblea que le permitieran al profesional de la DGA terminar su exposici\u00f3n, argumentando que lo importante era dar el primer paso a un sinn\u00famero de capacitaciones que se deben ir dando desde hoy en adelante.<\/p>\n<p>El Alcalde Guillermo Reyes, en parte de su intervenci\u00f3n valor\u00f3 la intenci\u00f3n del Canal El Tranque y de la Junta de Vecinos de El T\u00e1rtaro en haber realizado esta asamblea, e indic\u00f3 que comparte el emplazamiento del Concejal Vega y reiter\u00f3 sus cr\u00edticas hacia la gesti\u00f3n de Nicol\u00e1s Ureta, a quien apunt\u00f3 como uno de los responsables de haber entregado los derechos de agua a Colb\u00fan.<\/p>\n<p>El edil dijo que es de sentido com\u00fan darse cuenta que una gran cantidad de putaendinos no est\u00e1 de acuerdo en la forma como se administra la Junta de Vigilancia del R\u00edo Putaendo, pero que hay que ser claros y honestos en entender que de acuerdo al actual sistema de votaci\u00f3n que es por acciones, existe una alta probabilidad que contin\u00faen las mismas personas dirigiendo la JVRP, pero que lo importante es exigir una mejor y nueva administraci\u00f3n por parte de quienes dirijan sus destinos.<\/p>\n<p>Por su parte, Jos\u00e9 Miguel \u00c1lvarez dijo que hay que dar la lucha hasta el \u00faltimo e hizo un llamado a los presidentes de canales a votar por quienes realmente defiendan los intereses de todos los regantes, e indic\u00f3 que a pesar del poco tiempo que queda a\u00fan es posible cambiar lo que hist\u00f3ricamente siempre ha sido lo mismo y pidi\u00f3 que se d\u00e9 la oportunidad a personas j\u00f3venes con ideas nuevas que puedan ser un aporte para la nueva Junta de Vigilancia del R\u00edo Putaendo.<\/p>\n<p>Varios fueron los vecinos que hicieron consultas y tambi\u00e9n expusieron sus puntos de vista, y claramente parte de la organizaci\u00f3n no estuvo de acuerdo en que el Concejal Miguel Vega hiciera uso de la palabra, por lo que algunos asistentes debieron alzar su voz para que se le cediera el micr\u00f3fono al edil.<\/p>\n<p>El actual tesorero de la JVRP y concejal de la comuna, de forma directa dijo que la exposici\u00f3n del representante de la DGA hab\u00eda sido b\u00e1sica e infantil, lo que molest\u00f3 a una de las organizadoras, pero hizo un an\u00e1lisis detallado de como hoy si no se regularizan oportunamente las acciones de agua, \u00e9stas pasar\u00e1n a remate y ser\u00e1n adquiridas por los m\u00e1s poderosos de Putaendo.<\/p>\n<p>Miguel Vega adem\u00e1s critic\u00f3 duramente al actual presidente de la JVRP Jos\u00e9 Manuel C\u00e1rter, quien a su juicio no ha querido tomar en serio este tema, ha desconocido acuerdos y tambi\u00e9n indic\u00f3 que su \u00fanica intenci\u00f3n es seguir siendo el presidente de la Junta de Vigilancia en beneficio de sus intereses.<\/p>\n<p>Una reuni\u00f3n masiva que a muchos dej\u00f3 con gusto a poco, pero que con errores y aciertos fue sin lugar a dudas una importante reuni\u00f3n que congreg\u00f3 a muchos agricultores y regantes en la medialuna de El T\u00e1rtaro.<\/p>\n<p>Patricio Gallardo M.<\/p>\n<p>&nbsp;<\/p>\n","protected":false},"excerpt":{"rendered":"<p>PUTAENDO.- Poco m\u00e1s de 200 personas, en su mayor\u00eda regantes y agricultores, asistieron a la reuni\u00f3n convocada por los regantes del Canal El Tranque y la Junta de Vecinos de El T\u00e1rtaro&#8230;<\/p>\n","protected":false},"author":482,"featured_media":46313,"comment_status":"open","ping_status":"closed","sticky":false,"template":"","format":"standard","meta":{"advanced_seo_description":"","jetpack_seo_html_title":"","jetpack_seo_noindex":false,"_jetpack_memberships_contains_paid_content":false,"footnotes":""},"categories":[1],"tags":[],"class_list":["post-46312","post","type-post","status-publish","format-standard","has-post-thumbnail","hentry","category-cronica"],"jetpack_featured_media_url":"https:\/\/i0.wp.com\/eltrabajo.cl\/portal\/wp-content\/uploads\/2014\/05\/regantes-el-tartaro.jpg?fit=528%2C266&ssl=1","jetpack_sharing_enabled":true,"jetpack_likes_enabled":true,"jetpack-related-posts":[],"_links":{"self":[{"href":"https:\/\/eltrabajo.cl\/portal\/wp-json\/wp\/v2\/posts\/46312","targetHints":{"allow":["GET"]}}],"collection":[{"href":"https:\/\/eltrabajo.cl\/portal\/wp-json\/wp\/v2\/posts"}],"about":[{"href":"https:\/\/eltrabajo.cl\/portal\/wp-json\/wp\/v2\/types\/post"}],"author":[{"embeddable":true,"href":"https:\/\/eltrabajo.cl\/portal\/wp-json\/wp\/v2\/users\/482"}],"replies":[{"embeddable":true,"href":"https:\/\/eltrabajo.cl\/portal\/wp-json\/wp\/v2\/comments?post=46312"}],"version-history":[{"count":0,"href":"https:\/\/eltrabajo.cl\/portal\/wp-json\/wp\/v2\/posts\/46312\/revisions"}],"wp:featuredmedia":[{"embeddable":true,"href":"https:\/\/eltrabajo.cl\/portal\/wp-json\/wp\/v2\/media\/46313"}],"wp:attachment":[{"href":"https:\/\/eltrabajo.cl\/portal\/wp-json\/wp\/v2\/media?parent=46312"}],"wp:term":[{"taxonomy":"category","embeddable":true,"href":"https:\/\/eltrabajo.cl\/portal\/wp-json\/wp\/v2\/categories?post=46312"},{"taxonomy":"post_tag","embeddable":true,"href":"https:\/\/eltrabajo.cl\/portal\/wp-json\/wp\/v2\/tags?post=46312"}],"curies":[{"name":"wp","href":"https:\/\/api.w.org\/{rel}","templated":true}]}}