{"id":46315,"date":"2014-05-08T09:24:48","date_gmt":"2014-05-08T13:24:48","guid":{"rendered":"http:\/\/www.eltrabajo.cl\/portal\/?p=46315"},"modified":"2014-05-08T09:27:17","modified_gmt":"2014-05-08T13:27:17","slug":"realizan-charla-informativa-a-escolares-sobre-el-buen-manejo-del-gas-licuado","status":"publish","type":"post","link":"https:\/\/eltrabajo.cl\/portal\/realizan-charla-informativa-a-escolares-sobre-el-buen-manejo-del-gas-licuado\/","title":{"rendered":"Realizan charla informativa a escolares sobre el buen manejo del gas licuado"},"content":{"rendered":"<figure id=\"attachment_46317\" aria-describedby=\"caption-attachment-46317\" style=\"width: 528px\" class=\"wp-caption alignnone\"><a href=\"https:\/\/i0.wp.com\/www.eltrabajo.cl\/portal\/wp-content\/uploads\/2014\/05\/manejar-gas.jpg\"><img data-recalc-dims=\"1\" loading=\"lazy\" decoding=\"async\" class=\"size-full wp-image-46317\" alt=\"La charla de prevenci\u00f3n y seguridad busca precisamente entregar a la comunidad escolar, la informaci\u00f3n adecuada para evitar accidentes. (Foto archivo).\" src=\"https:\/\/i0.wp.com\/www.eltrabajo.cl\/portal\/wp-content\/uploads\/2014\/05\/manejar-gas.jpg?resize=528%2C335\" width=\"528\" height=\"335\" srcset=\"https:\/\/i0.wp.com\/eltrabajo.cl\/portal\/wp-content\/uploads\/2014\/05\/manejar-gas.jpg?w=528&amp;ssl=1 528w, https:\/\/i0.wp.com\/eltrabajo.cl\/portal\/wp-content\/uploads\/2014\/05\/manejar-gas.jpg?resize=200%2C126&amp;ssl=1 200w, https:\/\/i0.wp.com\/eltrabajo.cl\/portal\/wp-content\/uploads\/2014\/05\/manejar-gas.jpg?resize=300%2C190&amp;ssl=1 300w, https:\/\/i0.wp.com\/eltrabajo.cl\/portal\/wp-content\/uploads\/2014\/05\/manejar-gas.jpg?resize=150%2C95&amp;ssl=1 150w, https:\/\/i0.wp.com\/eltrabajo.cl\/portal\/wp-content\/uploads\/2014\/05\/manejar-gas.jpg?resize=400%2C253&amp;ssl=1 400w\" sizes=\"auto, (max-width: 528px) 100vw, 528px\" \/><\/a><figcaption id=\"caption-attachment-46317\" class=\"wp-caption-text\">La charla de prevenci\u00f3n y seguridad busca precisamente entregar a la comunidad escolar, la informaci\u00f3n adecuada para evitar accidentes. (Foto archivo).<\/figcaption><\/figure>\n<p>Una charla informativa con toda la comunidad de la Escuela Carmela Carvajal de Prat, fue desarrollada por personal de la empresa Lipigas ubicada en el sector de Curim\u00f3n en la comuna de San Felipe.<\/p>\n<p>A la actividad asistieron Ver\u00f3nica Ossand\u00f3n, sub directora t\u00e9cnico pedag\u00f3gica y representante de la Direcci\u00f3n de Administraci\u00f3n Municipal; Ana Mar\u00eda Donoso, Directora del establecimiento; Luis Gonz\u00e1lez, prevencionista de riesgo; Bego\u00f1a Rubio P\u00e9rez, gerente zonal de Lipigas, y una gran cantidad de padres y apoderados, quienes atentamente escucharon lo expuesto y tambi\u00e9n pudieron plantear sus inquietudes.<\/p>\n<p>\u201cPara nosotros es de suma importancia poder realizar estas charlas de prevenci\u00f3n y seguridad, no s\u00f3lo con nuestro personal, sino que tambi\u00e9n incluir a la comunidad, entreg\u00e1ndoles la informaci\u00f3n adecuada, que les permita tener actualizados los procedimientos que constantemente realizamos, por lo que hoy tambi\u00e9n queremos considerar a la comunidad escolar\u201d, se\u00f1al\u00f3 Luis Gonz\u00e1lez.<\/p>\n<p>Por su parte, Ana Mar\u00eda Donoso, Directora del establecimiento, tambi\u00e9n se refiri\u00f3 al tema, se\u00f1alando que \u201cpara nosotros como establecimiento, es de mucha importancia que profesionales en el tema de la seguridad nos permitan expresar nuestra inquietudes y as\u00ed poder elaborar mecanismos de prevenci\u00f3n y acci\u00f3n que involucren a todos quienes pertenecemos a la escuela\u201d.<\/p>\n<p>Adem\u00e1s, Ver\u00f3nica Ossandon, representante de la Daem, sostuvo que \u201cpara todos quienes formamos parte de la Educaci\u00f3n Municipal, es una tremenda responsabilidad el tener que mejorar constantemente los mecanismos que nos permitan asegurar que nuestros alumnos est\u00e9n protegidos y seguros al interior de los establecimientos, siendo esto una preocupaci\u00f3n constante del Alcalde Patricio Freire y del director Iv\u00e1n Silva\u201d.<\/p>\n<p>&nbsp;<\/p>\n","protected":false},"excerpt":{"rendered":"<p>Una charla informativa con toda la comunidad de la Escuela Carmela Carvajal de Prat, fue desarrollada por personal de la empresa Lipigas ubicada en el sector de Curim\u00f3n en la comuna de&#8230;<\/p>\n","protected":false},"author":482,"featured_media":46317,"comment_status":"open","ping_status":"closed","sticky":false,"template":"","format":"standard","meta":{"advanced_seo_description":"","jetpack_seo_html_title":"","jetpack_seo_noindex":false,"_jetpack_memberships_contains_paid_content":false,"footnotes":""},"categories":[15],"tags":[],"class_list":["post-46315","post","type-post","status-publish","format-standard","has-post-thumbnail","hentry","category-comunidad"],"jetpack_featured_media_url":"https:\/\/i0.wp.com\/eltrabajo.cl\/portal\/wp-content\/uploads\/2014\/05\/manejar-gas.jpg?fit=528%2C335&ssl=1","jetpack_sharing_enabled":true,"jetpack_likes_enabled":true,"jetpack-related-posts":[],"_links":{"self":[{"href":"https:\/\/eltrabajo.cl\/portal\/wp-json\/wp\/v2\/posts\/46315","targetHints":{"allow":["GET"]}}],"collection":[{"href":"https:\/\/eltrabajo.cl\/portal\/wp-json\/wp\/v2\/posts"}],"about":[{"href":"https:\/\/eltrabajo.cl\/portal\/wp-json\/wp\/v2\/types\/post"}],"author":[{"embeddable":true,"href":"https:\/\/eltrabajo.cl\/portal\/wp-json\/wp\/v2\/users\/482"}],"replies":[{"embeddable":true,"href":"https:\/\/eltrabajo.cl\/portal\/wp-json\/wp\/v2\/comments?post=46315"}],"version-history":[{"count":0,"href":"https:\/\/eltrabajo.cl\/portal\/wp-json\/wp\/v2\/posts\/46315\/revisions"}],"wp:featuredmedia":[{"embeddable":true,"href":"https:\/\/eltrabajo.cl\/portal\/wp-json\/wp\/v2\/media\/46317"}],"wp:attachment":[{"href":"https:\/\/eltrabajo.cl\/portal\/wp-json\/wp\/v2\/media?parent=46315"}],"wp:term":[{"taxonomy":"category","embeddable":true,"href":"https:\/\/eltrabajo.cl\/portal\/wp-json\/wp\/v2\/categories?post=46315"},{"taxonomy":"post_tag","embeddable":true,"href":"https:\/\/eltrabajo.cl\/portal\/wp-json\/wp\/v2\/tags?post=46315"}],"curies":[{"name":"wp","href":"https:\/\/api.w.org\/{rel}","templated":true}]}}