{"id":46321,"date":"2014-05-08T09:28:07","date_gmt":"2014-05-08T13:28:07","guid":{"rendered":"http:\/\/www.eltrabajo.cl\/portal\/?p=46321"},"modified":"2014-05-08T09:28:07","modified_gmt":"2014-05-08T13:28:07","slug":"bomberos-de-san-felipe-rechaza-dichos-de-presidente-nacional-de-bomberos","status":"publish","type":"post","link":"https:\/\/eltrabajo.cl\/portal\/bomberos-de-san-felipe-rechaza-dichos-de-presidente-nacional-de-bomberos\/","title":{"rendered":"Bomberos de San Felipe rechaza dichos de presidente nacional de bomberos"},"content":{"rendered":"<figure id=\"attachment_46322\" aria-describedby=\"caption-attachment-46322\" style=\"width: 317px\" class=\"wp-caption alignleft\"><a href=\"https:\/\/i0.wp.com\/www.eltrabajo.cl\/portal\/wp-content\/uploads\/2014\/05\/JULIO-HARDOY-BOMBERO.jpg\"><img data-recalc-dims=\"1\" loading=\"lazy\" decoding=\"async\" class=\" wp-image-46322 \" alt=\"Julio Hardoy, Superintendente del Cuerpo de Bomberos de San Felipe. (Foto archivo).\" src=\"https:\/\/i0.wp.com\/www.eltrabajo.cl\/portal\/wp-content\/uploads\/2014\/05\/JULIO-HARDOY-BOMBERO.jpg?resize=317%2C215\" width=\"317\" height=\"215\" srcset=\"https:\/\/i0.wp.com\/eltrabajo.cl\/portal\/wp-content\/uploads\/2014\/05\/JULIO-HARDOY-BOMBERO.jpg?w=529&amp;ssl=1 529w, https:\/\/i0.wp.com\/eltrabajo.cl\/portal\/wp-content\/uploads\/2014\/05\/JULIO-HARDOY-BOMBERO.jpg?resize=200%2C135&amp;ssl=1 200w, https:\/\/i0.wp.com\/eltrabajo.cl\/portal\/wp-content\/uploads\/2014\/05\/JULIO-HARDOY-BOMBERO.jpg?resize=300%2C203&amp;ssl=1 300w, https:\/\/i0.wp.com\/eltrabajo.cl\/portal\/wp-content\/uploads\/2014\/05\/JULIO-HARDOY-BOMBERO.jpg?resize=150%2C101&amp;ssl=1 150w, https:\/\/i0.wp.com\/eltrabajo.cl\/portal\/wp-content\/uploads\/2014\/05\/JULIO-HARDOY-BOMBERO.jpg?resize=400%2C270&amp;ssl=1 400w\" sizes=\"auto, (max-width: 317px) 100vw, 317px\" \/><\/a><figcaption id=\"caption-attachment-46322\" class=\"wp-caption-text\">Julio Hardoy, Superintendente del Cuerpo de Bomberos de San Felipe. (Foto archivo).<\/figcaption><\/figure>\n<p>Como \u201cmal informadas, arbitrarias y ofensivas para los bomberos y bomberas de Chile\u201d calific\u00f3 el Cuerpo de Bomberos de San Felipe las opiniones que emitiera el Presidente de la Junta Nacional de Bomberos de Chile, Miguel Reyes N\u00fa\u00f1ez, en las cuales se pone en tela de juicio la honorabilidad e idoneidad del personal que integra la Instituci\u00f3n.<\/p>\n<p>Seg\u00fan el Superintendente de la Instituci\u00f3n, Julio Hardoy Baylaucq, Miguel Reyes en su calidad de Presidente de la Junta Nacional de Bomberos de Chile, ofreci\u00f3 una entrevista al diario La Tercera, con fecha 15 de abril del presente, indicando lo siguiente:<\/p>\n<p>1.- Refiri\u00e9ndose a los aportes del Estado: \u201cSe alcanza a financiar del orden del 55 % de los gastos operacionales de los 312 Cuerpos de Bomberos de todo el pa\u00eds\u201d.<\/p>\n<p>En respuesta Hardoy indic\u00f3: \u00abEl Sr. Presidente no cuantifica el valor con los cuales los bomberos y bomberas de este Pa\u00eds subvencionan al Estado mediante su trabajo gratuito y que tambi\u00e9n se considera un gasto operacional. Por consiguiente, el Estado no aporta, ni ha aportado el 55 % de los Gastos Operacionales\u00bb.<\/p>\n<p>2.- Posteriormente el Presidente de Bomberos se refiere a las solicitudes de los cuerpos de bomberos en adquisici\u00f3n de materiales como cascos, mangueras, etc. diciendo: \u201cLo que pasa es que muchos Cuerpos de Bomberos tratan de equiparse m\u00e1s all\u00e1 de lo necesario\u201d.<\/p>\n<p>Los bomberos de San Felipe replicaron: \u00abCon su declaraci\u00f3n, el Sr. Presidente pone en duda el criterio t\u00e9cnico de los Cuerpos de Bomberos, de sus Comandantes, Departamentos T\u00e9cnicos y de los Instructores de la Academia Nacional\u00bb.<\/p>\n<p>3.- Finalmente Miguel Reyes argumenta en relaci\u00f3n a las campa\u00f1as econ\u00f3micas que bomberos de todo Chile realizan para financiar sus gastos: \u201cLas limosnas y el tarrito no me gustan como sistema, porque lo encuentro poco transparente, no llega toda la cantidad de recursos que se depositan en esos tarros\u201d.<\/p>\n<p>Hardoy sobre este punto sostuvo: \u00abEl Presidente Nacional agrede a los miles de hombres y mujeres que integran desde Arica a Punta Arenas la Instituci\u00f3n de Bomberos de Chile, al poner en tela de juicio la honorabilidad de los mismos\u00bb.<\/p>\n<p>El Superintendente Julio Hardoy indic\u00f3 que remitieron a la Junta Nacional el sentir de la Instituci\u00f3n y que esperan que la democracia real llegue a la Instituci\u00f3n Nacional y que \u00abde una vez por todas, sean los bomberos de Arica a Punta Arenas quienes elijan a quienes tienen la misi\u00f3n de conseguir los recursos y ser nuestra contraparte con el Estado, situaci\u00f3n que hoy deja mucho que desear\u00bb, sostuvo.<\/p>\n<p>&nbsp;<\/p>\n","protected":false},"excerpt":{"rendered":"<p>Como \u201cmal informadas, arbitrarias y ofensivas para los bomberos y bomberas de Chile\u201d calific\u00f3 el Cuerpo de Bomberos de San Felipe las opiniones que emitiera el Presidente de la Junta Nacional de&#8230;<\/p>\n","protected":false},"author":482,"featured_media":46322,"comment_status":"open","ping_status":"closed","sticky":false,"template":"","format":"standard","meta":{"advanced_seo_description":"","jetpack_seo_html_title":"","jetpack_seo_noindex":false,"_jetpack_memberships_contains_paid_content":false,"footnotes":""},"categories":[15],"tags":[],"class_list":["post-46321","post","type-post","status-publish","format-standard","has-post-thumbnail","hentry","category-comunidad"],"jetpack_featured_media_url":"https:\/\/i0.wp.com\/eltrabajo.cl\/portal\/wp-content\/uploads\/2014\/05\/JULIO-HARDOY-BOMBERO.jpg?fit=529%2C358&ssl=1","jetpack_sharing_enabled":true,"jetpack_likes_enabled":true,"jetpack-related-posts":[],"_links":{"self":[{"href":"https:\/\/eltrabajo.cl\/portal\/wp-json\/wp\/v2\/posts\/46321","targetHints":{"allow":["GET"]}}],"collection":[{"href":"https:\/\/eltrabajo.cl\/portal\/wp-json\/wp\/v2\/posts"}],"about":[{"href":"https:\/\/eltrabajo.cl\/portal\/wp-json\/wp\/v2\/types\/post"}],"author":[{"embeddable":true,"href":"https:\/\/eltrabajo.cl\/portal\/wp-json\/wp\/v2\/users\/482"}],"replies":[{"embeddable":true,"href":"https:\/\/eltrabajo.cl\/portal\/wp-json\/wp\/v2\/comments?post=46321"}],"version-history":[{"count":0,"href":"https:\/\/eltrabajo.cl\/portal\/wp-json\/wp\/v2\/posts\/46321\/revisions"}],"wp:featuredmedia":[{"embeddable":true,"href":"https:\/\/eltrabajo.cl\/portal\/wp-json\/wp\/v2\/media\/46322"}],"wp:attachment":[{"href":"https:\/\/eltrabajo.cl\/portal\/wp-json\/wp\/v2\/media?parent=46321"}],"wp:term":[{"taxonomy":"category","embeddable":true,"href":"https:\/\/eltrabajo.cl\/portal\/wp-json\/wp\/v2\/categories?post=46321"},{"taxonomy":"post_tag","embeddable":true,"href":"https:\/\/eltrabajo.cl\/portal\/wp-json\/wp\/v2\/tags?post=46321"}],"curies":[{"name":"wp","href":"https:\/\/api.w.org\/{rel}","templated":true}]}}