{"id":46324,"date":"2014-05-08T09:33:37","date_gmt":"2014-05-08T13:33:37","guid":{"rendered":"http:\/\/www.eltrabajo.cl\/portal\/?p=46324"},"modified":"2014-05-08T09:33:37","modified_gmt":"2014-05-08T13:33:37","slug":"este-lunes-inicia-la-segunda-campana-de-implantes-en-porcelana-y-titanio","status":"publish","type":"post","link":"https:\/\/eltrabajo.cl\/portal\/este-lunes-inicia-la-segunda-campana-de-implantes-en-porcelana-y-titanio\/","title":{"rendered":"Este lunes inicia la segunda campa\u00f1a de implantes en porcelana y titanio"},"content":{"rendered":"<figure id=\"attachment_46325\" aria-describedby=\"caption-attachment-46325\" style=\"width: 529px\" class=\"wp-caption alignnone\"><a href=\"https:\/\/i0.wp.com\/www.eltrabajo.cl\/portal\/wp-content\/uploads\/2014\/05\/SEDENT1.jpg\"><img data-recalc-dims=\"1\" loading=\"lazy\" decoding=\"async\" class=\"size-full wp-image-46325\" alt=\"LOS MEJORES.- Ellos son parte de los 30 funcionarios que laboran en Se-Dent San Felipe, Diario El Trabajo les felicita en este 11\u00ba aniversario de brindar salud a toda la familia aconcag\u00fcina.\" src=\"https:\/\/i0.wp.com\/www.eltrabajo.cl\/portal\/wp-content\/uploads\/2014\/05\/SEDENT1.jpg?resize=529%2C296\" width=\"529\" height=\"296\" srcset=\"https:\/\/i0.wp.com\/eltrabajo.cl\/portal\/wp-content\/uploads\/2014\/05\/SEDENT1.jpg?w=529&amp;ssl=1 529w, https:\/\/i0.wp.com\/eltrabajo.cl\/portal\/wp-content\/uploads\/2014\/05\/SEDENT1.jpg?resize=200%2C111&amp;ssl=1 200w, https:\/\/i0.wp.com\/eltrabajo.cl\/portal\/wp-content\/uploads\/2014\/05\/SEDENT1.jpg?resize=300%2C167&amp;ssl=1 300w, https:\/\/i0.wp.com\/eltrabajo.cl\/portal\/wp-content\/uploads\/2014\/05\/SEDENT1.jpg?resize=150%2C83&amp;ssl=1 150w, https:\/\/i0.wp.com\/eltrabajo.cl\/portal\/wp-content\/uploads\/2014\/05\/SEDENT1.jpg?resize=400%2C223&amp;ssl=1 400w\" sizes=\"auto, (max-width: 529px) 100vw, 529px\" \/><\/a><figcaption id=\"caption-attachment-46325\" class=\"wp-caption-text\">LOS MEJORES.- Ellos son parte de los 30 funcionarios que laboran en Se-Dent San Felipe, Diario El Trabajo les felicita en este 11\u00ba aniversario de brindar salud a toda la familia aconcag\u00fcina.<\/figcaption><\/figure>\n<p>Por segundo a\u00f1o consecutivo fue lanzada para los aconcag\u00fcinos, la campa\u00f1a de Se-Dent San Felipe con miras a lograr mayor acercamiento de la salud dental para toda la familia. La misma inicia el lunes 12 de mayo y culmina el pr\u00f3ximo viernes 27 de junio, periodo de seis semanas de duraci\u00f3n que consiste en que cada implante de titanio estar\u00e1 costando s\u00f3lo $200.000 cada uno, no incluyendo esta campa\u00f1a los gastos de rehabilitaci\u00f3n del diente\u00bb, asegur\u00f3 a Diario El Trabajo el Dr. Mauricio Sep\u00falveda, Director de Se-Dent San Felipe.<\/p>\n<p>Seg\u00fan lo indicado por el galeno, \u00aben 2013 se registraron m\u00e1s de cien pacientes, todos ellos fueron operados y a todos se les dio \u00edntegramente todo el tratamiento, la campa\u00f1a fue un \u00e9xito, pues durante las seis semanas de la campa\u00f1a, nuestro precios estuvieron muy rebajados\u00bb, agrega Sep\u00falveda.<\/p>\n<p><strong>\u00a0RESE\u00d1A SE-DENT<\/strong><\/p>\n<p>Fue el lunes 10 de marzo de 2003 cuando naci\u00f3 en San Felipe y para el beneficio de toda la familia aconcag\u00fcina, una de las propuestas en salud m\u00e1s innovadoras para el beneficio de sus usuarios, se trata del Servicio de Especialidades M\u00e9dicas y Dentales (Se-dent), un complejo m\u00e9dico que brinda respuesta inmediata en todas las especialidades de la odontolog\u00eda, as\u00ed como una atenci\u00f3n personalizada en lo que a Neurolog\u00eda Infantil y Medicina General se refiere.<\/p>\n<p><strong>\u00a0CON PREVIA\u00a0EVALUACI\u00d3N<\/strong><\/p>\n<p>\u00abCada persona que decida aprovechar esta promoci\u00f3n, deber\u00e1 primero ser evaluada por nuestro equipo de m\u00e9dicos, pues hay que valorar si es o no viable un procedimiento de implante, y si lo es, qu\u00e9 tipo de tratamiento es el que amerita implementarle\u00bb, agreg\u00f3 el galeno.<\/p>\n<p><strong>\u00a0PUBLICIDAD ENGA\u00d1OSA<\/strong><\/p>\n<p>Sobre los once a\u00f1os que Se-Dent cumpli\u00f3 recientemente, Sep\u00falveda coment\u00f3 que m\u00e1s que hacer su trabajo, \u00e9l est\u00e1 consciente de la mejor\u00eda en la calidad de vida que sus pacientes reciben.<\/p>\n<p>\u00abLos implantes y otros tratamientos dentales que hacemos aqu\u00ed, tienen un impacto muy positivo en la vida de nuestros pacientes, pues tambi\u00e9n su autoestima sube considerablemente, sonr\u00eden con libertad y pueden masticar con normalidad, pues el titanio es un material al que el hueso se adhiere sin ning\u00fan problema. Yo me siento muy satisfecho con esta d\u00e9cada de logros como empresa\u00bb, detall\u00f3 Mauricio.<\/p>\n<p>\u00abTambi\u00e9n quiero abaratar los costos a las personas que regularmente viajan a Santiago para ser atendidos all\u00e1, pensando que, por ser en Santiago, la atenci\u00f3n es mejor que la que ofrecemos en San Felipe, error que los induce a caer presa de la publicidad enga\u00f1osa, pues aunque les ofrecen un precio \u2018s\u00faper barato\u2019, al final terminan pagando grandes sumas, adem\u00e1s de los gastos en tiempo y dinero en traslado. Eso es lo que buscamos, que aqu\u00ed reciban la misma calidad que en la capital\u00bb, puntualiz\u00f3 el Dr. Sep\u00falveda.<\/p>\n<p>Diario El Trabajo habl\u00f3 con \u2018Pablo\u2019, un usuario de este centro m\u00e9dico, a quien recientemente se le colocaron varias piezas dentales.<\/p>\n<p>\u00abYo volv\u00ed a la vida cuando me pusieron estos implantes, antes no pod\u00eda masticar en un asado, un membrillo y hasta se me sal\u00eda la pr\u00f3tesis que usaba antes, ahora puedo sonre\u00edr a la vida con tranquilidad y comer lo que yo quiera, en ocasiones ni me acuerdo que tengo implantes\u00bb, coment\u00f3 \u2018Pablo\u2019 a nuestro medio. Si usted desea aprovechar esta promoci\u00f3n, ya puede sacar cita al fono: (034) 2506 218.<\/p>\n<p>Roberto Gonz\u00e1lez Short<\/p>\n<p>diario@eltrabajo.cl<\/p>\n<div class=\"tiled-gallery type-rectangular tiled-gallery-unresized\" data-original-width=\"640\" data-carousel-extra='null' itemscope itemtype=\"http:\/\/schema.org\/ImageGallery\" > <div class=\"gallery-row\" style=\"width: 640px; height: 387px;\" data-original-width=\"640\" data-original-height=\"387\" > <div class=\"gallery-group images-2\" style=\"width: 291px; height: 387px;\" data-original-width=\"291\" data-original-height=\"387\" > <div class=\"tiled-gallery-item tiled-gallery-item-large\" itemprop=\"associatedMedia\" itemscope itemtype=\"http:\/\/schema.org\/ImageObject\"> <a href=\"https:\/\/eltrabajo.cl\/portal\/este-lunes-inicia-la-segunda-campana-de-implantes-en-porcelana-y-titanio\/antes-y-despues\/\" border=\"0\" itemprop=\"url\"> <meta itemprop=\"width\" content=\"287\"> <meta itemprop=\"height\" content=\"163\"> <img decoding=\"async\" class=\"\" data-attachment-id=\"46326\" data-orig-file=\"https:\/\/eltrabajo.cl\/portal\/wp-content\/uploads\/2014\/05\/ANTES-Y-DESPUES.jpg\" data-orig-size=\"529,302\" data-comments-opened=\"1\" data-image-meta=\"{&quot;aperture&quot;:&quot;0&quot;,&quot;credit&quot;:&quot;&quot;,&quot;camera&quot;:&quot;&quot;,&quot;caption&quot;:&quot;&quot;,&quot;created_timestamp&quot;:&quot;0&quot;,&quot;copyright&quot;:&quot;&quot;,&quot;focal_length&quot;:&quot;0&quot;,&quot;iso&quot;:&quot;0&quot;,&quot;shutter_speed&quot;:&quot;0&quot;,&quot;title&quot;:&quot;&quot;}\" data-image-title=\"ANTES Y DESPUES\" data-image-description=\"&lt;p&gt;ANTES Y DESPU\u00c9S.- \u2018Pablo\u2019 mostr\u00f3 su sonrisa a nuestro medio, este usuario de los servicios m\u00e9dicos que Se-Dent ofrece, asegur\u00f3 que \u00e9l \u2018volvi\u00f3 a la vida\u2019 desde que se puso estos implantes.&lt;\/p&gt; \" data-medium-file=\"https:\/\/i0.wp.com\/eltrabajo.cl\/portal\/wp-content\/uploads\/2014\/05\/ANTES-Y-DESPUES.jpg?fit=300%2C171&#038;ssl=1\" data-large-file=\"https:\/\/i0.wp.com\/eltrabajo.cl\/portal\/wp-content\/uploads\/2014\/05\/ANTES-Y-DESPUES.jpg?fit=529%2C302&#038;ssl=1\" src=\"https:\/\/i0.wp.com\/eltrabajo.cl\/portal\/wp-content\/uploads\/2014\/05\/ANTES-Y-DESPUES.jpg?w=287&#038;h=163&#038;ssl=1\" srcset=\"https:\/\/i0.wp.com\/eltrabajo.cl\/portal\/wp-content\/uploads\/2014\/05\/ANTES-Y-DESPUES.jpg?w=529&amp;ssl=1 529w, https:\/\/i0.wp.com\/eltrabajo.cl\/portal\/wp-content\/uploads\/2014\/05\/ANTES-Y-DESPUES.jpg?resize=200%2C114&amp;ssl=1 200w, https:\/\/i0.wp.com\/eltrabajo.cl\/portal\/wp-content\/uploads\/2014\/05\/ANTES-Y-DESPUES.jpg?resize=300%2C171&amp;ssl=1 300w, https:\/\/i0.wp.com\/eltrabajo.cl\/portal\/wp-content\/uploads\/2014\/05\/ANTES-Y-DESPUES.jpg?resize=150%2C85&amp;ssl=1 150w, https:\/\/i0.wp.com\/eltrabajo.cl\/portal\/wp-content\/uploads\/2014\/05\/ANTES-Y-DESPUES.jpg?resize=400%2C228&amp;ssl=1 400w\" width=\"287\" height=\"163\" loading=\"lazy\" data-original-width=\"287\" data-original-height=\"163\" itemprop=\"http:\/\/schema.org\/image\" title=\"ANTES Y DESPUES\" alt=\"ANTES Y DESPU\u00c9S.- \u2018Pablo\u2019 mostr\u00f3 su sonrisa a nuestro medio, este usuario de los servicios m\u00e9dicos que Se-Dent ofrece, asegur\u00f3 que \u00e9l \u2018volvi\u00f3 a la vida\u2019 desde que se puso estos implantes.\" style=\"width: 287px; height: 163px;\" \/> <\/a> <div class=\"tiled-gallery-caption\" itemprop=\"caption description\"> ANTES Y DESPU\u00c9S.- \u2018Pablo\u2019 mostr\u00f3 su sonrisa a nuestro medio, este usuario de los servicios m\u00e9dicos que Se-Dent ofrece, asegur\u00f3 que \u00e9l \u2018volvi\u00f3 a la vida\u2019 desde que se puso estos implantes. <\/div> <\/div> <div class=\"tiled-gallery-item tiled-gallery-item-large\" itemprop=\"associatedMedia\" itemscope itemtype=\"http:\/\/schema.org\/ImageObject\"> <a href=\"https:\/\/eltrabajo.cl\/portal\/este-lunes-inicia-la-segunda-campana-de-implantes-en-porcelana-y-titanio\/doctor-sepulveda\/\" border=\"0\" itemprop=\"url\"> <meta itemprop=\"width\" content=\"287\"> <meta itemprop=\"height\" content=\"216\"> <img decoding=\"async\" class=\"\" data-attachment-id=\"46327\" data-orig-file=\"https:\/\/eltrabajo.cl\/portal\/wp-content\/uploads\/2014\/05\/Doctor-Sepulveda.jpg\" data-orig-size=\"529,398\" data-comments-opened=\"1\" data-image-meta=\"{&quot;aperture&quot;:&quot;3.1&quot;,&quot;credit&quot;:&quot;&quot;,&quot;camera&quot;:&quot;DSC-H100&quot;,&quot;caption&quot;:&quot;&quot;,&quot;created_timestamp&quot;:&quot;1330371482&quot;,&quot;copyright&quot;:&quot;Copyright 2009&quot;,&quot;focal_length&quot;:&quot;4.5&quot;,&quot;iso&quot;:&quot;80&quot;,&quot;shutter_speed&quot;:&quot;0.033333333333333&quot;,&quot;title&quot;:&quot;&quot;}\" data-image-title=\"Doctor Sepulveda\" data-image-description=\"&lt;p&gt;EL PROCEDIMIENTO.- El Doctor Mauricio Sep\u00falveda mostr\u00f3 a Diario El Trabajo el procedimiento del implante de titanio y porcelana, mismo que puede demorar hasta seis meses.&lt;\/p&gt; \" data-medium-file=\"https:\/\/i0.wp.com\/eltrabajo.cl\/portal\/wp-content\/uploads\/2014\/05\/Doctor-Sepulveda.jpg?fit=300%2C225&#038;ssl=1\" data-large-file=\"https:\/\/i0.wp.com\/eltrabajo.cl\/portal\/wp-content\/uploads\/2014\/05\/Doctor-Sepulveda.jpg?fit=529%2C398&#038;ssl=1\" src=\"https:\/\/i0.wp.com\/eltrabajo.cl\/portal\/wp-content\/uploads\/2014\/05\/Doctor-Sepulveda.jpg?w=287&#038;h=216&#038;ssl=1\" srcset=\"https:\/\/i0.wp.com\/eltrabajo.cl\/portal\/wp-content\/uploads\/2014\/05\/Doctor-Sepulveda.jpg?w=529&amp;ssl=1 529w, https:\/\/i0.wp.com\/eltrabajo.cl\/portal\/wp-content\/uploads\/2014\/05\/Doctor-Sepulveda.jpg?resize=200%2C150&amp;ssl=1 200w, https:\/\/i0.wp.com\/eltrabajo.cl\/portal\/wp-content\/uploads\/2014\/05\/Doctor-Sepulveda.jpg?resize=300%2C225&amp;ssl=1 300w, https:\/\/i0.wp.com\/eltrabajo.cl\/portal\/wp-content\/uploads\/2014\/05\/Doctor-Sepulveda.jpg?resize=150%2C112&amp;ssl=1 150w, https:\/\/i0.wp.com\/eltrabajo.cl\/portal\/wp-content\/uploads\/2014\/05\/Doctor-Sepulveda.jpg?resize=400%2C300&amp;ssl=1 400w\" width=\"287\" height=\"216\" loading=\"lazy\" data-original-width=\"287\" data-original-height=\"216\" itemprop=\"http:\/\/schema.org\/image\" title=\"Doctor Sepulveda\" alt=\"EL PROCEDIMIENTO.- El Doctor Mauricio Sep\u00falveda mostr\u00f3 a Diario El Trabajo el procedimiento del implante de titanio y porcelana, mismo que puede demorar hasta seis meses.\" style=\"width: 287px; height: 216px;\" \/> <\/a> <div class=\"tiled-gallery-caption\" itemprop=\"caption description\"> EL PROCEDIMIENTO.- El Doctor Mauricio Sep\u00falveda mostr\u00f3 a Diario El Trabajo el procedimiento del implante de titanio y porcelana, mismo que puede demorar hasta seis meses. <\/div> <\/div> <\/div> <!-- close group --> <div class=\"gallery-group images-1\" style=\"width: 349px; height: 387px;\" data-original-width=\"349\" data-original-height=\"387\" > <div class=\"tiled-gallery-item tiled-gallery-item-large\" itemprop=\"associatedMedia\" itemscope itemtype=\"http:\/\/schema.org\/ImageObject\"> <a href=\"https:\/\/eltrabajo.cl\/portal\/este-lunes-inicia-la-segunda-campana-de-implantes-en-porcelana-y-titanio\/mauricio-sepulveda-2\/\" border=\"0\" itemprop=\"url\"> <meta itemprop=\"width\" content=\"345\"> <meta itemprop=\"height\" content=\"383\"> <img decoding=\"async\" class=\"\" data-attachment-id=\"46328\" data-orig-file=\"https:\/\/eltrabajo.cl\/portal\/wp-content\/uploads\/2014\/05\/Mauricio-Sepulveda.jpg\" data-orig-size=\"529,587\" data-comments-opened=\"1\" data-image-meta=\"{&quot;aperture&quot;:&quot;5&quot;,&quot;credit&quot;:&quot;&quot;,&quot;camera&quot;:&quot;Canon EOS REBEL T1i&quot;,&quot;caption&quot;:&quot;&quot;,&quot;created_timestamp&quot;:&quot;1399467361&quot;,&quot;copyright&quot;:&quot;&quot;,&quot;focal_length&quot;:&quot;18&quot;,&quot;iso&quot;:&quot;400&quot;,&quot;shutter_speed&quot;:&quot;0.016666666666667&quot;,&quot;title&quot;:&quot;&quot;}\" data-image-title=\"Mauricio Sepulveda\" data-image-description=\"&lt;p&gt;Doctor Mauricio Sep\u00falveda, Director de Se-Dent San Felipe.&lt;\/p&gt; \" data-medium-file=\"https:\/\/i0.wp.com\/eltrabajo.cl\/portal\/wp-content\/uploads\/2014\/05\/Mauricio-Sepulveda.jpg?fit=270%2C300&#038;ssl=1\" data-large-file=\"https:\/\/i0.wp.com\/eltrabajo.cl\/portal\/wp-content\/uploads\/2014\/05\/Mauricio-Sepulveda.jpg?fit=529%2C587&#038;ssl=1\" src=\"https:\/\/i0.wp.com\/eltrabajo.cl\/portal\/wp-content\/uploads\/2014\/05\/Mauricio-Sepulveda.jpg?w=345&#038;h=383&#038;ssl=1\" srcset=\"https:\/\/i0.wp.com\/eltrabajo.cl\/portal\/wp-content\/uploads\/2014\/05\/Mauricio-Sepulveda.jpg?w=529&amp;ssl=1 529w, https:\/\/i0.wp.com\/eltrabajo.cl\/portal\/wp-content\/uploads\/2014\/05\/Mauricio-Sepulveda.jpg?resize=135%2C150&amp;ssl=1 135w, https:\/\/i0.wp.com\/eltrabajo.cl\/portal\/wp-content\/uploads\/2014\/05\/Mauricio-Sepulveda.jpg?resize=270%2C300&amp;ssl=1 270w, https:\/\/i0.wp.com\/eltrabajo.cl\/portal\/wp-content\/uploads\/2014\/05\/Mauricio-Sepulveda.jpg?resize=400%2C443&amp;ssl=1 400w\" width=\"345\" height=\"383\" loading=\"lazy\" data-original-width=\"345\" data-original-height=\"383\" itemprop=\"http:\/\/schema.org\/image\" title=\"Mauricio Sepulveda\" alt=\"Doctor Mauricio Sep\u00falveda, Director de Se-Dent San Felipe.\" style=\"width: 345px; height: 383px;\" \/> <\/a> <div class=\"tiled-gallery-caption\" itemprop=\"caption description\"> Doctor Mauricio Sep\u00falveda, Director de Se-Dent San Felipe. <\/div> <\/div> <\/div> <!-- close group --> <\/div> <!-- close row --> <\/div>\n","protected":false},"excerpt":{"rendered":"<p>Por segundo a\u00f1o consecutivo fue lanzada para los aconcag\u00fcinos, la campa\u00f1a de Se-Dent San Felipe con miras a lograr mayor acercamiento de la salud dental para toda la familia. La misma inicia&#8230;<\/p>\n","protected":false},"author":482,"featured_media":46325,"comment_status":"open","ping_status":"closed","sticky":false,"template":"","format":"standard","meta":{"advanced_seo_description":"","jetpack_seo_html_title":"","jetpack_seo_noindex":false,"_jetpack_memberships_contains_paid_content":false,"footnotes":""},"categories":[15],"tags":[],"class_list":["post-46324","post","type-post","status-publish","format-standard","has-post-thumbnail","hentry","category-comunidad"],"jetpack_featured_media_url":"https:\/\/i0.wp.com\/eltrabajo.cl\/portal\/wp-content\/uploads\/2014\/05\/SEDENT1.jpg?fit=529%2C296&ssl=1","jetpack_sharing_enabled":true,"jetpack_likes_enabled":true,"jetpack-related-posts":[],"_links":{"self":[{"href":"https:\/\/eltrabajo.cl\/portal\/wp-json\/wp\/v2\/posts\/46324","targetHints":{"allow":["GET"]}}],"collection":[{"href":"https:\/\/eltrabajo.cl\/portal\/wp-json\/wp\/v2\/posts"}],"about":[{"href":"https:\/\/eltrabajo.cl\/portal\/wp-json\/wp\/v2\/types\/post"}],"author":[{"embeddable":true,"href":"https:\/\/eltrabajo.cl\/portal\/wp-json\/wp\/v2\/users\/482"}],"replies":[{"embeddable":true,"href":"https:\/\/eltrabajo.cl\/portal\/wp-json\/wp\/v2\/comments?post=46324"}],"version-history":[{"count":0,"href":"https:\/\/eltrabajo.cl\/portal\/wp-json\/wp\/v2\/posts\/46324\/revisions"}],"wp:featuredmedia":[{"embeddable":true,"href":"https:\/\/eltrabajo.cl\/portal\/wp-json\/wp\/v2\/media\/46325"}],"wp:attachment":[{"href":"https:\/\/eltrabajo.cl\/portal\/wp-json\/wp\/v2\/media?parent=46324"}],"wp:term":[{"taxonomy":"category","embeddable":true,"href":"https:\/\/eltrabajo.cl\/portal\/wp-json\/wp\/v2\/categories?post=46324"},{"taxonomy":"post_tag","embeddable":true,"href":"https:\/\/eltrabajo.cl\/portal\/wp-json\/wp\/v2\/tags?post=46324"}],"curies":[{"name":"wp","href":"https:\/\/api.w.org\/{rel}","templated":true}]}}