{"id":46339,"date":"2014-05-08T09:42:53","date_gmt":"2014-05-08T13:42:53","guid":{"rendered":"http:\/\/www.eltrabajo.cl\/portal\/?p=46339"},"modified":"2014-05-08T09:42:53","modified_gmt":"2014-05-08T13:42:53","slug":"municipalidad-de-san-felipe-firmo-convenio-con-trabajando-com","status":"publish","type":"post","link":"https:\/\/eltrabajo.cl\/portal\/municipalidad-de-san-felipe-firmo-convenio-con-trabajando-com\/","title":{"rendered":"Municipalidad de San Felipe firm\u00f3 convenio con Trabajando.com"},"content":{"rendered":"<figure id=\"attachment_46340\" aria-describedby=\"caption-attachment-46340\" style=\"width: 528px\" class=\"wp-caption alignnone\"><a href=\"https:\/\/i0.wp.com\/www.eltrabajo.cl\/portal\/wp-content\/uploads\/2014\/05\/firma-convenio.jpg\"><img data-recalc-dims=\"1\" loading=\"lazy\" decoding=\"async\" class=\"size-full wp-image-46340\" alt=\"El Administrador Municipal Patricio Gonz\u00e1lez junto a Carlos Gonz\u00e1lez, Subgerente de Alianzas Estrat\u00e9gicas de Trabajando.com, durante la firma del convenio.\" src=\"https:\/\/i0.wp.com\/www.eltrabajo.cl\/portal\/wp-content\/uploads\/2014\/05\/firma-convenio.jpg?resize=528%2C360\" width=\"528\" height=\"360\" srcset=\"https:\/\/i0.wp.com\/eltrabajo.cl\/portal\/wp-content\/uploads\/2014\/05\/firma-convenio.jpg?w=528&amp;ssl=1 528w, https:\/\/i0.wp.com\/eltrabajo.cl\/portal\/wp-content\/uploads\/2014\/05\/firma-convenio.jpg?resize=200%2C136&amp;ssl=1 200w, https:\/\/i0.wp.com\/eltrabajo.cl\/portal\/wp-content\/uploads\/2014\/05\/firma-convenio.jpg?resize=300%2C204&amp;ssl=1 300w, https:\/\/i0.wp.com\/eltrabajo.cl\/portal\/wp-content\/uploads\/2014\/05\/firma-convenio.jpg?resize=150%2C102&amp;ssl=1 150w, https:\/\/i0.wp.com\/eltrabajo.cl\/portal\/wp-content\/uploads\/2014\/05\/firma-convenio.jpg?resize=400%2C272&amp;ssl=1 400w\" sizes=\"auto, (max-width: 528px) 100vw, 528px\" \/><\/a><figcaption id=\"caption-attachment-46340\" class=\"wp-caption-text\">El Administrador Municipal Patricio Gonz\u00e1lez junto a Carlos Gonz\u00e1lez, Subgerente de Alianzas Estrat\u00e9gicas de Trabajando.com, durante la firma del convenio.<\/figcaption><\/figure>\n<ul>\n<li><strong>La iniciativa busca mejorar las condiciones de Empleabilidad de los vecinos de la comuna.<\/strong><\/li>\n<\/ul>\n<p>Este mi\u00e9rcoles la Municipalidad de San Felipe firm\u00f3 un convenio con el portal Trabajando.com, una iniciativa llevada adelante por la Oficina de Intermediaci\u00f3n Laboral, OMIL y que busca conectar la oferta laboral con la demanda laboral.<\/p>\n<p>Seg\u00fan explic\u00f3 el Administrador Municipal, Patricio Gonz\u00e1lez, la firma de este convenio tiene como finalidad buscar herramientas que permitan mejorar las condiciones de empleo de los vecinos de San Felipe.<\/p>\n<p>\u201cEste convenio va a permitir que la informaci\u00f3n y la base de datos que mantiene la empresa Trabajando.com a nivel nacional, tambi\u00e9n pueda ser facilitada a la gente de San Felipe, estamos dando cumplimiento a un objetivo que fue planteado por nuestro Alcalde Patricio Freire, y esperamos que sea de utilidad para mucha gente\u201d, se\u00f1al\u00f3 Patricio Gonz\u00e1lez.<\/p>\n<p>Carlos Gonz\u00e1lez, Subgerente de Alianzas Estrat\u00e9gicas de Trabajando.com, destac\u00f3 esta alianza realizada con el municipio sanfelipe\u00f1o, que se suma a la red municipal de empleo con la que esta empresa espera contribuir a la empleabilidad de los vecinos.<\/p>\n<p>\u201cEste es el punto de partida a desarrollar una serie de actividades con la Municipalidad, enfocadas en nuestra experiencia y la expertiz que tenemos nosotros en el mercado laboral para mejorar la empleabilidad de los vecinos de San Felipe\u201d, dijo el profesional.<\/p>\n<p>El Gobernador Eduardo Le\u00f3n tambi\u00e9n valor\u00f3 la iniciativa, destacando la posibilidad de contar con empleos de calidad para los vecinos.<\/p>\n<p>&nbsp;<\/p>\n","protected":false},"excerpt":{"rendered":"<p>La iniciativa busca mejorar las condiciones de Empleabilidad de los vecinos de la comuna. Este mi\u00e9rcoles la Municipalidad de San Felipe firm\u00f3 un convenio con el portal Trabajando.com, una iniciativa llevada adelante&#8230;<\/p>\n","protected":false},"author":482,"featured_media":46340,"comment_status":"open","ping_status":"closed","sticky":false,"template":"","format":"standard","meta":{"advanced_seo_description":"","jetpack_seo_html_title":"","jetpack_seo_noindex":false,"_jetpack_memberships_contains_paid_content":false,"footnotes":""},"categories":[1],"tags":[],"class_list":["post-46339","post","type-post","status-publish","format-standard","has-post-thumbnail","hentry","category-cronica"],"jetpack_featured_media_url":"https:\/\/i0.wp.com\/eltrabajo.cl\/portal\/wp-content\/uploads\/2014\/05\/firma-convenio.jpg?fit=528%2C360&ssl=1","jetpack_sharing_enabled":true,"jetpack_likes_enabled":true,"jetpack-related-posts":[],"_links":{"self":[{"href":"https:\/\/eltrabajo.cl\/portal\/wp-json\/wp\/v2\/posts\/46339","targetHints":{"allow":["GET"]}}],"collection":[{"href":"https:\/\/eltrabajo.cl\/portal\/wp-json\/wp\/v2\/posts"}],"about":[{"href":"https:\/\/eltrabajo.cl\/portal\/wp-json\/wp\/v2\/types\/post"}],"author":[{"embeddable":true,"href":"https:\/\/eltrabajo.cl\/portal\/wp-json\/wp\/v2\/users\/482"}],"replies":[{"embeddable":true,"href":"https:\/\/eltrabajo.cl\/portal\/wp-json\/wp\/v2\/comments?post=46339"}],"version-history":[{"count":0,"href":"https:\/\/eltrabajo.cl\/portal\/wp-json\/wp\/v2\/posts\/46339\/revisions"}],"wp:featuredmedia":[{"embeddable":true,"href":"https:\/\/eltrabajo.cl\/portal\/wp-json\/wp\/v2\/media\/46340"}],"wp:attachment":[{"href":"https:\/\/eltrabajo.cl\/portal\/wp-json\/wp\/v2\/media?parent=46339"}],"wp:term":[{"taxonomy":"category","embeddable":true,"href":"https:\/\/eltrabajo.cl\/portal\/wp-json\/wp\/v2\/categories?post=46339"},{"taxonomy":"post_tag","embeddable":true,"href":"https:\/\/eltrabajo.cl\/portal\/wp-json\/wp\/v2\/tags?post=46339"}],"curies":[{"name":"wp","href":"https:\/\/api.w.org\/{rel}","templated":true}]}}