{"id":46343,"date":"2014-05-08T09:47:33","date_gmt":"2014-05-08T13:47:33","guid":{"rendered":"http:\/\/www.eltrabajo.cl\/portal\/?p=46343"},"modified":"2014-05-08T09:47:33","modified_gmt":"2014-05-08T13:47:33","slug":"concejo-municipal-aprobo-bases-para-millonaria-licitacion-del-servicio-de-aseo","status":"publish","type":"post","link":"https:\/\/eltrabajo.cl\/portal\/concejo-municipal-aprobo-bases-para-millonaria-licitacion-del-servicio-de-aseo\/","title":{"rendered":"Concejo Municipal aprob\u00f3 bases para millonaria licitaci\u00f3n del servicio de aseo"},"content":{"rendered":"<figure id=\"attachment_46344\" aria-describedby=\"caption-attachment-46344\" style=\"width: 317px\" class=\"wp-caption alignleft\"><a href=\"https:\/\/i0.wp.com\/www.eltrabajo.cl\/portal\/wp-content\/uploads\/2014\/05\/Basilio-MuenaRadio.jpg\"><img data-recalc-dims=\"1\" loading=\"lazy\" decoding=\"async\" class=\" wp-image-46344 \" alt=\"Concejal Basilio Muena (DC), manifest\u00f3 su preocupaci\u00f3n en la celeridad de esta licitaci\u00f3n e indica sus inquietudes frente esto.\" src=\"https:\/\/i0.wp.com\/www.eltrabajo.cl\/portal\/wp-content\/uploads\/2014\/05\/Basilio-MuenaRadio.jpg?resize=317%2C241\" width=\"317\" height=\"241\" srcset=\"https:\/\/i0.wp.com\/eltrabajo.cl\/portal\/wp-content\/uploads\/2014\/05\/Basilio-MuenaRadio.jpg?w=528&amp;ssl=1 528w, https:\/\/i0.wp.com\/eltrabajo.cl\/portal\/wp-content\/uploads\/2014\/05\/Basilio-MuenaRadio.jpg?resize=197%2C150&amp;ssl=1 197w, https:\/\/i0.wp.com\/eltrabajo.cl\/portal\/wp-content\/uploads\/2014\/05\/Basilio-MuenaRadio.jpg?resize=300%2C227&amp;ssl=1 300w, https:\/\/i0.wp.com\/eltrabajo.cl\/portal\/wp-content\/uploads\/2014\/05\/Basilio-MuenaRadio.jpg?resize=150%2C113&amp;ssl=1 150w, https:\/\/i0.wp.com\/eltrabajo.cl\/portal\/wp-content\/uploads\/2014\/05\/Basilio-MuenaRadio.jpg?resize=400%2C303&amp;ssl=1 400w\" sizes=\"auto, (max-width: 317px) 100vw, 317px\" \/><\/a><figcaption id=\"caption-attachment-46344\" class=\"wp-caption-text\">Concejal Basilio Muena (DC), manifest\u00f3 su preocupaci\u00f3n en la celeridad de esta licitaci\u00f3n e indica sus inquietudes frente esto.<\/figcaption><\/figure>\n<ul>\n<li><strong>Se trata de uno de los servicios que mayor gasto demanda al municipio como es la extracci\u00f3n de basura domiciliaria.<\/strong><\/li>\n<\/ul>\n<p>En Concejo Municipal extraordinario de San Felipe se aprobaron las bases t\u00e9cnicas y administrativas que delimitar\u00e1n la nueva licitaci\u00f3n de aseo para la comuna. Esto en el marco del t\u00e9rmino de la licitaci\u00f3n actual y el inicio de la nueva que deber\u00e1 estar en marcha a partir del primero de julio.<\/p>\n<p>As\u00ed lo dio a conocer el concejal por San Felipe, Basilio Muena, quien en una extensa entrevista dada a Diario El Trabajo y Radio FM10 (95.1), la ma\u00f1ana de ayer, dio a conocer a la comunidad algunos detalles de lo que implicar\u00eda este nuevo proceso.<\/p>\n<p>\u201cMi prioridad es que el servicio se mejore, se incorpore el barrido de calles que faltan por incorporar, que se vea tambi\u00e9n el tema de los microbasurales, la cual fue una petici\u00f3n expresa que manifest\u00e9 en el concejo anterior y que se vea una estrategia en conjunto con esta nueva empresa para generar un cambio cultural y generar la corresponsabilidad\u201d, manifest\u00f3 Muena, aludiendo a que aun cuando se pudieran tener barredoras en todas las calles de la ciudad, si no se genera un cambio cultural, no se podr\u00e1 tener una ciudad limpia de verdad.<\/p>\n<p>Consultado sobre el escaso tiempo que esta licitaci\u00f3n contempla para el concurso y la puesta en marcha, el concejal expres\u00f3 que si bien exist\u00edan inquietudes respecto a esto, en el concejo dedicado a este tema, las dudas fueron disipadas por el asesor jur\u00eddico, quien manifest\u00f3 que esto se encuentra dentro de los plazos que contempla la ley.<\/p>\n<p>\u201cEsta licitaci\u00f3n es p\u00fablica, y me imagino que dada la envergadura de este contrato, las empresas que van a postular ya est\u00e1n en el rubro. Adem\u00e1s luego de finalizada la licitaci\u00f3n, \u00e9sta pasa a una comisi\u00f3n que pondera y eval\u00faa las diversas propuestas recibidas y s\u00f3lo tras esto se elige aquella empresa que responda de mejor forma a los requerimientos y necesidades de la comunidad\u201d, agreg\u00f3 el concejal, quien adem\u00e1s indic\u00f3 que aun cuando existen tiempos de marcha blanca, \u00e9l hubiese sido partidario que la licitaci\u00f3n hubiese estado en el sistema no el tiempo m\u00ednimo que establece la ley, sino al menos dos meses.<\/p>\n<p>Asimismo, y una vez se haya adjudicado la empresa, Muena indica su preocupaci\u00f3n respecto a la celeridad con la cual este contrato partir\u00eda, puesto que es fundamental tener los miramientos necesarios en relaci\u00f3n a la log\u00edstica que se necesite para poner en marcha un proyecto de la envergadura de \u00e9ste, que implica directamente el bienestar de la comunidad.<\/p>\n<p>&nbsp;<\/p>\n","protected":false},"excerpt":{"rendered":"<p>Se trata de uno de los servicios que mayor gasto demanda al municipio como es la extracci\u00f3n de basura domiciliaria. En Concejo Municipal extraordinario de San Felipe se aprobaron las bases t\u00e9cnicas&#8230;<\/p>\n","protected":false},"author":482,"featured_media":46344,"comment_status":"open","ping_status":"closed","sticky":false,"template":"","format":"standard","meta":{"advanced_seo_description":"","jetpack_seo_html_title":"","jetpack_seo_noindex":false,"_jetpack_memberships_contains_paid_content":false,"footnotes":""},"categories":[1],"tags":[],"class_list":["post-46343","post","type-post","status-publish","format-standard","has-post-thumbnail","hentry","category-cronica"],"jetpack_featured_media_url":"https:\/\/i0.wp.com\/eltrabajo.cl\/portal\/wp-content\/uploads\/2014\/05\/Basilio-MuenaRadio.jpg?fit=528%2C401&ssl=1","jetpack_sharing_enabled":true,"jetpack_likes_enabled":true,"jetpack-related-posts":[],"_links":{"self":[{"href":"https:\/\/eltrabajo.cl\/portal\/wp-json\/wp\/v2\/posts\/46343","targetHints":{"allow":["GET"]}}],"collection":[{"href":"https:\/\/eltrabajo.cl\/portal\/wp-json\/wp\/v2\/posts"}],"about":[{"href":"https:\/\/eltrabajo.cl\/portal\/wp-json\/wp\/v2\/types\/post"}],"author":[{"embeddable":true,"href":"https:\/\/eltrabajo.cl\/portal\/wp-json\/wp\/v2\/users\/482"}],"replies":[{"embeddable":true,"href":"https:\/\/eltrabajo.cl\/portal\/wp-json\/wp\/v2\/comments?post=46343"}],"version-history":[{"count":0,"href":"https:\/\/eltrabajo.cl\/portal\/wp-json\/wp\/v2\/posts\/46343\/revisions"}],"wp:featuredmedia":[{"embeddable":true,"href":"https:\/\/eltrabajo.cl\/portal\/wp-json\/wp\/v2\/media\/46344"}],"wp:attachment":[{"href":"https:\/\/eltrabajo.cl\/portal\/wp-json\/wp\/v2\/media?parent=46343"}],"wp:term":[{"taxonomy":"category","embeddable":true,"href":"https:\/\/eltrabajo.cl\/portal\/wp-json\/wp\/v2\/categories?post=46343"},{"taxonomy":"post_tag","embeddable":true,"href":"https:\/\/eltrabajo.cl\/portal\/wp-json\/wp\/v2\/tags?post=46343"}],"curies":[{"name":"wp","href":"https:\/\/api.w.org\/{rel}","templated":true}]}}