{"id":46347,"date":"2014-05-08T09:48:53","date_gmt":"2014-05-08T13:48:53","guid":{"rendered":"http:\/\/www.eltrabajo.cl\/portal\/?p=46347"},"modified":"2014-05-08T09:48:53","modified_gmt":"2014-05-08T13:48:53","slug":"llaman-a-mujeres-de-25-a-64-anos-a-practicarse-el-pap-y-mamografias","status":"publish","type":"post","link":"https:\/\/eltrabajo.cl\/portal\/llaman-a-mujeres-de-25-a-64-anos-a-practicarse-el-pap-y-mamografias\/","title":{"rendered":"Llaman a mujeres de 25 a 64 a\u00f1os a practicarse el PAP y mamograf\u00edas"},"content":{"rendered":"<figure id=\"attachment_46348\" aria-describedby=\"caption-attachment-46348\" style=\"width: 528px\" class=\"wp-caption alignnone\"><a href=\"https:\/\/i0.wp.com\/www.eltrabajo.cl\/portal\/wp-content\/uploads\/2014\/05\/conferencia-examenes.jpg\"><img data-recalc-dims=\"1\" loading=\"lazy\" decoding=\"async\" class=\"size-full wp-image-46348\" alt=\"La Directora de Salud Municipal, Jenny Henr\u00edquez, junto a la matrona del Cesfam Curim\u00f3n, Ana B\u00e1ez, y el Director del mismo establecimiento, Gonzalo D\u00edaz.\" src=\"https:\/\/i0.wp.com\/www.eltrabajo.cl\/portal\/wp-content\/uploads\/2014\/05\/conferencia-examenes.jpg?resize=528%2C360\" width=\"528\" height=\"360\" srcset=\"https:\/\/i0.wp.com\/eltrabajo.cl\/portal\/wp-content\/uploads\/2014\/05\/conferencia-examenes.jpg?w=528&amp;ssl=1 528w, https:\/\/i0.wp.com\/eltrabajo.cl\/portal\/wp-content\/uploads\/2014\/05\/conferencia-examenes.jpg?resize=200%2C136&amp;ssl=1 200w, https:\/\/i0.wp.com\/eltrabajo.cl\/portal\/wp-content\/uploads\/2014\/05\/conferencia-examenes.jpg?resize=300%2C204&amp;ssl=1 300w, https:\/\/i0.wp.com\/eltrabajo.cl\/portal\/wp-content\/uploads\/2014\/05\/conferencia-examenes.jpg?resize=150%2C102&amp;ssl=1 150w, https:\/\/i0.wp.com\/eltrabajo.cl\/portal\/wp-content\/uploads\/2014\/05\/conferencia-examenes.jpg?resize=400%2C272&amp;ssl=1 400w\" sizes=\"auto, (max-width: 528px) 100vw, 528px\" \/><\/a><figcaption id=\"caption-attachment-46348\" class=\"wp-caption-text\">La Directora de Salud Municipal, Jenny Henr\u00edquez, junto a la matrona del Cesfam Curim\u00f3n, Ana B\u00e1ez, y el Director del mismo establecimiento, Gonzalo D\u00edaz.<\/figcaption><\/figure>\n<ul>\n<li><strong>Cesfam Curim\u00f3n realizar\u00e1 ambos ex\u00e1menes de forma totalmente gratuita este s\u00e1bado 10 de mayo, entre las 9 y las 12 horas.<\/strong><\/li>\n<\/ul>\n<p>En nuestro pa\u00eds, el c\u00e1ncer de mamas ocupa el primer lugar de mortalidad en la mujer y se estima que una de cada ocho mujeres podr\u00eda desarrollar la enfermedad a lo largo de su vida. Junto al c\u00e1ncer cervicouterino ocupan lugares importantes en la mortalidad de las chilenas, por lo que representa un problema de salud grave en la poblaci\u00f3n femenina.<\/p>\n<p>Tomando en cuenta estos antecedentes, y preocupados por esta situaci\u00f3n, en el Cesfam Curim\u00f3n se estar\u00e1n realizando, el pr\u00f3ximo s\u00e1bado 10 de mayo, ex\u00e1menes de PAP y mamograf\u00edas a todas las mujeres entre 24 y 64 a\u00f1os de edad.<\/p>\n<p>Actualmente en nuestro pa\u00eds fallecen dos mujeres al d\u00eda por c\u00e1ncer cervicouterino, una enfermedad que no muestra s\u00edntomas en su primera etapa y que s\u00f3lo es diagnosticada cuando comienzan las molestias y las lesiones est\u00e1n presentes.<\/p>\n<p>La buena noticia es que la muerte por estos c\u00e1nceres podr\u00eda disminuir o prevenirse en el caso del cervicouterino si las mujeres se hicieran los ex\u00e1menes que permiten detectar a tiempo las lesiones, y para ello es indispensable que las mujeres se practiquen el PAP y una mamograf\u00eda, quienes lamentablemente, seg\u00fan los \u00edndices, no se realizan en la fecha que corresponde estos ex\u00e1menes.<\/p>\n<p>Es por ello que la directora de Salud Municipal, Jenny Henr\u00edquez, realiz\u00f3 un llamado a realizarse estos ex\u00e1menes, ya que el Cesfam Curim\u00f3n estar\u00e1 realiz\u00e1ndolos durante toda la ma\u00f1ana del s\u00e1bado 10 de mayo.<\/p>\n<p>\u201cAmbas enfermedades son patolog\u00edas que se pueden detectar precozmente por lo tanto estos ex\u00e1menes nos permiten llegar a tiempo y salvar vidas de mujeres, porque muchas veces las mujeres son el sustento de una familia, por ello quiero invitar a todas las mujeres a hacerse este examen en el Cesfam que les corresponde, porque as\u00ed vamos disminuyendo las muertes\u201d, indic\u00f3.<\/p>\n<p>El PAP se realiza a las mujeres entre 25 y 64 a\u00f1os de edad y ellas deben hacerlo cada tres a\u00f1os, y la mamograf\u00eda se realiza a las mujeres entre 50 y 59 a\u00f1os de edad, ex\u00e1menes que se estar\u00e1n realizando este s\u00e1bado 10 de mayo, de manera gratuita.<\/p>\n<p>Seg\u00fan se\u00f1al\u00f3 Ana B\u00e1ez, matrona del Cesfam Curim\u00f3n, los ex\u00e1menes se estar\u00e1n realizando entre las 9 y las 12 horas, por lo que las invit\u00f3 a todas a acercarse a estas instalaciones. \u201cSi la mujer no se cuida, nadie la va a cuidar y ella es el pilar fundamental de la familia y si la mujer se enferma, toda la familia se enferma y este c\u00e1ncer da a mujeres j\u00f3venes, no de m\u00e1s edad\u201d, enfatiz\u00f3 la profesional.<\/p>\n<p>Por su parte, el director del Cesfam Curim\u00f3n, Gonzalo D\u00edaz, inform\u00f3 que ese d\u00eda paralelamente se estar\u00e1n realizando ex\u00e1menes de medicina preventiva a personas entre 20 y 64 a\u00f1os de edad, donde a trav\u00e9s de una encuesta se evaluar\u00e1n los factores de riesgo de cada persona y ser\u00e1n derivadas para la realizaci\u00f3n de un determinado examen.<\/p>\n<p>\u201cLo importante es prevenir la aparici\u00f3n de hipertensi\u00f3n o diabetes, que si bien cuando uno es joven no importa mucho, pero que pasa la cuenta en una edad m\u00e1s avanzada y la invitaci\u00f3n la dejamos abierta para que vayan el s\u00e1bado a realizarse todos estos ex\u00e1menes\u201d.<\/p>\n<p>&nbsp;<\/p>\n","protected":false},"excerpt":{"rendered":"<p>Cesfam Curim\u00f3n realizar\u00e1 ambos ex\u00e1menes de forma totalmente gratuita este s\u00e1bado 10 de mayo, entre las 9 y las 12 horas. En nuestro pa\u00eds, el c\u00e1ncer de mamas ocupa el primer lugar&#8230;<\/p>\n","protected":false},"author":482,"featured_media":46348,"comment_status":"open","ping_status":"closed","sticky":false,"template":"","format":"standard","meta":{"advanced_seo_description":"","jetpack_seo_html_title":"","jetpack_seo_noindex":false,"_jetpack_memberships_contains_paid_content":false,"footnotes":""},"categories":[1],"tags":[],"class_list":["post-46347","post","type-post","status-publish","format-standard","has-post-thumbnail","hentry","category-cronica"],"jetpack_featured_media_url":"https:\/\/i0.wp.com\/eltrabajo.cl\/portal\/wp-content\/uploads\/2014\/05\/conferencia-examenes.jpg?fit=528%2C360&ssl=1","jetpack_sharing_enabled":true,"jetpack_likes_enabled":true,"jetpack-related-posts":[],"_links":{"self":[{"href":"https:\/\/eltrabajo.cl\/portal\/wp-json\/wp\/v2\/posts\/46347","targetHints":{"allow":["GET"]}}],"collection":[{"href":"https:\/\/eltrabajo.cl\/portal\/wp-json\/wp\/v2\/posts"}],"about":[{"href":"https:\/\/eltrabajo.cl\/portal\/wp-json\/wp\/v2\/types\/post"}],"author":[{"embeddable":true,"href":"https:\/\/eltrabajo.cl\/portal\/wp-json\/wp\/v2\/users\/482"}],"replies":[{"embeddable":true,"href":"https:\/\/eltrabajo.cl\/portal\/wp-json\/wp\/v2\/comments?post=46347"}],"version-history":[{"count":0,"href":"https:\/\/eltrabajo.cl\/portal\/wp-json\/wp\/v2\/posts\/46347\/revisions"}],"wp:featuredmedia":[{"embeddable":true,"href":"https:\/\/eltrabajo.cl\/portal\/wp-json\/wp\/v2\/media\/46348"}],"wp:attachment":[{"href":"https:\/\/eltrabajo.cl\/portal\/wp-json\/wp\/v2\/media?parent=46347"}],"wp:term":[{"taxonomy":"category","embeddable":true,"href":"https:\/\/eltrabajo.cl\/portal\/wp-json\/wp\/v2\/categories?post=46347"},{"taxonomy":"post_tag","embeddable":true,"href":"https:\/\/eltrabajo.cl\/portal\/wp-json\/wp\/v2\/tags?post=46347"}],"curies":[{"name":"wp","href":"https:\/\/api.w.org\/{rel}","templated":true}]}}