{"id":46362,"date":"2014-05-09T09:21:15","date_gmt":"2014-05-09T13:21:15","guid":{"rendered":"http:\/\/www.eltrabajo.cl\/portal\/?p=46362"},"modified":"2014-05-09T09:21:15","modified_gmt":"2014-05-09T13:21:15","slug":"dos-alumnas-de-la-agricola-vuelan-a-estudiar-a-francia","status":"publish","type":"post","link":"https:\/\/eltrabajo.cl\/portal\/dos-alumnas-de-la-agricola-vuelan-a-estudiar-a-francia\/","title":{"rendered":"Dos alumnas de la Agr\u00edcola vuelan a estudiar a Francia"},"content":{"rendered":"<figure id=\"attachment_46363\" aria-describedby=\"caption-attachment-46363\" style=\"width: 528px\" class=\"wp-caption alignnone\"><a href=\"https:\/\/i0.wp.com\/www.eltrabajo.cl\/portal\/wp-content\/uploads\/2014\/05\/Familia1.jpg\"><img data-recalc-dims=\"1\" loading=\"lazy\" decoding=\"async\" class=\"size-full wp-image-46363\" alt=\"FAMILIARES ALEGRES.- La Profesora  Luz Marina Pizarro,  Ana Carvajal Arredondo (abuelita y apoderada de), Javiera Arancibia Saavedra, Carlos Dasso Dote, Gabriela Arancibia y sus padres, Mar\u00eda Rodr\u00edguez y Reginaldo Arancibia.\" src=\"https:\/\/i0.wp.com\/www.eltrabajo.cl\/portal\/wp-content\/uploads\/2014\/05\/Familia1.jpg?resize=528%2C304\" width=\"528\" height=\"304\" srcset=\"https:\/\/i0.wp.com\/eltrabajo.cl\/portal\/wp-content\/uploads\/2014\/05\/Familia1.jpg?w=528&amp;ssl=1 528w, https:\/\/i0.wp.com\/eltrabajo.cl\/portal\/wp-content\/uploads\/2014\/05\/Familia1.jpg?resize=200%2C115&amp;ssl=1 200w, https:\/\/i0.wp.com\/eltrabajo.cl\/portal\/wp-content\/uploads\/2014\/05\/Familia1.jpg?resize=300%2C172&amp;ssl=1 300w, https:\/\/i0.wp.com\/eltrabajo.cl\/portal\/wp-content\/uploads\/2014\/05\/Familia1.jpg?resize=150%2C86&amp;ssl=1 150w, https:\/\/i0.wp.com\/eltrabajo.cl\/portal\/wp-content\/uploads\/2014\/05\/Familia1.jpg?resize=400%2C230&amp;ssl=1 400w\" sizes=\"auto, (max-width: 528px) 100vw, 528px\" \/><\/a><figcaption id=\"caption-attachment-46363\" class=\"wp-caption-text\">FAMILIARES ALEGRES.- La Profesora Luz Marina Pizarro, Ana Carvajal Arredondo (abuelita y apoderada de), Javiera Arancibia Saavedra, Carlos Dasso Dote, Gabriela Arancibia y sus padres, Mar\u00eda Rodr\u00edguez y Reginaldo Arancibia.<\/figcaption><\/figure>\n<p>Luego que el gobierno de Francia y Codesser Chile firmaran un importante convenio de intercambio para alumnos de colegios agr\u00edcolas, durante este fin de semana alzar\u00e1n vuelo dos aconcag\u00fcinas hacia Europa, hablamos de las estudiantes de la Escuela Agr\u00edcola de San Felipe, Gabriela Arancibia Rodr\u00edguez de La Higuera, Santa Mar\u00eda, y de Javiera Arancibia Saavedra, vecina de Catemu, ambas tienen 18 a\u00f1os y cursan el 4\u00ba Medio.<\/p>\n<figure id=\"attachment_46364\" aria-describedby=\"caption-attachment-46364\" style=\"width: 370px\" class=\"wp-caption alignright\"><a href=\"https:\/\/i0.wp.com\/www.eltrabajo.cl\/portal\/wp-content\/uploads\/2014\/05\/Viajeras1.jpg\"><img data-recalc-dims=\"1\" loading=\"lazy\" decoding=\"async\" class=\" wp-image-46364 \" alt=\"VIAJERAS.- Javiera Arancibia, Carlos Dasso, Director Escuela Agr\u00edcola de San Felipe y a su  derecha la estudiante Gabriela Arancibia, posan para las c\u00e1maras de Diario El Trabajo.\" src=\"https:\/\/i0.wp.com\/www.eltrabajo.cl\/portal\/wp-content\/uploads\/2014\/05\/Viajeras1.jpg?resize=370%2C250\" width=\"370\" height=\"250\" srcset=\"https:\/\/i0.wp.com\/eltrabajo.cl\/portal\/wp-content\/uploads\/2014\/05\/Viajeras1.jpg?w=528&amp;ssl=1 528w, https:\/\/i0.wp.com\/eltrabajo.cl\/portal\/wp-content\/uploads\/2014\/05\/Viajeras1.jpg?resize=200%2C135&amp;ssl=1 200w, https:\/\/i0.wp.com\/eltrabajo.cl\/portal\/wp-content\/uploads\/2014\/05\/Viajeras1.jpg?resize=300%2C202&amp;ssl=1 300w, https:\/\/i0.wp.com\/eltrabajo.cl\/portal\/wp-content\/uploads\/2014\/05\/Viajeras1.jpg?resize=150%2C101&amp;ssl=1 150w, https:\/\/i0.wp.com\/eltrabajo.cl\/portal\/wp-content\/uploads\/2014\/05\/Viajeras1.jpg?resize=400%2C270&amp;ssl=1 400w\" sizes=\"auto, (max-width: 370px) 100vw, 370px\" \/><\/a><figcaption id=\"caption-attachment-46364\" class=\"wp-caption-text\">VIAJERAS.- Javiera Arancibia, Carlos Dasso, Director Escuela Agr\u00edcola de San Felipe y a su derecha la estudiante Gabriela Arancibia, posan para las c\u00e1maras de Diario El Trabajo.<\/figcaption><\/figure>\n<p><strong>\u00a0EL CONVENIO<\/strong><\/p>\n<p>El convenio fue suscrito por el Vicepresidente Ejecutivo de Codesser, Patricio Crespo, y por los representantes del Ministerio de Alimentaci\u00f3n, Agricultura y Pesca de Francia, Philippe Llanas y Francois Brisoux, en una ceremonia que se realiz\u00f3 en la sede del gremio y a la que asisti\u00f3 el Ministro de Agricultura, Jos\u00e9 Antonio Galilea, la Jefa de Educaci\u00f3n General del Ministerio de Educaci\u00f3n, Ver\u00f3nica Abud y la Embajadora de Francia en Chile, Maryse Bossiere.<\/p>\n<p>\u00abEs importante destacar que todos los costos inherentes, tanto del viaje como de la estad\u00eda de las citadas personas, son parte del esfuerzo que la Escuela Agr\u00edcola realiza para abrir mayores horizontes a sus alumnos, y contribuir de esa manera al desarrollo de nuestro pa\u00eds\u00bb, coment\u00f3 a Diario El Trabajo Carlos Dasso, Director de la Escuela Agr\u00edcola.<\/p>\n<p>Roberto Gonz\u00e1lez Short<\/p>\n<p>rgonzalez@eltrabajo.cl<\/p>\n<p>&nbsp;<\/p>\n","protected":false},"excerpt":{"rendered":"<p>Luego que el gobierno de Francia y Codesser Chile firmaran un importante convenio de intercambio para alumnos de colegios agr\u00edcolas, durante este fin de semana alzar\u00e1n vuelo dos aconcag\u00fcinas hacia Europa, hablamos&#8230;<\/p>\n","protected":false},"author":482,"featured_media":46363,"comment_status":"open","ping_status":"closed","sticky":false,"template":"","format":"standard","meta":{"advanced_seo_description":"","jetpack_seo_html_title":"","jetpack_seo_noindex":false,"_jetpack_memberships_contains_paid_content":false,"footnotes":""},"categories":[15],"tags":[],"class_list":["post-46362","post","type-post","status-publish","format-standard","has-post-thumbnail","hentry","category-comunidad"],"jetpack_featured_media_url":"https:\/\/i0.wp.com\/eltrabajo.cl\/portal\/wp-content\/uploads\/2014\/05\/Familia1.jpg?fit=528%2C304&ssl=1","jetpack_sharing_enabled":true,"jetpack_likes_enabled":true,"jetpack-related-posts":[],"_links":{"self":[{"href":"https:\/\/eltrabajo.cl\/portal\/wp-json\/wp\/v2\/posts\/46362","targetHints":{"allow":["GET"]}}],"collection":[{"href":"https:\/\/eltrabajo.cl\/portal\/wp-json\/wp\/v2\/posts"}],"about":[{"href":"https:\/\/eltrabajo.cl\/portal\/wp-json\/wp\/v2\/types\/post"}],"author":[{"embeddable":true,"href":"https:\/\/eltrabajo.cl\/portal\/wp-json\/wp\/v2\/users\/482"}],"replies":[{"embeddable":true,"href":"https:\/\/eltrabajo.cl\/portal\/wp-json\/wp\/v2\/comments?post=46362"}],"version-history":[{"count":0,"href":"https:\/\/eltrabajo.cl\/portal\/wp-json\/wp\/v2\/posts\/46362\/revisions"}],"wp:featuredmedia":[{"embeddable":true,"href":"https:\/\/eltrabajo.cl\/portal\/wp-json\/wp\/v2\/media\/46363"}],"wp:attachment":[{"href":"https:\/\/eltrabajo.cl\/portal\/wp-json\/wp\/v2\/media?parent=46362"}],"wp:term":[{"taxonomy":"category","embeddable":true,"href":"https:\/\/eltrabajo.cl\/portal\/wp-json\/wp\/v2\/categories?post=46362"},{"taxonomy":"post_tag","embeddable":true,"href":"https:\/\/eltrabajo.cl\/portal\/wp-json\/wp\/v2\/tags?post=46362"}],"curies":[{"name":"wp","href":"https:\/\/api.w.org\/{rel}","templated":true}]}}