{"id":46367,"date":"2014-05-09T09:22:20","date_gmt":"2014-05-09T13:22:20","guid":{"rendered":"http:\/\/www.eltrabajo.cl\/portal\/?p=46367"},"modified":"2014-05-09T09:22:20","modified_gmt":"2014-05-09T13:22:20","slug":"estudiantes-de-los-andes-marcharon-para-exigir-el-fin-a-la-municipalizacion","status":"publish","type":"post","link":"https:\/\/eltrabajo.cl\/portal\/estudiantes-de-los-andes-marcharon-para-exigir-el-fin-a-la-municipalizacion\/","title":{"rendered":"Estudiantes de Los Andes marcharon para exigir el fin a la municipalizaci\u00f3n"},"content":{"rendered":"<figure id=\"attachment_46368\" aria-describedby=\"caption-attachment-46368\" style=\"width: 528px\" class=\"wp-caption alignnone\"><a href=\"https:\/\/i0.wp.com\/www.eltrabajo.cl\/portal\/wp-content\/uploads\/2014\/05\/marcha-primera1.jpg\"><img data-recalc-dims=\"1\" loading=\"lazy\" decoding=\"async\" class=\"size-full wp-image-46368\" alt=\"Los alumnos exigen adem\u00e1s al gobierno apurar los proyectos en materia de educaci\u00f3n.\" src=\"https:\/\/i0.wp.com\/www.eltrabajo.cl\/portal\/wp-content\/uploads\/2014\/05\/marcha-primera1.jpg?resize=528%2C242\" width=\"528\" height=\"242\" srcset=\"https:\/\/i0.wp.com\/eltrabajo.cl\/portal\/wp-content\/uploads\/2014\/05\/marcha-primera1.jpg?w=528&amp;ssl=1 528w, https:\/\/i0.wp.com\/eltrabajo.cl\/portal\/wp-content\/uploads\/2014\/05\/marcha-primera1.jpg?resize=200%2C91&amp;ssl=1 200w, https:\/\/i0.wp.com\/eltrabajo.cl\/portal\/wp-content\/uploads\/2014\/05\/marcha-primera1.jpg?resize=300%2C137&amp;ssl=1 300w, https:\/\/i0.wp.com\/eltrabajo.cl\/portal\/wp-content\/uploads\/2014\/05\/marcha-primera1.jpg?resize=150%2C68&amp;ssl=1 150w, https:\/\/i0.wp.com\/eltrabajo.cl\/portal\/wp-content\/uploads\/2014\/05\/marcha-primera1.jpg?resize=400%2C183&amp;ssl=1 400w\" sizes=\"auto, (max-width: 528px) 100vw, 528px\" \/><\/a><figcaption id=\"caption-attachment-46368\" class=\"wp-caption-text\">Los alumnos exigen adem\u00e1s al gobierno apurar los proyectos en materia de educaci\u00f3n.<\/figcaption><\/figure>\n<p><strong>LOS ANDES<\/strong>.- Con una alta participaci\u00f3n de alumnos y profesores se realiz\u00f3 por las calles c\u00e9ntricas de Los Andes la primera marcha del a\u00f1o para exigir mejoras en la educaci\u00f3n p\u00fablica.<\/p>\n<p>La marcha que tuvo un car\u00e1cter de nacional, no solamente convoc\u00f3 a alumnos de Los Andes sino tambi\u00e9n de comunas aleda\u00f1as.<\/p>\n<p>El Presidente Provincial del Colegio de Profesores, Alexis Cuevas, record\u00f3 que las demandas estudiantiles se arrastran desde el a\u00f1o 2006 y tienen como gran centro de lucha el tema de la desmunicipalizaci\u00f3n y fin al lucro en la educaci\u00f3n, \u201cpues la idea es que el gobierno apure lo que la calle est\u00e1 pidiendo y por eso llamamos a que se terminen los liceos bicentenario porque son segregadores\u201d.<\/p>\n<p>Manifest\u00f3 que la gente y los estudiantes est\u00e1n cansados de que los empresarios sigan usufructuando del dinero de todos los chilenos a trav\u00e9s de la educaci\u00f3n, y por eso el gobierno debe apurar los proyectos.<\/p>\n<p>En este mismo tenor, Macarena Vega, Vocera del Centro de alumnos del Liceo Amancay, reivindic\u00f3 el derecho de los estudiantes secundarios a exigir el tema de la desmunicipalizaci\u00f3n y el fin al lucro.<\/p>\n<p>&nbsp;<\/p>\n","protected":false},"excerpt":{"rendered":"<p>LOS ANDES.- Con una alta participaci\u00f3n de alumnos y profesores se realiz\u00f3 por las calles c\u00e9ntricas de Los Andes la primera marcha del a\u00f1o para exigir mejoras en la educaci\u00f3n p\u00fablica. La&#8230;<\/p>\n","protected":false},"author":482,"featured_media":46368,"comment_status":"open","ping_status":"closed","sticky":false,"template":"","format":"standard","meta":{"advanced_seo_description":"","jetpack_seo_html_title":"","jetpack_seo_noindex":false,"_jetpack_memberships_contains_paid_content":false,"footnotes":""},"categories":[1],"tags":[],"class_list":["post-46367","post","type-post","status-publish","format-standard","has-post-thumbnail","hentry","category-cronica"],"jetpack_featured_media_url":"https:\/\/i0.wp.com\/eltrabajo.cl\/portal\/wp-content\/uploads\/2014\/05\/marcha-primera1.jpg?fit=528%2C242&ssl=1","jetpack_sharing_enabled":true,"jetpack_likes_enabled":true,"jetpack-related-posts":[],"_links":{"self":[{"href":"https:\/\/eltrabajo.cl\/portal\/wp-json\/wp\/v2\/posts\/46367","targetHints":{"allow":["GET"]}}],"collection":[{"href":"https:\/\/eltrabajo.cl\/portal\/wp-json\/wp\/v2\/posts"}],"about":[{"href":"https:\/\/eltrabajo.cl\/portal\/wp-json\/wp\/v2\/types\/post"}],"author":[{"embeddable":true,"href":"https:\/\/eltrabajo.cl\/portal\/wp-json\/wp\/v2\/users\/482"}],"replies":[{"embeddable":true,"href":"https:\/\/eltrabajo.cl\/portal\/wp-json\/wp\/v2\/comments?post=46367"}],"version-history":[{"count":0,"href":"https:\/\/eltrabajo.cl\/portal\/wp-json\/wp\/v2\/posts\/46367\/revisions"}],"wp:featuredmedia":[{"embeddable":true,"href":"https:\/\/eltrabajo.cl\/portal\/wp-json\/wp\/v2\/media\/46368"}],"wp:attachment":[{"href":"https:\/\/eltrabajo.cl\/portal\/wp-json\/wp\/v2\/media?parent=46367"}],"wp:term":[{"taxonomy":"category","embeddable":true,"href":"https:\/\/eltrabajo.cl\/portal\/wp-json\/wp\/v2\/categories?post=46367"},{"taxonomy":"post_tag","embeddable":true,"href":"https:\/\/eltrabajo.cl\/portal\/wp-json\/wp\/v2\/tags?post=46367"}],"curies":[{"name":"wp","href":"https:\/\/api.w.org\/{rel}","templated":true}]}}