{"id":46370,"date":"2014-05-09T09:23:17","date_gmt":"2014-05-09T13:23:17","guid":{"rendered":"http:\/\/www.eltrabajo.cl\/portal\/?p=46370"},"modified":"2014-05-09T09:23:17","modified_gmt":"2014-05-09T13:23:17","slug":"rotura-de-matriz-dejo-sin-agua-potable-a-mas-de-mil-personas","status":"publish","type":"post","link":"https:\/\/eltrabajo.cl\/portal\/rotura-de-matriz-dejo-sin-agua-potable-a-mas-de-mil-personas\/","title":{"rendered":"Rotura de matriz dej\u00f3 sin agua potable a m\u00e1s de mil personas"},"content":{"rendered":"<figure id=\"attachment_46371\" aria-describedby=\"caption-attachment-46371\" style=\"width: 529px\" class=\"wp-caption alignnone\"><a href=\"https:\/\/i0.wp.com\/www.eltrabajo.cl\/portal\/wp-content\/uploads\/2014\/05\/ROTURA-MATRIZ-1.jpg\"><img data-recalc-dims=\"1\" loading=\"lazy\" decoding=\"async\" class=\"size-full wp-image-46371\" alt=\"El suministro fue restablecido a eso de las 15 horas de ayer. \" src=\"https:\/\/i0.wp.com\/www.eltrabajo.cl\/portal\/wp-content\/uploads\/2014\/05\/ROTURA-MATRIZ-1.jpg?resize=529%2C359\" width=\"529\" height=\"359\" srcset=\"https:\/\/i0.wp.com\/eltrabajo.cl\/portal\/wp-content\/uploads\/2014\/05\/ROTURA-MATRIZ-1.jpg?w=529&amp;ssl=1 529w, https:\/\/i0.wp.com\/eltrabajo.cl\/portal\/wp-content\/uploads\/2014\/05\/ROTURA-MATRIZ-1.jpg?resize=200%2C135&amp;ssl=1 200w, https:\/\/i0.wp.com\/eltrabajo.cl\/portal\/wp-content\/uploads\/2014\/05\/ROTURA-MATRIZ-1.jpg?resize=300%2C203&amp;ssl=1 300w, https:\/\/i0.wp.com\/eltrabajo.cl\/portal\/wp-content\/uploads\/2014\/05\/ROTURA-MATRIZ-1.jpg?resize=150%2C101&amp;ssl=1 150w, https:\/\/i0.wp.com\/eltrabajo.cl\/portal\/wp-content\/uploads\/2014\/05\/ROTURA-MATRIZ-1.jpg?resize=400%2C271&amp;ssl=1 400w\" sizes=\"auto, (max-width: 529px) 100vw, 529px\" \/><\/a><figcaption id=\"caption-attachment-46371\" class=\"wp-caption-text\">El suministro fue restablecido a eso de las 15 horas de ayer.<\/figcaption><\/figure>\n<p><strong>PUTAENDO.<\/strong>&#8211; La rotura de una matriz en la Villa Mercedes de Putaendo oblig\u00f3 al corte de suministro de agua potable, lo que afect\u00f3 a m\u00e1s de mil vecinos de las poblaciones aleda\u00f1as.<\/p>\n<p>Pasadas las 12:30 horas de este jueves y mientras la empresa contratista Ingenier\u00eda Moreno realizaba trabajos para Esval relacionados con el nuevo alcantarillado y matriz en la Villa Mercedes, una de las m\u00e1quinas en forma accidental pas\u00f3 a llevar una matriz, lo que gener\u00f3 la emergencia.<\/p>\n<p>Seg\u00fan lo informado por el gerente zonal de Esval, Alejandro Romero, esto se debi\u00f3 a un hecho fortuito y debido a lo complejo de la reparaci\u00f3n fue necesario suspender el suministro de agua potable, afectando a las poblaciones San Antonio, Villa Los Alerces, Villa Mercedes, Villa El Sendero, Poblaci\u00f3n Do\u00f1a Javiera y Ej\u00e9rcito Libertador, con un total cercano a los 400 clientes, por lo que se estima que finalmente fueron m\u00e1s de mil las personas afectadas por este corte de agua potable.<\/p>\n<p>Patricio Gallardo M.<\/p>\n<p>&nbsp;<\/p>\n","protected":false},"excerpt":{"rendered":"<p>PUTAENDO.&#8211; La rotura de una matriz en la Villa Mercedes de Putaendo oblig\u00f3 al corte de suministro de agua potable, lo que afect\u00f3 a m\u00e1s de mil vecinos de las poblaciones aleda\u00f1as&#8230;.<\/p>\n","protected":false},"author":482,"featured_media":46371,"comment_status":"open","ping_status":"closed","sticky":false,"template":"","format":"standard","meta":{"advanced_seo_description":"","jetpack_seo_html_title":"","jetpack_seo_noindex":false,"_jetpack_memberships_contains_paid_content":false,"footnotes":""},"categories":[1],"tags":[],"class_list":["post-46370","post","type-post","status-publish","format-standard","has-post-thumbnail","hentry","category-cronica"],"jetpack_featured_media_url":"https:\/\/i0.wp.com\/eltrabajo.cl\/portal\/wp-content\/uploads\/2014\/05\/ROTURA-MATRIZ-1.jpg?fit=529%2C359&ssl=1","jetpack_sharing_enabled":true,"jetpack_likes_enabled":true,"jetpack-related-posts":[],"_links":{"self":[{"href":"https:\/\/eltrabajo.cl\/portal\/wp-json\/wp\/v2\/posts\/46370","targetHints":{"allow":["GET"]}}],"collection":[{"href":"https:\/\/eltrabajo.cl\/portal\/wp-json\/wp\/v2\/posts"}],"about":[{"href":"https:\/\/eltrabajo.cl\/portal\/wp-json\/wp\/v2\/types\/post"}],"author":[{"embeddable":true,"href":"https:\/\/eltrabajo.cl\/portal\/wp-json\/wp\/v2\/users\/482"}],"replies":[{"embeddable":true,"href":"https:\/\/eltrabajo.cl\/portal\/wp-json\/wp\/v2\/comments?post=46370"}],"version-history":[{"count":0,"href":"https:\/\/eltrabajo.cl\/portal\/wp-json\/wp\/v2\/posts\/46370\/revisions"}],"wp:featuredmedia":[{"embeddable":true,"href":"https:\/\/eltrabajo.cl\/portal\/wp-json\/wp\/v2\/media\/46371"}],"wp:attachment":[{"href":"https:\/\/eltrabajo.cl\/portal\/wp-json\/wp\/v2\/media?parent=46370"}],"wp:term":[{"taxonomy":"category","embeddable":true,"href":"https:\/\/eltrabajo.cl\/portal\/wp-json\/wp\/v2\/categories?post=46370"},{"taxonomy":"post_tag","embeddable":true,"href":"https:\/\/eltrabajo.cl\/portal\/wp-json\/wp\/v2\/tags?post=46370"}],"curies":[{"name":"wp","href":"https:\/\/api.w.org\/{rel}","templated":true}]}}