{"id":46376,"date":"2014-05-09T09:25:43","date_gmt":"2014-05-09T13:25:43","guid":{"rendered":"http:\/\/www.eltrabajo.cl\/portal\/?p=46376"},"modified":"2014-05-09T09:25:43","modified_gmt":"2014-05-09T13:25:43","slug":"entregan-computadores-del-programa-mi-primer-pc-en-santa-maria","status":"publish","type":"post","link":"https:\/\/eltrabajo.cl\/portal\/entregan-computadores-del-programa-mi-primer-pc-en-santa-maria\/","title":{"rendered":"Entregan computadores del Programa \u2018Mi Primer PC\u2019 en Santa Mar\u00eda"},"content":{"rendered":"<figure id=\"attachment_46377\" aria-describedby=\"caption-attachment-46377\" style=\"width: 529px\" class=\"wp-caption alignnone\"><a href=\"https:\/\/i0.wp.com\/www.eltrabajo.cl\/portal\/wp-content\/uploads\/2014\/05\/gemelos-con-mama.jpg\"><img data-recalc-dims=\"1\" loading=\"lazy\" decoding=\"async\" class=\"size-full wp-image-46377\" alt=\"Los gemelos Maximiliano y Vicente L\u00f3pez Fa\u00fandez, en la foto junto a su madre Carolina Fa\u00fandez, fueron dos de los beneficiados con el programa del Gobierno de Chile. \" src=\"https:\/\/i0.wp.com\/www.eltrabajo.cl\/portal\/wp-content\/uploads\/2014\/05\/gemelos-con-mama.jpg?resize=529%2C406\" width=\"529\" height=\"406\" srcset=\"https:\/\/i0.wp.com\/eltrabajo.cl\/portal\/wp-content\/uploads\/2014\/05\/gemelos-con-mama.jpg?w=529&amp;ssl=1 529w, https:\/\/i0.wp.com\/eltrabajo.cl\/portal\/wp-content\/uploads\/2014\/05\/gemelos-con-mama.jpg?resize=195%2C150&amp;ssl=1 195w, https:\/\/i0.wp.com\/eltrabajo.cl\/portal\/wp-content\/uploads\/2014\/05\/gemelos-con-mama.jpg?resize=300%2C230&amp;ssl=1 300w, https:\/\/i0.wp.com\/eltrabajo.cl\/portal\/wp-content\/uploads\/2014\/05\/gemelos-con-mama.jpg?resize=150%2C115&amp;ssl=1 150w, https:\/\/i0.wp.com\/eltrabajo.cl\/portal\/wp-content\/uploads\/2014\/05\/gemelos-con-mama.jpg?resize=400%2C306&amp;ssl=1 400w\" sizes=\"auto, (max-width: 529px) 100vw, 529px\" \/><\/a><figcaption id=\"caption-attachment-46377\" class=\"wp-caption-text\">Los gemelos Maximiliano y Vicente L\u00f3pez Fa\u00fandez, en la foto junto a su madre Carolina Fa\u00fandez, fueron dos de los beneficiados con el programa del Gobierno de Chile.<\/figcaption><\/figure>\n<p><strong>SANTA MAR\u00cdA.<\/strong>&#8211; El mi\u00e9rcoles reci\u00e9n pasado se hizo entrega de alrededor de 50 computadores del programa Mi Primer PC en el Liceo Dar\u00edo Salas. La iniciativa impulsada por el Gobierno de Chile busca aumentar los niveles de equidad, disminuir la brecha digital, favorecer a ni\u00f1os en condici\u00f3n de vulnerabilidad, que sobresalen por su destacado rendimiento acad\u00e9mico.<\/p>\n<p>En los cinco a\u00f1os que lleva el programa ha beneficiado a m\u00e1s de 250.000 alumnos. Para esta nueva versi\u00f3n 2014 se contempla la entrega de 60 mil nuevos equipos a los mejores estudiantes que est\u00e9n matriculados en 7\u00ba B\u00e1sico y que pertenezcan al 40 por ciento m\u00e1s vulnerable de la poblaci\u00f3n.<\/p>\n<p>Cada estudiante elige su equipo entre las alternativas disponibles, de acuerdo a sus intereses y necesidades.<\/p>\n<p>De la centenaria Escuela Mar\u00eda Esp\u00ednola Espinoza, ubicada en San Fernando, fueron premiados los alumnos gemelos Maximiliano y Vicente L\u00f3pez Fa\u00fandez.<\/p>\n<p>Maximiliano tiene una gran afici\u00f3n al \u00e1rea art\u00edstica, le gusta mucho pintar y hacer trabajos en madera. Vicente, en cambio, aprecia dedicarse a las matem\u00e1ticas.<\/p>\n<p>&nbsp;<\/p>\n","protected":false},"excerpt":{"rendered":"<p>SANTA MAR\u00cdA.&#8211; El mi\u00e9rcoles reci\u00e9n pasado se hizo entrega de alrededor de 50 computadores del programa Mi Primer PC en el Liceo Dar\u00edo Salas. La iniciativa impulsada por el Gobierno de Chile&#8230;<\/p>\n","protected":false},"author":482,"featured_media":46377,"comment_status":"open","ping_status":"closed","sticky":false,"template":"","format":"standard","meta":{"advanced_seo_description":"","jetpack_seo_html_title":"","jetpack_seo_noindex":false,"_jetpack_memberships_contains_paid_content":false,"footnotes":""},"categories":[1],"tags":[],"class_list":["post-46376","post","type-post","status-publish","format-standard","has-post-thumbnail","hentry","category-cronica"],"jetpack_featured_media_url":"https:\/\/i0.wp.com\/eltrabajo.cl\/portal\/wp-content\/uploads\/2014\/05\/gemelos-con-mama.jpg?fit=529%2C406&ssl=1","jetpack_sharing_enabled":true,"jetpack_likes_enabled":true,"jetpack-related-posts":[],"_links":{"self":[{"href":"https:\/\/eltrabajo.cl\/portal\/wp-json\/wp\/v2\/posts\/46376","targetHints":{"allow":["GET"]}}],"collection":[{"href":"https:\/\/eltrabajo.cl\/portal\/wp-json\/wp\/v2\/posts"}],"about":[{"href":"https:\/\/eltrabajo.cl\/portal\/wp-json\/wp\/v2\/types\/post"}],"author":[{"embeddable":true,"href":"https:\/\/eltrabajo.cl\/portal\/wp-json\/wp\/v2\/users\/482"}],"replies":[{"embeddable":true,"href":"https:\/\/eltrabajo.cl\/portal\/wp-json\/wp\/v2\/comments?post=46376"}],"version-history":[{"count":0,"href":"https:\/\/eltrabajo.cl\/portal\/wp-json\/wp\/v2\/posts\/46376\/revisions"}],"wp:featuredmedia":[{"embeddable":true,"href":"https:\/\/eltrabajo.cl\/portal\/wp-json\/wp\/v2\/media\/46377"}],"wp:attachment":[{"href":"https:\/\/eltrabajo.cl\/portal\/wp-json\/wp\/v2\/media?parent=46376"}],"wp:term":[{"taxonomy":"category","embeddable":true,"href":"https:\/\/eltrabajo.cl\/portal\/wp-json\/wp\/v2\/categories?post=46376"},{"taxonomy":"post_tag","embeddable":true,"href":"https:\/\/eltrabajo.cl\/portal\/wp-json\/wp\/v2\/tags?post=46376"}],"curies":[{"name":"wp","href":"https:\/\/api.w.org\/{rel}","templated":true}]}}