{"id":46380,"date":"2014-05-09T09:28:41","date_gmt":"2014-05-09T13:28:41","guid":{"rendered":"http:\/\/www.eltrabajo.cl\/portal\/?p=46380"},"modified":"2014-05-09T09:28:41","modified_gmt":"2014-05-09T13:28:41","slug":"municipio-invita-a-celebrar-en-familia-el-dia-nacional-del-teatro","status":"publish","type":"post","link":"https:\/\/eltrabajo.cl\/portal\/municipio-invita-a-celebrar-en-familia-el-dia-nacional-del-teatro\/","title":{"rendered":"Municipio invita a celebrar en familia el \u00abD\u00eda Nacional del Teatro\u00bb"},"content":{"rendered":"<figure id=\"attachment_46381\" aria-describedby=\"caption-attachment-46381\" style=\"width: 370px\" class=\"wp-caption alignleft\"><a href=\"https:\/\/i0.wp.com\/www.eltrabajo.cl\/portal\/wp-content\/uploads\/2014\/05\/RRuizH.jpg\"><img data-recalc-dims=\"1\" loading=\"lazy\" decoding=\"async\" class=\" wp-image-46381 \" alt=\"Coordinador del departamento de cultura de la Municipalidad de San Felipe, Ricardo Ruiz, invit\u00f3 a asistir en familia a este evento.\" src=\"https:\/\/i0.wp.com\/www.eltrabajo.cl\/portal\/wp-content\/uploads\/2014\/05\/RRuizH.jpg?resize=370%2C165\" width=\"370\" height=\"165\" srcset=\"https:\/\/i0.wp.com\/eltrabajo.cl\/portal\/wp-content\/uploads\/2014\/05\/RRuizH.jpg?w=528&amp;ssl=1 528w, https:\/\/i0.wp.com\/eltrabajo.cl\/portal\/wp-content\/uploads\/2014\/05\/RRuizH.jpg?resize=200%2C89&amp;ssl=1 200w, https:\/\/i0.wp.com\/eltrabajo.cl\/portal\/wp-content\/uploads\/2014\/05\/RRuizH.jpg?resize=300%2C133&amp;ssl=1 300w, https:\/\/i0.wp.com\/eltrabajo.cl\/portal\/wp-content\/uploads\/2014\/05\/RRuizH.jpg?resize=150%2C66&amp;ssl=1 150w, https:\/\/i0.wp.com\/eltrabajo.cl\/portal\/wp-content\/uploads\/2014\/05\/RRuizH.jpg?resize=400%2C178&amp;ssl=1 400w\" sizes=\"auto, (max-width: 370px) 100vw, 370px\" \/><\/a><figcaption id=\"caption-attachment-46381\" class=\"wp-caption-text\">Coordinador del departamento de cultura de la Municipalidad de San Felipe, Ricardo Ruiz, invit\u00f3 a asistir en familia a este evento.<\/figcaption><\/figure>\n<p>El encargado de Cultura de la municipalidad de San Felipe, Ricardo Ruiz Herrera, hizo un llamado a la comunidad a celebrar el d\u00eda nacional del teatro, con un espect\u00e1culo familiar que se realizar\u00e1 en el Teatro Municipal de San Felipe.<\/p>\n<p>El \u2018D\u00eda Nacional del Teatro\u2019 se celebra en nuestro pa\u00eds el 11 de mayo desde el a\u00f1o 2006, fecha declarada por el Senado de Chile en honor a la destacada carrera del actor y director teatral chileno, Andr\u00e9s P\u00e9rez, quien naciera en la ciudad de Punta Arenas, en la misma fecha del a\u00f1o 1951.<\/p>\n<p>Es as\u00ed que desde el 2006 cada a\u00f1o, en esta fecha, se realizan diversos carnavales teatrales en ciudades como Valpara\u00edso, Santiago, Concepci\u00f3n y Punta Arenas, y a las cuales se han ido sumando cada vez m\u00e1s ciudades comprometidas con las artes esc\u00e9nicas, incluida San Felipe.<\/p>\n<p>En San Felipe, este d\u00eda se celebrar\u00e1 con diversas actividades familiares, entre las que se incluyen teatro infantil, t\u00edteres y un mimo, en la raz\u00f3n de que \u00e9sta fecha se celebre en familia.<\/p>\n<p>Las actividades se realizar\u00e1n a partir del mediod\u00eda este s\u00e1bado 10 de mayo en el Teatro Municipal de San Felipe y son gratuitas y abiertas a todos aquellos que quieran participar.<\/p>\n<p>&nbsp;<\/p>\n","protected":false},"excerpt":{"rendered":"<p>El encargado de Cultura de la municipalidad de San Felipe, Ricardo Ruiz Herrera, hizo un llamado a la comunidad a celebrar el d\u00eda nacional del teatro, con un espect\u00e1culo familiar que se&#8230;<\/p>\n","protected":false},"author":482,"featured_media":46381,"comment_status":"open","ping_status":"closed","sticky":false,"template":"","format":"standard","meta":{"advanced_seo_description":"","jetpack_seo_html_title":"","jetpack_seo_noindex":false,"_jetpack_memberships_contains_paid_content":false,"footnotes":""},"categories":[1],"tags":[],"class_list":["post-46380","post","type-post","status-publish","format-standard","has-post-thumbnail","hentry","category-cronica"],"jetpack_featured_media_url":"https:\/\/i0.wp.com\/eltrabajo.cl\/portal\/wp-content\/uploads\/2014\/05\/RRuizH.jpg?fit=528%2C235&ssl=1","jetpack_sharing_enabled":true,"jetpack_likes_enabled":true,"jetpack-related-posts":[],"_links":{"self":[{"href":"https:\/\/eltrabajo.cl\/portal\/wp-json\/wp\/v2\/posts\/46380","targetHints":{"allow":["GET"]}}],"collection":[{"href":"https:\/\/eltrabajo.cl\/portal\/wp-json\/wp\/v2\/posts"}],"about":[{"href":"https:\/\/eltrabajo.cl\/portal\/wp-json\/wp\/v2\/types\/post"}],"author":[{"embeddable":true,"href":"https:\/\/eltrabajo.cl\/portal\/wp-json\/wp\/v2\/users\/482"}],"replies":[{"embeddable":true,"href":"https:\/\/eltrabajo.cl\/portal\/wp-json\/wp\/v2\/comments?post=46380"}],"version-history":[{"count":0,"href":"https:\/\/eltrabajo.cl\/portal\/wp-json\/wp\/v2\/posts\/46380\/revisions"}],"wp:featuredmedia":[{"embeddable":true,"href":"https:\/\/eltrabajo.cl\/portal\/wp-json\/wp\/v2\/media\/46381"}],"wp:attachment":[{"href":"https:\/\/eltrabajo.cl\/portal\/wp-json\/wp\/v2\/media?parent=46380"}],"wp:term":[{"taxonomy":"category","embeddable":true,"href":"https:\/\/eltrabajo.cl\/portal\/wp-json\/wp\/v2\/categories?post=46380"},{"taxonomy":"post_tag","embeddable":true,"href":"https:\/\/eltrabajo.cl\/portal\/wp-json\/wp\/v2\/tags?post=46380"}],"curies":[{"name":"wp","href":"https:\/\/api.w.org\/{rel}","templated":true}]}}