{"id":46390,"date":"2014-05-09T09:35:50","date_gmt":"2014-05-09T13:35:50","guid":{"rendered":"http:\/\/www.eltrabajo.cl\/portal\/?p=46390"},"modified":"2014-05-09T09:35:50","modified_gmt":"2014-05-09T13:35:50","slug":"vacunacion-campana-anti-influenza-aun-hay-tiempo-para-prevenir","status":"publish","type":"post","link":"https:\/\/eltrabajo.cl\/portal\/vacunacion-campana-anti-influenza-aun-hay-tiempo-para-prevenir\/","title":{"rendered":"Vacunaci\u00f3n Campa\u00f1a anti-influenza: A\u00fan hay tiempo para prevenir"},"content":{"rendered":"<figure id=\"attachment_46391\" aria-describedby=\"caption-attachment-46391\" style=\"width: 529px\" class=\"wp-caption alignnone\"><a href=\"https:\/\/i0.wp.com\/www.eltrabajo.cl\/portal\/wp-content\/uploads\/2014\/05\/vacunacion2014.jpg\"><img data-recalc-dims=\"1\" loading=\"lazy\" decoding=\"async\" class=\"size-full wp-image-46391\" alt=\"Hasta el 17 de Mayo se pueden vacunar los grupos de riesgo.\" src=\"https:\/\/i0.wp.com\/www.eltrabajo.cl\/portal\/wp-content\/uploads\/2014\/05\/vacunacion2014.jpg?resize=529%2C454\" width=\"529\" height=\"454\" srcset=\"https:\/\/i0.wp.com\/eltrabajo.cl\/portal\/wp-content\/uploads\/2014\/05\/vacunacion2014.jpg?w=529&amp;ssl=1 529w, https:\/\/i0.wp.com\/eltrabajo.cl\/portal\/wp-content\/uploads\/2014\/05\/vacunacion2014.jpg?resize=174%2C150&amp;ssl=1 174w, https:\/\/i0.wp.com\/eltrabajo.cl\/portal\/wp-content\/uploads\/2014\/05\/vacunacion2014.jpg?resize=300%2C257&amp;ssl=1 300w, https:\/\/i0.wp.com\/eltrabajo.cl\/portal\/wp-content\/uploads\/2014\/05\/vacunacion2014.jpg?resize=150%2C128&amp;ssl=1 150w, https:\/\/i0.wp.com\/eltrabajo.cl\/portal\/wp-content\/uploads\/2014\/05\/vacunacion2014.jpg?resize=400%2C343&amp;ssl=1 400w\" sizes=\"auto, (max-width: 529px) 100vw, 529px\" \/><\/a><figcaption id=\"caption-attachment-46391\" class=\"wp-caption-text\">Hasta el 17 de Mayo se pueden vacunar los grupos de riesgo.<\/figcaption><\/figure>\n<p>En vista del poco tiempo que queda de la campa\u00f1a anti-influenza 2014, Laura V\u00e1squez, enfermera coordinadora del Cesfam Segismundo Iturra y encargada regional de inmunizaci\u00f3n, hizo un llamado a la comunidad a la vacunaci\u00f3n.<\/p>\n<p>As\u00ed la coordinadora hizo un llamado especial a los Adultos Mayores que este a\u00f1o han tenido muy baja asistencia a la vacunaci\u00f3n, esto incluso cuando se han hecho diversos operativos con este objetivo, aludiendo incluso el simple hecho de no querer vacunarse debido a los mitos que giran en torno a la vacunaci\u00f3n.<\/p>\n<p>La enfermera destac\u00f3 que es importante que la comunidad tenga en cuenta que \u201cesta es una de las 15 enfermedades que est\u00e1n en el programa nacional de inmunizaciones, y que nos evita todas las enfermedades de invierno\u201d. Adem\u00e1s, Laura V\u00e1squez hizo hincapi\u00e9 en la importancia de que este segmento etario tome conciencia de la importancia de la vacunaci\u00f3n, puesto que \u201cespecialmente para los adultos mayores, una gripe es un problema serio, dependiendo de c\u00f3mo est\u00e9n sus defensas, su organismo\u201d.<\/p>\n<p>Hasta el momento, esta campa\u00f1a ha logrado un 73% de cobertura, lo cual es muy bajo considerando que \u00e9sta se inici\u00f3 los primeros d\u00edas de marzo, y que la meta adecuada en este tipo de eventos se encuentra alrededor de un 95% de cobertura. En lo que se refiere al porcentaje de vacunaci\u00f3n de los adultos mayores, \u00e9ste s\u00f3lo alcanza un 61%.<\/p>\n<p>De acuerdo a lo anterior, V\u00e1squez remarc\u00f3 la importancia de la toma de conciencia respecto a lo que significa una neumon\u00eda, una gripe complicada, y reiter\u00f3 el llamado a sumarse a esta medida preventiva que es la vacunaci\u00f3n.<\/p>\n<p>La campa\u00f1a sigue inicialmente hasta el 17 de mayo, y quienes quieran hacerlo, pueden asistir al Cesfam Segismundo Iturra, asimismo, quienes lo necesiten pueden solicitar la asistencia de un operativo en centros comunitarios, facilitando as\u00ed, a\u00fan m\u00e1s, la vacunaci\u00f3n de la comunidad.<\/p>\n<p>&nbsp;<\/p>\n","protected":false},"excerpt":{"rendered":"<p>En vista del poco tiempo que queda de la campa\u00f1a anti-influenza 2014, Laura V\u00e1squez, enfermera coordinadora del Cesfam Segismundo Iturra y encargada regional de inmunizaci\u00f3n, hizo un llamado a la comunidad a&#8230;<\/p>\n","protected":false},"author":482,"featured_media":46391,"comment_status":"open","ping_status":"closed","sticky":false,"template":"","format":"standard","meta":{"advanced_seo_description":"","jetpack_seo_html_title":"","jetpack_seo_noindex":false,"_jetpack_memberships_contains_paid_content":false,"footnotes":""},"categories":[1],"tags":[],"class_list":["post-46390","post","type-post","status-publish","format-standard","has-post-thumbnail","hentry","category-cronica"],"jetpack_featured_media_url":"https:\/\/i0.wp.com\/eltrabajo.cl\/portal\/wp-content\/uploads\/2014\/05\/vacunacion2014.jpg?fit=529%2C454&ssl=1","jetpack_sharing_enabled":true,"jetpack_likes_enabled":true,"jetpack-related-posts":[],"_links":{"self":[{"href":"https:\/\/eltrabajo.cl\/portal\/wp-json\/wp\/v2\/posts\/46390","targetHints":{"allow":["GET"]}}],"collection":[{"href":"https:\/\/eltrabajo.cl\/portal\/wp-json\/wp\/v2\/posts"}],"about":[{"href":"https:\/\/eltrabajo.cl\/portal\/wp-json\/wp\/v2\/types\/post"}],"author":[{"embeddable":true,"href":"https:\/\/eltrabajo.cl\/portal\/wp-json\/wp\/v2\/users\/482"}],"replies":[{"embeddable":true,"href":"https:\/\/eltrabajo.cl\/portal\/wp-json\/wp\/v2\/comments?post=46390"}],"version-history":[{"count":0,"href":"https:\/\/eltrabajo.cl\/portal\/wp-json\/wp\/v2\/posts\/46390\/revisions"}],"wp:featuredmedia":[{"embeddable":true,"href":"https:\/\/eltrabajo.cl\/portal\/wp-json\/wp\/v2\/media\/46391"}],"wp:attachment":[{"href":"https:\/\/eltrabajo.cl\/portal\/wp-json\/wp\/v2\/media?parent=46390"}],"wp:term":[{"taxonomy":"category","embeddable":true,"href":"https:\/\/eltrabajo.cl\/portal\/wp-json\/wp\/v2\/categories?post=46390"},{"taxonomy":"post_tag","embeddable":true,"href":"https:\/\/eltrabajo.cl\/portal\/wp-json\/wp\/v2\/tags?post=46390"}],"curies":[{"name":"wp","href":"https:\/\/api.w.org\/{rel}","templated":true}]}}