{"id":46397,"date":"2014-05-09T09:45:55","date_gmt":"2014-05-09T13:45:55","guid":{"rendered":"http:\/\/www.eltrabajo.cl\/portal\/?p=46397"},"modified":"2014-05-09T09:45:55","modified_gmt":"2014-05-09T13:45:55","slug":"despampanante-sanfelipena-nos-representa-en-las-regiones-cantan-2014","status":"publish","type":"post","link":"https:\/\/eltrabajo.cl\/portal\/despampanante-sanfelipena-nos-representa-en-las-regiones-cantan-2014\/","title":{"rendered":"Despampanante sanfelipe\u00f1a nos representa en \u2018Las Regiones cantan 2014"},"content":{"rendered":"<figure id=\"attachment_46398\" aria-describedby=\"caption-attachment-46398\" style=\"width: 370px\" class=\"wp-caption alignleft\"><a href=\"https:\/\/i0.wp.com\/www.eltrabajo.cl\/portal\/wp-content\/uploads\/2014\/05\/Regalona1.jpg\"><img data-recalc-dims=\"1\" loading=\"lazy\" decoding=\"async\" class=\" wp-image-46398 \" alt=\"DE ARMAS TOMAR.- Paula Portal tiene 18 a\u00f1os; es soltera y sin compromisos; est\u00e1 dedicando su A\u00f1o sab\u00e1tico a estudiar y hacer m\u00fasica.\" src=\"https:\/\/i0.wp.com\/www.eltrabajo.cl\/portal\/wp-content\/uploads\/2014\/05\/Regalona1.jpg?resize=370%2C456\" width=\"370\" height=\"456\" srcset=\"https:\/\/i0.wp.com\/eltrabajo.cl\/portal\/wp-content\/uploads\/2014\/05\/Regalona1.jpg?w=529&amp;ssl=1 529w, https:\/\/i0.wp.com\/eltrabajo.cl\/portal\/wp-content\/uploads\/2014\/05\/Regalona1.jpg?resize=121%2C150&amp;ssl=1 121w, https:\/\/i0.wp.com\/eltrabajo.cl\/portal\/wp-content\/uploads\/2014\/05\/Regalona1.jpg?resize=243%2C300&amp;ssl=1 243w, https:\/\/i0.wp.com\/eltrabajo.cl\/portal\/wp-content\/uploads\/2014\/05\/Regalona1.jpg?resize=400%2C493&amp;ssl=1 400w\" sizes=\"auto, (max-width: 370px) 100vw, 370px\" \/><\/a><figcaption id=\"caption-attachment-46398\" class=\"wp-caption-text\">DE ARMAS TOMAR.- Paula Portal tiene 18 a\u00f1os; es soltera y sin compromisos; est\u00e1 dedicando su A\u00f1o sab\u00e1tico a estudiar y hacer m\u00fasica.<\/figcaption><\/figure>\n<p>Este domingo 11 de mayo y luego que se diera por inaugurado el concurso Las Regiones cantan en Concepci\u00f3n la semana pasada, dar\u00e1n inicio las presentaciones a todo galope de los diez participantes que hacen lo mejor de s\u00ed para no solamente cantar por su orgullo propio, sino tambi\u00e9n por hacerlo en representaci\u00f3n de sus regiones, ese es el caso de la bella cantante que representa a San Felipe, Paula Javiera Portal Oyarzun, regalona cantante juvenil que desde sus nueve a\u00f1os viene puliendo su voz e histrionismo esc\u00e9nico a fin de ver culminados su sue\u00f1o de cantar en las Grandes Ligas de los profesionales.<\/p>\n<p>&nbsp;<\/p>\n<p>UN GRAN RETO<\/p>\n<p>Paula Portal tiene 18 a\u00f1os; es soltera y sin compromisos; est\u00e1 dedicando su A\u00f1o sab\u00e1tico a estudiar y hacer m\u00fasica; se inici\u00f3 en el canto desde una temprana edad y es la primera participante que inici\u00f3 la Gala de presentaci\u00f3n de este concurso de la cadena de canales de Alcatel en Chile.<\/p>\n<p>\u00abEs un concurso que nos promete grandes retos, al menos para m\u00ed eso es lo que representa, un reto para superar a las muy buenas competidores, pues ya los escuch\u00e9 y debo reconocer que hay algunos muy buenos, tendr\u00e9 que esforzarme mucho para ganar este concurso\u00bb, coment\u00f3 a Diario El Trabajo Paula.<\/p>\n<p>Seg\u00fan la joven cantante, \u00abyo escribo mis propias canciones desde mis 16 a\u00f1os, aunque desde que estaba en el coro infantil de la iglesia evang\u00e9lica a la que me llevaban mis padres, desde esas edad canto en p\u00fablico, ahora lo que viene en \u2018Las Regiones cantan 2014\u2019 es interpretar covers, pues son las reglas del concurso y hay que respetarlas\u00bb, agreg\u00f3 Portal.<\/p>\n<p><strong>EL CONCURSO<\/strong><\/p>\n<p>En la Regi\u00f3n del B\u00edo B\u00edo se dio el Vamos al primer show televisivo hecho 100% en casa, el que se realiz\u00f3 en el domo del Casino Marina del Sol desde las 22:00 horas del domingo pasado. \u00bfLa f\u00f3rmula? Un programa de talentos, que re\u00fane a diez cantantes de distintas localidades del pa\u00eds. Todos luchan por un premio final: un auto cero kil\u00f3metro -s\u00ed, nuevecito de paquete- para el artista que logre llegar a la cima de Las Regiones Cantan.<\/p>\n<p>El mismo es transmitido por TVU y presenta a los participantes quienes fueron evaluado por el jurado compuesto por el compositor, Juan Carlos Duque; la soprano, Sherezade Perdomo y el cantante chileno, Keko Yunge (el que interpret\u00f3 la canci\u00f3n \u2018Estoy pensando en ti\u2019 en la telenovela Rojo y Miel.<\/p>\n<p>Daniela Castillo, cantante y ex-rostro del programa Rojo (TVN), es la encargada de conducir el espacio. Junto a ella est\u00e1 el animador magall\u00e1nico, Oscar Espa\u00f1a y el periodista y conductor del matinal de TVU, Edgardo Galo Vargas, quien es el responsable de conocer el estado de los nerviosos participantes tras bambalinas.<\/p>\n<p>\u00abPara ganar y sobrevivir en este concurso yo necesito tres cosas, talento para acumular el mejor puntaje del Jurado, tambi\u00e9n pueden votar por m\u00ed enviando la palabra PAULA al 1320, tambi\u00e9n el p\u00fablico tiene el poder de \u2018salvar\u2019 a a cualquier participante si este ha sido eliminado\u00bb, coment\u00f3 finalmente nuestra representante sanfelipe\u00f1a.<\/p>\n<p>Roberto Gonz\u00e1lez Short<\/p>\n<p>rgonzalez@eltrabajo.cl<\/p>\n<div class=\"tiled-gallery type-rectangular tiled-gallery-unresized\" data-original-width=\"640\" data-carousel-extra='null' itemscope itemtype=\"http:\/\/schema.org\/ImageGallery\" > <div class=\"gallery-row\" style=\"width: 640px; height: 235px;\" data-original-width=\"640\" data-original-height=\"235\" > <div class=\"gallery-group images-1\" style=\"width: 295px; height: 235px;\" data-original-width=\"295\" data-original-height=\"235\" > <div class=\"tiled-gallery-item tiled-gallery-item-large\" itemprop=\"associatedMedia\" itemscope itemtype=\"http:\/\/schema.org\/ImageObject\"> <a href=\"https:\/\/eltrabajo.cl\/portal\/despampanante-sanfelipena-nos-representa-en-las-regiones-cantan-2014\/paula-9\/\" border=\"0\" itemprop=\"url\"> <meta itemprop=\"width\" content=\"291\"> <meta itemprop=\"height\" content=\"231\"> <img decoding=\"async\" class=\"\" data-attachment-id=\"46399\" data-orig-file=\"https:\/\/eltrabajo.cl\/portal\/wp-content\/uploads\/2014\/05\/Paula-9.jpg\" data-orig-size=\"529,419\" data-comments-opened=\"1\" data-image-meta=\"{&quot;aperture&quot;:&quot;0&quot;,&quot;credit&quot;:&quot;&quot;,&quot;camera&quot;:&quot;&quot;,&quot;caption&quot;:&quot;&quot;,&quot;created_timestamp&quot;:&quot;0&quot;,&quot;copyright&quot;:&quot;&quot;,&quot;focal_length&quot;:&quot;0&quot;,&quot;iso&quot;:&quot;0&quot;,&quot;shutter_speed&quot;:&quot;0&quot;,&quot;title&quot;:&quot;&quot;}\" data-image-title=\"Paula 9\" data-image-description=\"&lt;p&gt;DESDE CHICA.- Desde muy chica Paula Portal dedica su tiempo libre al canto, ahora lo hace casi de manera profesional.&lt;\/p&gt; \" data-medium-file=\"https:\/\/i0.wp.com\/eltrabajo.cl\/portal\/wp-content\/uploads\/2014\/05\/Paula-9.jpg?fit=300%2C237&#038;ssl=1\" data-large-file=\"https:\/\/i0.wp.com\/eltrabajo.cl\/portal\/wp-content\/uploads\/2014\/05\/Paula-9.jpg?fit=529%2C419&#038;ssl=1\" src=\"https:\/\/i0.wp.com\/eltrabajo.cl\/portal\/wp-content\/uploads\/2014\/05\/Paula-9.jpg?w=291&#038;h=231&#038;ssl=1\" srcset=\"https:\/\/i0.wp.com\/eltrabajo.cl\/portal\/wp-content\/uploads\/2014\/05\/Paula-9.jpg?w=529&amp;ssl=1 529w, https:\/\/i0.wp.com\/eltrabajo.cl\/portal\/wp-content\/uploads\/2014\/05\/Paula-9.jpg?resize=189%2C150&amp;ssl=1 189w, https:\/\/i0.wp.com\/eltrabajo.cl\/portal\/wp-content\/uploads\/2014\/05\/Paula-9.jpg?resize=300%2C237&amp;ssl=1 300w, https:\/\/i0.wp.com\/eltrabajo.cl\/portal\/wp-content\/uploads\/2014\/05\/Paula-9.jpg?resize=150%2C118&amp;ssl=1 150w, https:\/\/i0.wp.com\/eltrabajo.cl\/portal\/wp-content\/uploads\/2014\/05\/Paula-9.jpg?resize=400%2C316&amp;ssl=1 400w\" width=\"291\" height=\"231\" loading=\"lazy\" data-original-width=\"291\" data-original-height=\"231\" itemprop=\"http:\/\/schema.org\/image\" title=\"Paula 9\" alt=\"DESDE CHICA.- Desde muy chica Paula Portal dedica su tiempo libre al canto, ahora lo hace casi de manera profesional.\" style=\"width: 291px; height: 231px;\" \/> <\/a> <div class=\"tiled-gallery-caption\" itemprop=\"caption description\"> DESDE CHICA.- Desde muy chica Paula Portal dedica su tiempo libre al canto, ahora lo hace casi de manera profesional. <\/div> <\/div> <\/div> <!-- close group --> <div class=\"gallery-group images-1\" style=\"width: 345px; height: 235px;\" data-original-width=\"345\" data-original-height=\"235\" > <div class=\"tiled-gallery-item tiled-gallery-item-large\" itemprop=\"associatedMedia\" itemscope itemtype=\"http:\/\/schema.org\/ImageObject\"> <a href=\"https:\/\/eltrabajo.cl\/portal\/despampanante-sanfelipena-nos-representa-en-las-regiones-cantan-2014\/regalona2\/\" border=\"0\" itemprop=\"url\"> <meta itemprop=\"width\" content=\"341\"> <meta itemprop=\"height\" content=\"231\"> <img decoding=\"async\" class=\"\" data-attachment-id=\"46400\" data-orig-file=\"https:\/\/eltrabajo.cl\/portal\/wp-content\/uploads\/2014\/05\/Regalona2.jpg\" data-orig-size=\"529,358\" data-comments-opened=\"1\" data-image-meta=\"{&quot;aperture&quot;:&quot;4.5&quot;,&quot;credit&quot;:&quot;&quot;,&quot;camera&quot;:&quot;Canon EOS REBEL T1i&quot;,&quot;caption&quot;:&quot;&quot;,&quot;created_timestamp&quot;:&quot;1399553975&quot;,&quot;copyright&quot;:&quot;&quot;,&quot;focal_length&quot;:&quot;32&quot;,&quot;iso&quot;:&quot;400&quot;,&quot;shutter_speed&quot;:&quot;0.016666666666667&quot;,&quot;title&quot;:&quot;&quot;}\" data-image-title=\"Regalona2\" data-image-description=\"&lt;p&gt;DE ARMAS TOMAR.- Paula Portal tiene 18 a\u00f1os; es soltera y sin compromisos; est\u00e1 dedicando su A\u00f1o sab\u00e1tico a estudiar y hacer m\u00fasica.&lt;\/p&gt; \" data-medium-file=\"https:\/\/i0.wp.com\/eltrabajo.cl\/portal\/wp-content\/uploads\/2014\/05\/Regalona2.jpg?fit=300%2C203&#038;ssl=1\" data-large-file=\"https:\/\/i0.wp.com\/eltrabajo.cl\/portal\/wp-content\/uploads\/2014\/05\/Regalona2.jpg?fit=529%2C358&#038;ssl=1\" src=\"https:\/\/i0.wp.com\/eltrabajo.cl\/portal\/wp-content\/uploads\/2014\/05\/Regalona2.jpg?w=341&#038;h=231&#038;ssl=1\" srcset=\"https:\/\/i0.wp.com\/eltrabajo.cl\/portal\/wp-content\/uploads\/2014\/05\/Regalona2.jpg?w=529&amp;ssl=1 529w, https:\/\/i0.wp.com\/eltrabajo.cl\/portal\/wp-content\/uploads\/2014\/05\/Regalona2.jpg?resize=200%2C135&amp;ssl=1 200w, https:\/\/i0.wp.com\/eltrabajo.cl\/portal\/wp-content\/uploads\/2014\/05\/Regalona2.jpg?resize=300%2C203&amp;ssl=1 300w, https:\/\/i0.wp.com\/eltrabajo.cl\/portal\/wp-content\/uploads\/2014\/05\/Regalona2.jpg?resize=150%2C101&amp;ssl=1 150w, https:\/\/i0.wp.com\/eltrabajo.cl\/portal\/wp-content\/uploads\/2014\/05\/Regalona2.jpg?resize=400%2C270&amp;ssl=1 400w\" width=\"341\" height=\"231\" loading=\"lazy\" data-original-width=\"341\" data-original-height=\"231\" itemprop=\"http:\/\/schema.org\/image\" title=\"Regalona2\" alt=\"DE ARMAS TOMAR.- Paula Portal tiene 18 a\u00f1os; es soltera y sin compromisos; est\u00e1 dedicando su A\u00f1o sab\u00e1tico a estudiar y hacer m\u00fasica.\" style=\"width: 341px; height: 231px;\" \/> <\/a> <div class=\"tiled-gallery-caption\" itemprop=\"caption description\"> DE ARMAS TOMAR.- Paula Portal tiene 18 a\u00f1os; es soltera y sin compromisos; est\u00e1 dedicando su A\u00f1o sab\u00e1tico a estudiar y hacer m\u00fasica. <\/div> <\/div> <\/div> <!-- close group --> <\/div> <!-- close row --> <\/div>\n","protected":false},"excerpt":{"rendered":"<p>Este domingo 11 de mayo y luego que se diera por inaugurado el concurso Las Regiones cantan en Concepci\u00f3n la semana pasada, dar\u00e1n inicio las presentaciones a todo galope de los diez&#8230;<\/p>\n","protected":false},"author":482,"featured_media":46398,"comment_status":"open","ping_status":"closed","sticky":false,"template":"","format":"standard","meta":{"advanced_seo_description":"","jetpack_seo_html_title":"","jetpack_seo_noindex":false,"_jetpack_memberships_contains_paid_content":false,"footnotes":""},"categories":[15],"tags":[],"class_list":["post-46397","post","type-post","status-publish","format-standard","has-post-thumbnail","hentry","category-comunidad"],"jetpack_featured_media_url":"https:\/\/i0.wp.com\/eltrabajo.cl\/portal\/wp-content\/uploads\/2014\/05\/Regalona1.jpg?fit=529%2C652&ssl=1","jetpack_sharing_enabled":true,"jetpack_likes_enabled":true,"jetpack-related-posts":[],"_links":{"self":[{"href":"https:\/\/eltrabajo.cl\/portal\/wp-json\/wp\/v2\/posts\/46397","targetHints":{"allow":["GET"]}}],"collection":[{"href":"https:\/\/eltrabajo.cl\/portal\/wp-json\/wp\/v2\/posts"}],"about":[{"href":"https:\/\/eltrabajo.cl\/portal\/wp-json\/wp\/v2\/types\/post"}],"author":[{"embeddable":true,"href":"https:\/\/eltrabajo.cl\/portal\/wp-json\/wp\/v2\/users\/482"}],"replies":[{"embeddable":true,"href":"https:\/\/eltrabajo.cl\/portal\/wp-json\/wp\/v2\/comments?post=46397"}],"version-history":[{"count":0,"href":"https:\/\/eltrabajo.cl\/portal\/wp-json\/wp\/v2\/posts\/46397\/revisions"}],"wp:featuredmedia":[{"embeddable":true,"href":"https:\/\/eltrabajo.cl\/portal\/wp-json\/wp\/v2\/media\/46398"}],"wp:attachment":[{"href":"https:\/\/eltrabajo.cl\/portal\/wp-json\/wp\/v2\/media?parent=46397"}],"wp:term":[{"taxonomy":"category","embeddable":true,"href":"https:\/\/eltrabajo.cl\/portal\/wp-json\/wp\/v2\/categories?post=46397"},{"taxonomy":"post_tag","embeddable":true,"href":"https:\/\/eltrabajo.cl\/portal\/wp-json\/wp\/v2\/tags?post=46397"}],"curies":[{"name":"wp","href":"https:\/\/api.w.org\/{rel}","templated":true}]}}