{"id":46414,"date":"2014-05-12T09:23:03","date_gmt":"2014-05-12T13:23:03","guid":{"rendered":"http:\/\/www.eltrabajo.cl\/portal\/?p=46414"},"modified":"2014-05-12T09:23:03","modified_gmt":"2014-05-12T13:23:03","slug":"vecinos-denuncian-toma-de-terrenos-en-callejon-lo-aranda","status":"publish","type":"post","link":"https:\/\/eltrabajo.cl\/portal\/vecinos-denuncian-toma-de-terrenos-en-callejon-lo-aranda\/","title":{"rendered":"Vecinos denuncian toma de terrenos en Callej\u00f3n Lo Aranda"},"content":{"rendered":"<figure id=\"attachment_46415\" aria-describedby=\"caption-attachment-46415\" style=\"width: 529px\" class=\"wp-caption alignnone\"><a href=\"https:\/\/i0.wp.com\/www.eltrabajo.cl\/portal\/wp-content\/uploads\/2014\/05\/Bandera1.jpg\"><img data-recalc-dims=\"1\" loading=\"lazy\" decoding=\"async\" class=\"size-full wp-image-46415\" alt=\"TOMAN TERRENOS.- Varias familias provenientes de San Felipe estar\u00edan tom\u00e1ndose terrenos en ese sector.\" src=\"https:\/\/i0.wp.com\/www.eltrabajo.cl\/portal\/wp-content\/uploads\/2014\/05\/Bandera1.jpg?resize=529%2C445\" width=\"529\" height=\"445\" srcset=\"https:\/\/i0.wp.com\/eltrabajo.cl\/portal\/wp-content\/uploads\/2014\/05\/Bandera1.jpg?w=529&amp;ssl=1 529w, https:\/\/i0.wp.com\/eltrabajo.cl\/portal\/wp-content\/uploads\/2014\/05\/Bandera1.jpg?resize=178%2C150&amp;ssl=1 178w, https:\/\/i0.wp.com\/eltrabajo.cl\/portal\/wp-content\/uploads\/2014\/05\/Bandera1.jpg?resize=300%2C252&amp;ssl=1 300w, https:\/\/i0.wp.com\/eltrabajo.cl\/portal\/wp-content\/uploads\/2014\/05\/Bandera1.jpg?resize=150%2C126&amp;ssl=1 150w, https:\/\/i0.wp.com\/eltrabajo.cl\/portal\/wp-content\/uploads\/2014\/05\/Bandera1.jpg?resize=400%2C336&amp;ssl=1 400w\" sizes=\"auto, (max-width: 529px) 100vw, 529px\" \/><\/a><figcaption id=\"caption-attachment-46415\" class=\"wp-caption-text\">TOMAN TERRENOS.- Varias familias provenientes de San Felipe estar\u00edan tom\u00e1ndose terrenos en ese sector.<\/figcaption><\/figure>\n<p><b>PUTAENDO<\/b>.- Una preocupante situaci\u00f3n han denunciado vecinos que viven en Callej\u00f3n Lo Aranda de Quebrada Herrera, luego que familias provenientes de San Felipe comenzaran a tomarse terrenos en ese sector. Esta informaci\u00f3n fue confirmada por el Alcalde Guillermo Reyes, quien indic\u00f3 que en Callej\u00f3n Lo Aranda de Quebrada Herrera desde a lo menos catorce a\u00f1os viven casi 15 familias de Putaendo que han luchado por regularizar sus terrenos que hoy son propiedad del Fisco y que los mismos vecinos han denunciado como en las \u00faltimas tres semanas casi diez familias provenientes de distintos sectores de San Felipe, han cerrado algunos terrenos perimetralmente en forma ilegal; han realizado excavaciones para instalaci\u00f3n de ba\u00f1os; han marcado los lugares donde van a construir e incluso han levantado peque\u00f1as construcciones, lo que es totalmente ilegal pues se trata de una toma de terrenos fiscales.<\/p>\n<figure id=\"attachment_46416\" aria-describedby=\"caption-attachment-46416\" style=\"width: 370px\" class=\"wp-caption alignright\"><a href=\"https:\/\/i0.wp.com\/www.eltrabajo.cl\/portal\/wp-content\/uploads\/2014\/05\/Cerca1.jpg\"><img data-recalc-dims=\"1\" loading=\"lazy\" decoding=\"async\" class=\" wp-image-46416 \" alt=\"Varios de quienes han realizado esta toma est\u00e1n citados para el pr\u00f3ximo 15 de mayo al Juzgado de Polic\u00eda.\" src=\"https:\/\/i0.wp.com\/www.eltrabajo.cl\/portal\/wp-content\/uploads\/2014\/05\/Cerca1.jpg?resize=370%2C280\" width=\"370\" height=\"280\" srcset=\"https:\/\/i0.wp.com\/eltrabajo.cl\/portal\/wp-content\/uploads\/2014\/05\/Cerca1.jpg?w=529&amp;ssl=1 529w, https:\/\/i0.wp.com\/eltrabajo.cl\/portal\/wp-content\/uploads\/2014\/05\/Cerca1.jpg?resize=198%2C150&amp;ssl=1 198w, https:\/\/i0.wp.com\/eltrabajo.cl\/portal\/wp-content\/uploads\/2014\/05\/Cerca1.jpg?resize=300%2C226&amp;ssl=1 300w, https:\/\/i0.wp.com\/eltrabajo.cl\/portal\/wp-content\/uploads\/2014\/05\/Cerca1.jpg?resize=150%2C113&amp;ssl=1 150w, https:\/\/i0.wp.com\/eltrabajo.cl\/portal\/wp-content\/uploads\/2014\/05\/Cerca1.jpg?resize=400%2C302&amp;ssl=1 400w\" sizes=\"auto, (max-width: 370px) 100vw, 370px\" \/><\/a><figcaption id=\"caption-attachment-46416\" class=\"wp-caption-text\">Varios de quienes han realizado esta toma est\u00e1n citados para el pr\u00f3ximo 15 de mayo al Juzgado de Polic\u00eda.<\/figcaption><\/figure>\n<p>La primera autoridad comunal dijo que este es un hecho grave y que incluso varios de quienes han realizado esta toma est\u00e1n citados para el pr\u00f3ximo 15 de mayo al Juzgado de Polic\u00eda Local luego que la municipalidad entablara las denuncias correspondientes.<\/p>\n<p>El edil asegur\u00f3 que las familias que se han tomado los terrenos incluso se han instalado en el lugar por donde pasar\u00e1 la futura carretera y que de acuerdo a los antecedentes que ha recabado, son familias bastante \u2018complicadas\u2019 las que han llegado a ese tranquilo sector.<\/p>\n<p><strong>\u00a0\u00abSEGUIREMOS\u00a0LUCHANDO\u00bb<\/strong><\/p>\n<p>El Alcalde Guillermo Reyes asegur\u00f3 que al tratarse de un terreno fiscal, se busc\u00f3 en el gobierno anterior el apoyo para que esos terrenos fuesen vendidos al municipio y luego traspasados a las familias que llevan casi catorce a\u00f1os en esa zona, pero lamentablemente falt\u00f3 voluntad del gobierno de Pi\u00f1era, que como \u00fanica alternativa propuso licitar esos terrenos, lo que en palabras simples significaba rematarlos y exist\u00eda el riesgo de que esas casi trece hect\u00e1reas pudiesen haber sido rematadas por un particular.<\/p>\n<p>El edil agreg\u00f3 que hoy ya se ha reunido con el Seremi de Bienes Nacionales para buscar el apoyo del gobierno de la Presidente Bachelet para regularizar esos terrenos y que las familias que ah\u00ed viven puedan estar tranquilas.<\/p>\n<p><strong>\u00a0BALACERAS<\/strong><\/p>\n<p>En horas de la tarde de este viernes, un grupo de vecinos de Callej\u00f3n Lo Aranda, quienes solicitaron reserva de su identidad, concurrieron hasta la Tenencia de Carabineros de Putaendo donde fueron acompa\u00f1ados por el Administrador Municipal Fabi\u00e1n Mu\u00f1oz y plantearon al Teniente \u00c1ngelo Acevedo la preocupaci\u00f3n que tienen las familias del sector con la llegada de familias provenientes de las poblaciones Juan Pablo II, Villa 250 A\u00f1os y Villa Departamental entre otras y aseguraron a nuestro medio que incluso en las noches se producen des\u00f3rdenes, mucha ingesta de alcohol y que algunas de esas personas disparan al aire todo tipo de armamento, por lo que los vecinos est\u00e1n atemorizados ante estos hechos.<\/p>\n<p>El Teniente Acevedo se\u00f1al\u00f3 que consciente de la gravedad de estas denuncias, ha ordenado una r\u00e1pida investigaci\u00f3n y recopilaci\u00f3n de antecedentes por parte del destacamento de Quebrada Herrera e indic\u00f3 que en las pr\u00f3ximas horas, una vez que re\u00fanan m\u00e1s antecedentes, tomar\u00e1n los cursos de acci\u00f3n necesarios para restablecer el orden e incluso no descarta un desalojo de quienes han ocupado estos terrenos en forma ilegal.<\/p>\n<p>Patricio Gallardo M.<\/p>\n<p>&nbsp;<\/p>\n","protected":false},"excerpt":{"rendered":"<p>PUTAENDO.- Una preocupante situaci\u00f3n han denunciado vecinos que viven en Callej\u00f3n Lo Aranda de Quebrada Herrera, luego que familias provenientes de San Felipe comenzaran a tomarse terrenos en ese sector. Esta informaci\u00f3n&#8230;<\/p>\n","protected":false},"author":482,"featured_media":46415,"comment_status":"open","ping_status":"closed","sticky":false,"template":"","format":"standard","meta":{"advanced_seo_description":"","jetpack_seo_html_title":"","jetpack_seo_noindex":false,"_jetpack_memberships_contains_paid_content":false,"footnotes":""},"categories":[15],"tags":[],"class_list":["post-46414","post","type-post","status-publish","format-standard","has-post-thumbnail","hentry","category-comunidad"],"jetpack_featured_media_url":"https:\/\/i0.wp.com\/eltrabajo.cl\/portal\/wp-content\/uploads\/2014\/05\/Bandera1.jpg?fit=529%2C445&ssl=1","jetpack_sharing_enabled":true,"jetpack_likes_enabled":true,"jetpack-related-posts":[],"_links":{"self":[{"href":"https:\/\/eltrabajo.cl\/portal\/wp-json\/wp\/v2\/posts\/46414","targetHints":{"allow":["GET"]}}],"collection":[{"href":"https:\/\/eltrabajo.cl\/portal\/wp-json\/wp\/v2\/posts"}],"about":[{"href":"https:\/\/eltrabajo.cl\/portal\/wp-json\/wp\/v2\/types\/post"}],"author":[{"embeddable":true,"href":"https:\/\/eltrabajo.cl\/portal\/wp-json\/wp\/v2\/users\/482"}],"replies":[{"embeddable":true,"href":"https:\/\/eltrabajo.cl\/portal\/wp-json\/wp\/v2\/comments?post=46414"}],"version-history":[{"count":0,"href":"https:\/\/eltrabajo.cl\/portal\/wp-json\/wp\/v2\/posts\/46414\/revisions"}],"wp:featuredmedia":[{"embeddable":true,"href":"https:\/\/eltrabajo.cl\/portal\/wp-json\/wp\/v2\/media\/46415"}],"wp:attachment":[{"href":"https:\/\/eltrabajo.cl\/portal\/wp-json\/wp\/v2\/media?parent=46414"}],"wp:term":[{"taxonomy":"category","embeddable":true,"href":"https:\/\/eltrabajo.cl\/portal\/wp-json\/wp\/v2\/categories?post=46414"},{"taxonomy":"post_tag","embeddable":true,"href":"https:\/\/eltrabajo.cl\/portal\/wp-json\/wp\/v2\/tags?post=46414"}],"curies":[{"name":"wp","href":"https:\/\/api.w.org\/{rel}","templated":true}]}}