{"id":46419,"date":"2014-05-12T09:24:16","date_gmt":"2014-05-12T13:24:16","guid":{"rendered":"http:\/\/www.eltrabajo.cl\/portal\/?p=46419"},"modified":"2014-05-12T09:24:16","modified_gmt":"2014-05-12T13:24:16","slug":"con-talleres-arte-terapia-fortalecen-a-ninos-con-capacidades-diferentes","status":"publish","type":"post","link":"https:\/\/eltrabajo.cl\/portal\/con-talleres-arte-terapia-fortalecen-a-ninos-con-capacidades-diferentes\/","title":{"rendered":"Con talleres arte-terapia fortalecen a ni\u00f1os con capacidades diferentes"},"content":{"rendered":"<figure id=\"attachment_46420\" aria-describedby=\"caption-attachment-46420\" style=\"width: 529px\" class=\"wp-caption alignnone\"><a href=\"https:\/\/i0.wp.com\/www.eltrabajo.cl\/portal\/wp-content\/uploads\/2014\/05\/Club1.jpg\"><img data-recalc-dims=\"1\" loading=\"lazy\" decoding=\"async\" class=\"size-full wp-image-46420\" alt=\"A trav\u00e9s del trabajo con mosaicos, los j\u00f3venes y adultos que asisten al club, lograron no s\u00f3lo fortalecer su motricidad fina, sino que tambi\u00e9n su creatividad y autoexpresi\u00f3n.\" src=\"https:\/\/i0.wp.com\/www.eltrabajo.cl\/portal\/wp-content\/uploads\/2014\/05\/Club1.jpg?resize=529%2C358\" width=\"529\" height=\"358\" srcset=\"https:\/\/i0.wp.com\/eltrabajo.cl\/portal\/wp-content\/uploads\/2014\/05\/Club1.jpg?w=529&amp;ssl=1 529w, https:\/\/i0.wp.com\/eltrabajo.cl\/portal\/wp-content\/uploads\/2014\/05\/Club1.jpg?resize=200%2C135&amp;ssl=1 200w, https:\/\/i0.wp.com\/eltrabajo.cl\/portal\/wp-content\/uploads\/2014\/05\/Club1.jpg?resize=300%2C203&amp;ssl=1 300w, https:\/\/i0.wp.com\/eltrabajo.cl\/portal\/wp-content\/uploads\/2014\/05\/Club1.jpg?resize=150%2C101&amp;ssl=1 150w, https:\/\/i0.wp.com\/eltrabajo.cl\/portal\/wp-content\/uploads\/2014\/05\/Club1.jpg?resize=400%2C270&amp;ssl=1 400w\" sizes=\"auto, (max-width: 529px) 100vw, 529px\" \/><\/a><figcaption id=\"caption-attachment-46420\" class=\"wp-caption-text\">A trav\u00e9s del trabajo con mosaicos, los j\u00f3venes y adultos que asisten al club, lograron no s\u00f3lo fortalecer su motricidad fina, sino que tambi\u00e9n su creatividad y autoexpresi\u00f3n.<\/figcaption><\/figure>\n<p><strong>CALLE LARGA.<\/strong>&#8211; Fortalecer la motricidad fina, como tambi\u00e9n vincular a sus participantes con el arte, fue el objetivo del taller de arte-terapia, desarrollado en el \u2018Club de amigos de los ni\u00f1os y ni\u00f1as con capacidades diferentes de Calle Larga\u2019, y que fue postulado por la Municipalidad de Calle Larga en conjunto con la agrupaci\u00f3n, al Programa de Acci\u00f3n en Comunidad de Fosis. A trav\u00e9s del trabajo con mosaicos, los j\u00f3venes y adultos que asisten al club, lograron no s\u00f3lo fortalecer su motricidad fina, sino que tambi\u00e9n su creatividad y autoexpresi\u00f3n.<\/p>\n<p>\u201cComo municipio, siempre hemos trabajado bajo la l\u00f3gica de la inclusi\u00f3n de los usuarios de este centro. Precisamente este taller est\u00e1 enfocado a fortalecer ese valor, ya que a trav\u00e9s de la expresi\u00f3n art\u00edstica ellos se insertan en la sociedad a trav\u00e9s de un medio tan valioso y expresivo como lo es el arte\u201d, sostuvo el Alcalde Nelson Venegas. En este taller no s\u00f3lo los miembros del club participaron. Tambi\u00e9n sus familias y las monitoras del club se hicieron parte activa de esta iniciativa.<\/p>\n<p>\u201cLos j\u00f3venes y los apoderados est\u00e1n muy contentos con este taller que nos ha tra\u00eddo muchos beneficios. En un principio este taller estuvo pensado para los j\u00f3venes y adultos socios del club, pero de a poco se fueron incorporando sus familias y eso nos tiene muy contentos\u201d, manifest\u00f3 Clara Alfaro, presidenta del club.<\/p>\n<p>Por su parte Pamela Gorich\u00f3n, Agente de Desarrollo Local de Fosis, destac\u00f3 los buenos resultados obtenidos con el proyecto. \u201cEste fue un proyecto muy exitoso que involucr\u00f3 a activamente a los usuarios y sus familias. Tuvo una inversi\u00f3n de $2 millones, dinero que adem\u00e1s de financiar los materiales y las profesoras, permiti\u00f3 que se adquirieran algunos elementos que permitieron implementar la casa que ocupa el club y que permitir\u00e1 que la estad\u00eda tanto de los usuarios, como tambi\u00e9n de sus familias y de las monitoras, sea m\u00e1s c\u00f3moda\u201d.<\/p>\n<p>&nbsp;<\/p>\n","protected":false},"excerpt":{"rendered":"<p>CALLE LARGA.&#8211; Fortalecer la motricidad fina, como tambi\u00e9n vincular a sus participantes con el arte, fue el objetivo del taller de arte-terapia, desarrollado en el \u2018Club de amigos de los ni\u00f1os y&#8230;<\/p>\n","protected":false},"author":482,"featured_media":46420,"comment_status":"open","ping_status":"closed","sticky":false,"template":"","format":"standard","meta":{"advanced_seo_description":"","jetpack_seo_html_title":"","jetpack_seo_noindex":false,"_jetpack_memberships_contains_paid_content":false,"footnotes":""},"categories":[1],"tags":[],"class_list":["post-46419","post","type-post","status-publish","format-standard","has-post-thumbnail","hentry","category-cronica"],"jetpack_featured_media_url":"https:\/\/i0.wp.com\/eltrabajo.cl\/portal\/wp-content\/uploads\/2014\/05\/Club1.jpg?fit=529%2C358&ssl=1","jetpack_sharing_enabled":true,"jetpack_likes_enabled":true,"jetpack-related-posts":[],"_links":{"self":[{"href":"https:\/\/eltrabajo.cl\/portal\/wp-json\/wp\/v2\/posts\/46419","targetHints":{"allow":["GET"]}}],"collection":[{"href":"https:\/\/eltrabajo.cl\/portal\/wp-json\/wp\/v2\/posts"}],"about":[{"href":"https:\/\/eltrabajo.cl\/portal\/wp-json\/wp\/v2\/types\/post"}],"author":[{"embeddable":true,"href":"https:\/\/eltrabajo.cl\/portal\/wp-json\/wp\/v2\/users\/482"}],"replies":[{"embeddable":true,"href":"https:\/\/eltrabajo.cl\/portal\/wp-json\/wp\/v2\/comments?post=46419"}],"version-history":[{"count":0,"href":"https:\/\/eltrabajo.cl\/portal\/wp-json\/wp\/v2\/posts\/46419\/revisions"}],"wp:featuredmedia":[{"embeddable":true,"href":"https:\/\/eltrabajo.cl\/portal\/wp-json\/wp\/v2\/media\/46420"}],"wp:attachment":[{"href":"https:\/\/eltrabajo.cl\/portal\/wp-json\/wp\/v2\/media?parent=46419"}],"wp:term":[{"taxonomy":"category","embeddable":true,"href":"https:\/\/eltrabajo.cl\/portal\/wp-json\/wp\/v2\/categories?post=46419"},{"taxonomy":"post_tag","embeddable":true,"href":"https:\/\/eltrabajo.cl\/portal\/wp-json\/wp\/v2\/tags?post=46419"}],"curies":[{"name":"wp","href":"https:\/\/api.w.org\/{rel}","templated":true}]}}