{"id":46428,"date":"2014-05-12T09:27:35","date_gmt":"2014-05-12T13:27:35","guid":{"rendered":"http:\/\/www.eltrabajo.cl\/portal\/?p=46428"},"modified":"2014-05-12T09:27:35","modified_gmt":"2014-05-12T13:27:35","slug":"alumnos-sanfelipenos-inician-proceso-para-convertirse-en-lideres","status":"publish","type":"post","link":"https:\/\/eltrabajo.cl\/portal\/alumnos-sanfelipenos-inician-proceso-para-convertirse-en-lideres\/","title":{"rendered":"Alumnos sanfelipe\u00f1os inician proceso para convertirse en l\u00edderes"},"content":{"rendered":"<figure id=\"attachment_46429\" aria-describedby=\"caption-attachment-46429\" style=\"width: 529px\" class=\"wp-caption alignnone\"><a href=\"https:\/\/i0.wp.com\/www.eltrabajo.cl\/portal\/wp-content\/uploads\/2014\/05\/Lideres1.jpg\"><img data-recalc-dims=\"1\" loading=\"lazy\" decoding=\"async\" class=\"size-full wp-image-46429\" alt=\"L\u00cdDERES.- La iniciativa de la OPD San Felipe, permite por cuarto a\u00f1o consecutivo el desarrollo de la Escuela de L\u00edderes Juveniles.\" src=\"https:\/\/i0.wp.com\/www.eltrabajo.cl\/portal\/wp-content\/uploads\/2014\/05\/Lideres1.jpg?resize=529%2C358\" width=\"529\" height=\"358\" srcset=\"https:\/\/i0.wp.com\/eltrabajo.cl\/portal\/wp-content\/uploads\/2014\/05\/Lideres1.jpg?w=529&amp;ssl=1 529w, https:\/\/i0.wp.com\/eltrabajo.cl\/portal\/wp-content\/uploads\/2014\/05\/Lideres1.jpg?resize=200%2C135&amp;ssl=1 200w, https:\/\/i0.wp.com\/eltrabajo.cl\/portal\/wp-content\/uploads\/2014\/05\/Lideres1.jpg?resize=300%2C203&amp;ssl=1 300w, https:\/\/i0.wp.com\/eltrabajo.cl\/portal\/wp-content\/uploads\/2014\/05\/Lideres1.jpg?resize=150%2C101&amp;ssl=1 150w, https:\/\/i0.wp.com\/eltrabajo.cl\/portal\/wp-content\/uploads\/2014\/05\/Lideres1.jpg?resize=400%2C270&amp;ssl=1 400w\" sizes=\"auto, (max-width: 529px) 100vw, 529px\" \/><\/a><figcaption id=\"caption-attachment-46429\" class=\"wp-caption-text\">L\u00cdDERES.- La iniciativa de la OPD San Felipe, permite por cuarto a\u00f1o consecutivo el desarrollo de la Escuela de L\u00edderes Juveniles.<\/figcaption><\/figure>\n<p>Felices y muy entusiasmados por la oportunidad de adquirir los elementos y herramientas que les permitan convertirse en l\u00edderes, se mostraron los m\u00e1s de 60 alumnos de distintos establecimientos educacionales de las comunas de San Felipe y Putaendo, que llegaron a la jornada inicial de la Escuela de L\u00edderes Juveniles que inici\u00f3 la Oficina de Protecci\u00f3n de Derechos de la Infancia, OPD San Felipe, en conjunto con la Universidad de Valpara\u00edso.<\/p>\n<p>Ser\u00e1n diez sesiones con m\u00f3dulos de tres horas de duraci\u00f3n, las que tendr\u00e1n los alumnos participantes, donde recibir\u00e1n nociones de trabajo en equipo, oratoria; formulaci\u00f3n de proyectos; opini\u00f3n p\u00fablica; participaci\u00f3n ciudadana; organizaci\u00f3n de eventos entre otros temas, los que se espera les sirvan de insumo para su formaci\u00f3n como l\u00edderes juveniles.<\/p>\n<p>Obviamente la primera jornada de la Escuela de L\u00edderes consider\u00f3 un m\u00f3dulo sobre sensibilizaci\u00f3n de derechos de la infancia y la adolescencia, el que fue dictado por el Psic\u00f3logo y Director de la ONG Capreis, Ramiro Gonz\u00e1lez.<\/p>\n<p>Previo a esta primera sesi\u00f3n se realiz\u00f3 la ceremonia de inauguraci\u00f3n de la actividad, la que estuvo presidida por el Gobernador Eduardo Le\u00f3n; el Alcalde Patricio Freire y la Coordinadora Administrativa del Campus San Felipe de la UV, A\u00edda Aguilar.<\/p>\n<p>En la ocasi\u00f3n, el Alcalde Freire destac\u00f3 que el af\u00e1n de la OPD, siguiendo los lineamientos que \u00e9l y Sename han entregado, ha sido el fortalecimiento de los ni\u00f1os como sujetos con liderazgo, ya que el municipio requiere de l\u00edderes que contribuyan al desarrollo de la comuna.<\/p>\n<p>\u201cDe ah\u00ed la importancia de la realizaci\u00f3n de este tipo de instancias, como es la Escuela de L\u00edderes, que en su cuarto a\u00f1o de ejecuci\u00f3n da cuenta del inter\u00e9s por entregar herramientas a los ni\u00f1os, ni\u00f1as y adolescentes para que se conviertan en l\u00edderes positivos de nuestra comuna, pero adem\u00e1s refuerza la alianza de trabajo conjunto con la Universidad de Valpara\u00edso\u201d, se\u00f1al\u00f3 el Alcalde Patricio Freire.<\/p>\n<p>Desde la Universidad de Valpara\u00edso, la Coordinadora del \u00c1rea de Extensi\u00f3n y Vinculaci\u00f3n con el Medio, Daisy Iturrieta, manifest\u00f3 que \u201cpara nosotros es muy grato compartir esta cuarta escuela de l\u00edderes, para as\u00ed ser un aporte a los j\u00f3venes. En ese marco, estamos entregando herramientas m\u00e1s pr\u00e1cticas a los ni\u00f1os y adolescentes\u201d.<\/p>\n<p>Entre los asistentes a la Escuela de L\u00edderes Juveniles, hay quienes est\u00e1n participando por segundo a\u00f1o consecutivo. Entre ellos, figuran los alumnos Kimberly Donoso y Fernando Leiva, alumnos del Liceo Roberto Humeres, as\u00ed como Juan Pablo Segura, alumno de la Escuela Jos\u00e9 de San Mart\u00edn, quienes adem\u00e1s participaron como maestros de ceremonia y orador, en la jornada inaugural. Los tres estudiantes dijeron estar muy felices por esta experiencia e invitaron a otros ni\u00f1os y adolescentes, a sumarse a esta iniciativa, explicando que constituye una oportunidad para aprender de temas que son fundamentales para formarse como l\u00edderes positivos en sus escuelas, barrios y por qu\u00e9 no decirlo, en su comuna, la regi\u00f3n y el pa\u00eds.<\/p>\n<p>\u201cHa sido una linda experiencia, por eso estoy participando de nuevo. Esto nos permite ejercer nuestra ciudadan\u00eda, independientemente de que seamos adolescentes. Nosotros tenemos el derecho a espacios de participaci\u00f3n y esta es una gran oportunidad\u201d, sentenci\u00f3 Fernando Leiva.<\/p>\n<p>&nbsp;<\/p>\n","protected":false},"excerpt":{"rendered":"<p>Felices y muy entusiasmados por la oportunidad de adquirir los elementos y herramientas que les permitan convertirse en l\u00edderes, se mostraron los m\u00e1s de 60 alumnos de distintos establecimientos educacionales de las&#8230;<\/p>\n","protected":false},"author":482,"featured_media":46429,"comment_status":"open","ping_status":"closed","sticky":false,"template":"","format":"standard","meta":{"advanced_seo_description":"","jetpack_seo_html_title":"","jetpack_seo_noindex":false,"_jetpack_memberships_contains_paid_content":false,"footnotes":""},"categories":[15],"tags":[],"class_list":["post-46428","post","type-post","status-publish","format-standard","has-post-thumbnail","hentry","category-comunidad"],"jetpack_featured_media_url":"https:\/\/i0.wp.com\/eltrabajo.cl\/portal\/wp-content\/uploads\/2014\/05\/Lideres1.jpg?fit=529%2C358&ssl=1","jetpack_sharing_enabled":true,"jetpack_likes_enabled":true,"jetpack-related-posts":[],"_links":{"self":[{"href":"https:\/\/eltrabajo.cl\/portal\/wp-json\/wp\/v2\/posts\/46428","targetHints":{"allow":["GET"]}}],"collection":[{"href":"https:\/\/eltrabajo.cl\/portal\/wp-json\/wp\/v2\/posts"}],"about":[{"href":"https:\/\/eltrabajo.cl\/portal\/wp-json\/wp\/v2\/types\/post"}],"author":[{"embeddable":true,"href":"https:\/\/eltrabajo.cl\/portal\/wp-json\/wp\/v2\/users\/482"}],"replies":[{"embeddable":true,"href":"https:\/\/eltrabajo.cl\/portal\/wp-json\/wp\/v2\/comments?post=46428"}],"version-history":[{"count":0,"href":"https:\/\/eltrabajo.cl\/portal\/wp-json\/wp\/v2\/posts\/46428\/revisions"}],"wp:featuredmedia":[{"embeddable":true,"href":"https:\/\/eltrabajo.cl\/portal\/wp-json\/wp\/v2\/media\/46429"}],"wp:attachment":[{"href":"https:\/\/eltrabajo.cl\/portal\/wp-json\/wp\/v2\/media?parent=46428"}],"wp:term":[{"taxonomy":"category","embeddable":true,"href":"https:\/\/eltrabajo.cl\/portal\/wp-json\/wp\/v2\/categories?post=46428"},{"taxonomy":"post_tag","embeddable":true,"href":"https:\/\/eltrabajo.cl\/portal\/wp-json\/wp\/v2\/tags?post=46428"}],"curies":[{"name":"wp","href":"https:\/\/api.w.org\/{rel}","templated":true}]}}