{"id":46431,"date":"2014-05-12T09:28:33","date_gmt":"2014-05-12T13:28:33","guid":{"rendered":"http:\/\/www.eltrabajo.cl\/portal\/?p=46431"},"modified":"2014-05-12T09:28:33","modified_gmt":"2014-05-12T13:28:33","slug":"sence-impulsara-en-aconcagua-nuevo-programa-de-formacion-en-oficios","status":"publish","type":"post","link":"https:\/\/eltrabajo.cl\/portal\/sence-impulsara-en-aconcagua-nuevo-programa-de-formacion-en-oficios\/","title":{"rendered":"Sence impulsar\u00e1 en Aconcagua nuevo programa de formaci\u00f3n en oficios"},"content":{"rendered":"<figure id=\"attachment_46432\" aria-describedby=\"caption-attachment-46432\" style=\"width: 529px\" class=\"wp-caption alignnone\"><a href=\"https:\/\/i0.wp.com\/www.eltrabajo.cl\/portal\/wp-content\/uploads\/2014\/05\/Sence1.jpg\"><img data-recalc-dims=\"1\" loading=\"lazy\" decoding=\"async\" class=\"size-full wp-image-46432\" alt=\"El programa \u2018+ Capaz\u2019 est\u00e1 dirigido a mujeres y j\u00f3venes con \u00e9nfasis en aquellos oficios que son los m\u00e1s demandados en la actualidad por los sectores productivos del Valle de Aconcagua.\" src=\"https:\/\/i0.wp.com\/www.eltrabajo.cl\/portal\/wp-content\/uploads\/2014\/05\/Sence1.jpg?resize=529%2C402\" width=\"529\" height=\"402\" srcset=\"https:\/\/i0.wp.com\/eltrabajo.cl\/portal\/wp-content\/uploads\/2014\/05\/Sence1.jpg?w=529&amp;ssl=1 529w, https:\/\/i0.wp.com\/eltrabajo.cl\/portal\/wp-content\/uploads\/2014\/05\/Sence1.jpg?resize=197%2C150&amp;ssl=1 197w, https:\/\/i0.wp.com\/eltrabajo.cl\/portal\/wp-content\/uploads\/2014\/05\/Sence1.jpg?resize=300%2C227&amp;ssl=1 300w, https:\/\/i0.wp.com\/eltrabajo.cl\/portal\/wp-content\/uploads\/2014\/05\/Sence1.jpg?resize=150%2C113&amp;ssl=1 150w, https:\/\/i0.wp.com\/eltrabajo.cl\/portal\/wp-content\/uploads\/2014\/05\/Sence1.jpg?resize=400%2C303&amp;ssl=1 400w\" sizes=\"auto, (max-width: 529px) 100vw, 529px\" \/><\/a><figcaption id=\"caption-attachment-46432\" class=\"wp-caption-text\">El programa \u2018+ Capaz\u2019 est\u00e1 dirigido a mujeres y j\u00f3venes con \u00e9nfasis en aquellos oficios que son los m\u00e1s demandados en la actualidad por los sectores productivos del Valle de Aconcagua.<\/figcaption><\/figure>\n<p>Con el objetivo de apoyar el acceso y permanencia en el mercado laboral de los segmentos m\u00e1s vulnerables de la poblaci\u00f3n, el gobierno pondr\u00e1 en marcha el programa de capacitaci\u00f3n \u2018+ Capaz\u2019, dirigido a mujeres y j\u00f3venes con \u00e9nfasis en aquellos oficios que son los m\u00e1s demandados en la actualidad por los sectores productivos del Valle de Aconcagua.<\/p>\n<p>Una de las mayores innovaciones en el desarrollo de \u2018+ Capaz\u2019 ser\u00e1 la incorporaci\u00f3n de los liceos t\u00e9cnicos profesionales p\u00fablicos como agentes capacitadores. De acuerdo a sus competencias, infraestructura y calidad docente, ejecutar\u00e1n las capacitaciones en oficios definidos bajo perfiles ocupacionales demandados por los principales sectores productivos del pa\u00eds.<\/p>\n<p>El Director Regional (PT) de Sence Valpara\u00edso, Esteban Vega Toro, se\u00f1al\u00f3 que \u201cel rol de Sence va a ser central porque va a tener la responsabilidad, en coordinaci\u00f3n con la Secretar\u00eda Regional Ministerial del Trabajo y Previsi\u00f3n Social, de implementar la ejecuci\u00f3n de estos programas de formaci\u00f3n que durante el 2014 se van a realizar a modo de pilotaje en 3 regiones del pa\u00eds, por lo que en ese sentido hemos sido beneficiados con formar parte de este nuevo dise\u00f1o de un plan que a nivel nacional deber\u00eda alcanzar alrededor de 3.000 personas, en el a\u00f1o 2014, y que espera en los pr\u00f3ximos 4 a\u00f1os beneficiar a unas 450.000 personas\u201d.<\/p>\n<p>Vega a\u00f1adi\u00f3 que el programa \u2018+ Capaz\u2019 \u201cpondr\u00e1 \u00e9nfasis en aquellas personas que no pueden encontrar empleo porque no cuentan con un oficio y es por eso que se las capacitar\u00e1 en oficios para que favorecer su inserci\u00f3n laboral y en el caso de los j\u00f3venes habr\u00e1 especial atenci\u00f3n en el segmento con discapacidad\u201d.<\/p>\n<p>Respecto a la formaci\u00f3n, \u00e9sta durar\u00e1 un semestre y se impartir\u00e1 bajo una metodolog\u00eda de contenidos te\u00f3ricos y labores pr\u00e1cticas. En el caso de las mujeres, el programa incluir\u00e1 intermediaci\u00f3n laboral con posibilidad de apoyar alternativas de emprendimiento.<\/p>\n<p>La herramienta busca incidir en el mejoramiento de las tasas de participaci\u00f3n femenina y potenciar las capacidades para la inserci\u00f3n laboral de los j\u00f3venes. Actualmente a nivel nacional s\u00f3lo el 48,5% de las mujeres participa del mercado laboral versus el 72,2% de los hombres. Mientras en los j\u00f3venes la participaci\u00f3n alcanza el 49% en comparaci\u00f3n a un 75,7% de la poblaci\u00f3n adulta. Adem\u00e1s 766.000 j\u00f3venes no estudia ni trabaja.<\/p>\n<p>Los cupos para el segmento de j\u00f3venes con necesidades educativas especiales, se ejecutar\u00e1n por los Otec del Registro Especial, e instituciones o fundaciones requirentes relacionadas directamente con el segmento de atenci\u00f3n por medio de las Becas Laborales de Sence.<\/p>\n<p>&nbsp;<\/p>\n","protected":false},"excerpt":{"rendered":"<p>Con el objetivo de apoyar el acceso y permanencia en el mercado laboral de los segmentos m\u00e1s vulnerables de la poblaci\u00f3n, el gobierno pondr\u00e1 en marcha el programa de capacitaci\u00f3n \u2018+ Capaz\u2019,&#8230;<\/p>\n","protected":false},"author":482,"featured_media":46432,"comment_status":"open","ping_status":"closed","sticky":false,"template":"","format":"standard","meta":{"advanced_seo_description":"","jetpack_seo_html_title":"","jetpack_seo_noindex":false,"_jetpack_memberships_contains_paid_content":false,"footnotes":""},"categories":[1],"tags":[],"class_list":["post-46431","post","type-post","status-publish","format-standard","has-post-thumbnail","hentry","category-cronica"],"jetpack_featured_media_url":"https:\/\/i0.wp.com\/eltrabajo.cl\/portal\/wp-content\/uploads\/2014\/05\/Sence1.jpg?fit=529%2C402&ssl=1","jetpack_sharing_enabled":true,"jetpack_likes_enabled":true,"jetpack-related-posts":[],"_links":{"self":[{"href":"https:\/\/eltrabajo.cl\/portal\/wp-json\/wp\/v2\/posts\/46431","targetHints":{"allow":["GET"]}}],"collection":[{"href":"https:\/\/eltrabajo.cl\/portal\/wp-json\/wp\/v2\/posts"}],"about":[{"href":"https:\/\/eltrabajo.cl\/portal\/wp-json\/wp\/v2\/types\/post"}],"author":[{"embeddable":true,"href":"https:\/\/eltrabajo.cl\/portal\/wp-json\/wp\/v2\/users\/482"}],"replies":[{"embeddable":true,"href":"https:\/\/eltrabajo.cl\/portal\/wp-json\/wp\/v2\/comments?post=46431"}],"version-history":[{"count":0,"href":"https:\/\/eltrabajo.cl\/portal\/wp-json\/wp\/v2\/posts\/46431\/revisions"}],"wp:featuredmedia":[{"embeddable":true,"href":"https:\/\/eltrabajo.cl\/portal\/wp-json\/wp\/v2\/media\/46432"}],"wp:attachment":[{"href":"https:\/\/eltrabajo.cl\/portal\/wp-json\/wp\/v2\/media?parent=46431"}],"wp:term":[{"taxonomy":"category","embeddable":true,"href":"https:\/\/eltrabajo.cl\/portal\/wp-json\/wp\/v2\/categories?post=46431"},{"taxonomy":"post_tag","embeddable":true,"href":"https:\/\/eltrabajo.cl\/portal\/wp-json\/wp\/v2\/tags?post=46431"}],"curies":[{"name":"wp","href":"https:\/\/api.w.org\/{rel}","templated":true}]}}