{"id":46435,"date":"2014-05-12T09:32:08","date_gmt":"2014-05-12T13:32:08","guid":{"rendered":"http:\/\/www.eltrabajo.cl\/portal\/?p=46435"},"modified":"2014-05-12T09:32:08","modified_gmt":"2014-05-12T13:32:08","slug":"cientos-de-madres-sanfelipenas-disfrutaron-su-dia-alegremente","status":"publish","type":"post","link":"https:\/\/eltrabajo.cl\/portal\/cientos-de-madres-sanfelipenas-disfrutaron-su-dia-alegremente\/","title":{"rendered":"Cientos de madres sanfelipe\u00f1as disfrutaron su d\u00eda alegremente"},"content":{"rendered":"<figure id=\"attachment_46436\" aria-describedby=\"caption-attachment-46436\" style=\"width: 528px\" class=\"wp-caption alignnone\"><a href=\"https:\/\/i0.wp.com\/www.eltrabajo.cl\/portal\/wp-content\/uploads\/2014\/05\/Mamitas1.jpg\"><img data-recalc-dims=\"1\" loading=\"lazy\" decoding=\"async\" class=\"size-full wp-image-46436\" alt=\"REGALONEADAS.- La actividad cont\u00f3 con la presencia del Alcalde Patricio Freire y comenz\u00f3 con una once, iniciativa que permiti\u00f3 a las mujeres participantes compartir y disfrutar de un momento muy entretenido al ritmo de la m\u00fasica.\" src=\"https:\/\/i0.wp.com\/www.eltrabajo.cl\/portal\/wp-content\/uploads\/2014\/05\/Mamitas1.jpg?resize=528%2C221\" width=\"528\" height=\"221\" srcset=\"https:\/\/i0.wp.com\/eltrabajo.cl\/portal\/wp-content\/uploads\/2014\/05\/Mamitas1.jpg?w=528&amp;ssl=1 528w, https:\/\/i0.wp.com\/eltrabajo.cl\/portal\/wp-content\/uploads\/2014\/05\/Mamitas1.jpg?resize=200%2C83&amp;ssl=1 200w, https:\/\/i0.wp.com\/eltrabajo.cl\/portal\/wp-content\/uploads\/2014\/05\/Mamitas1.jpg?resize=300%2C125&amp;ssl=1 300w, https:\/\/i0.wp.com\/eltrabajo.cl\/portal\/wp-content\/uploads\/2014\/05\/Mamitas1.jpg?resize=150%2C62&amp;ssl=1 150w, https:\/\/i0.wp.com\/eltrabajo.cl\/portal\/wp-content\/uploads\/2014\/05\/Mamitas1.jpg?resize=400%2C167&amp;ssl=1 400w\" sizes=\"auto, (max-width: 528px) 100vw, 528px\" \/><\/a><figcaption id=\"caption-attachment-46436\" class=\"wp-caption-text\">REGALONEADAS.- La actividad cont\u00f3 con la presencia del Alcalde Patricio Freire y comenz\u00f3 con una once, iniciativa que permiti\u00f3 a las mujeres participantes compartir y disfrutar de un momento muy entretenido al ritmo de la m\u00fasica.<\/figcaption><\/figure>\n<p>Unas 300 mujeres de distintos sectores de la comuna, llegaron durante la tarde de este s\u00e1bado hasta el Liceo Robert Humeres, donde la Municipalidad de San Felipe organiz\u00f3 un entretenido show para homenajearlas en su d\u00eda. La actividad, que cont\u00f3 con la presencia del Alcalde Patricio Freire y los concejales Rodolfo Silva, Basilio Muena y Jeanette Sotomayor, comenz\u00f3 con una once, iniciativa que permiti\u00f3 a las mujeres participantes compartir y disfrutar de un momento muy entretenido al ritmo de la m\u00fasica.<\/p>\n<p>M\u00e1s tarde todas se trasladaron hasta el teatro del Liceo Roberto Humeres, donde disfrutaron de un show art\u00edstico que recorri\u00f3 los m\u00e1s famosos tangos, la m\u00fasica del recuerdo y que culmin\u00f3 con la presentaci\u00f3n del doble de Mark Anthony.<\/p>\n<p>Las asistentes corearon todas las canciones interpretadas por Grupo Amanecer y por Los viejos cracks, quienes recorrieron varios estilos, que encantaron a las mujeres.<\/p>\n<p>Mientras que el show termin\u00f3 con la presentaci\u00f3n del doble de Mark Anthony, haciendo bailar a las cientos de mujeres que se encontraban en el teatro, otras destacaron la actividad, especialmente por los distintos estilos musicales que se presentaron y que las hicieron disfrutar y recordar a todas.<\/p>\n<p>M\u00e1s tarde el Alcalde Freire se traslad\u00f3 hasta La Troya, donde tambi\u00e9n se organiz\u00f3 un show para las madres y luego hasta Curim\u00f3n, donde visit\u00f3 dos sectores, en que se hab\u00edan reunido decenas de mamitas a disfrutar su d\u00eda, compartiendo con ellas y regalando flores para destacar la importante labor que realizan d\u00eda a d\u00eda por sus hijos y sus familias.<\/p>\n<div class=\"tiled-gallery type-rectangular tiled-gallery-unresized\" data-original-width=\"640\" data-carousel-extra='null' itemscope itemtype=\"http:\/\/schema.org\/ImageGallery\" > <div class=\"gallery-row\" style=\"width: 640px; height: 217px;\" data-original-width=\"640\" data-original-height=\"217\" > <div class=\"gallery-group images-1\" style=\"width: 316px; height: 217px;\" data-original-width=\"316\" data-original-height=\"217\" > <div class=\"tiled-gallery-item tiled-gallery-item-large\" itemprop=\"associatedMedia\" itemscope itemtype=\"http:\/\/schema.org\/ImageObject\"> <a href=\"https:\/\/eltrabajo.cl\/portal\/cientos-de-madres-sanfelipenas-disfrutaron-su-dia-alegremente\/mamitas2\/\" border=\"0\" itemprop=\"url\"> <meta itemprop=\"width\" content=\"312\"> <meta itemprop=\"height\" content=\"213\"> <img decoding=\"async\" class=\"\" data-attachment-id=\"46437\" data-orig-file=\"https:\/\/eltrabajo.cl\/portal\/wp-content\/uploads\/2014\/05\/Mamitas2.jpg\" data-orig-size=\"528,360\" data-comments-opened=\"1\" data-image-meta=\"{&quot;aperture&quot;:&quot;4&quot;,&quot;credit&quot;:&quot;&quot;,&quot;camera&quot;:&quot;NIKON D3000&quot;,&quot;caption&quot;:&quot;&quot;,&quot;created_timestamp&quot;:&quot;1399746118&quot;,&quot;copyright&quot;:&quot;&quot;,&quot;focal_length&quot;:&quot;18&quot;,&quot;iso&quot;:&quot;1600&quot;,&quot;shutter_speed&quot;:&quot;0.033333333333333&quot;,&quot;title&quot;:&quot;&quot;}\" data-image-title=\"Mamitas2\" data-image-description=\"&lt;p&gt;NUESTRAS MADRES.- Unas 300 mujeres de distintos sectores de la comuna, llegaron durante la tarde de este s\u00e1bado hasta el Liceo Robert Humeres, donde la Municipalidad de San Felipe organiz\u00f3 un entretenido show para homenajearlas en su d\u00eda.&lt;\/p&gt; \" data-medium-file=\"https:\/\/i0.wp.com\/eltrabajo.cl\/portal\/wp-content\/uploads\/2014\/05\/Mamitas2.jpg?fit=300%2C204&#038;ssl=1\" data-large-file=\"https:\/\/i0.wp.com\/eltrabajo.cl\/portal\/wp-content\/uploads\/2014\/05\/Mamitas2.jpg?fit=528%2C360&#038;ssl=1\" src=\"https:\/\/i0.wp.com\/eltrabajo.cl\/portal\/wp-content\/uploads\/2014\/05\/Mamitas2.jpg?w=312&#038;h=213&#038;ssl=1\" srcset=\"https:\/\/i0.wp.com\/eltrabajo.cl\/portal\/wp-content\/uploads\/2014\/05\/Mamitas2.jpg?w=528&amp;ssl=1 528w, https:\/\/i0.wp.com\/eltrabajo.cl\/portal\/wp-content\/uploads\/2014\/05\/Mamitas2.jpg?resize=200%2C136&amp;ssl=1 200w, https:\/\/i0.wp.com\/eltrabajo.cl\/portal\/wp-content\/uploads\/2014\/05\/Mamitas2.jpg?resize=300%2C204&amp;ssl=1 300w, https:\/\/i0.wp.com\/eltrabajo.cl\/portal\/wp-content\/uploads\/2014\/05\/Mamitas2.jpg?resize=150%2C102&amp;ssl=1 150w, https:\/\/i0.wp.com\/eltrabajo.cl\/portal\/wp-content\/uploads\/2014\/05\/Mamitas2.jpg?resize=400%2C272&amp;ssl=1 400w\" width=\"312\" height=\"213\" loading=\"lazy\" data-original-width=\"312\" data-original-height=\"213\" itemprop=\"http:\/\/schema.org\/image\" title=\"Mamitas2\" alt=\"NUESTRAS MADRES.- Unas 300 mujeres de distintos sectores de la comuna, llegaron durante la tarde de este s\u00e1bado hasta el Liceo Robert Humeres, donde la Municipalidad de San Felipe organiz\u00f3 un entretenido show para homenajearlas en su d\u00eda.\" style=\"width: 312px; height: 213px;\" \/> <\/a> <div class=\"tiled-gallery-caption\" itemprop=\"caption description\"> NUESTRAS MADRES.- Unas 300 mujeres de distintos sectores de la comuna, llegaron durante la tarde de este s\u00e1bado hasta el Liceo Robert Humeres, donde la Municipalidad de San Felipe organiz\u00f3 un entretenido show para homenajearlas en su d\u00eda. <\/div> <\/div> <\/div> <!-- close group --> <div class=\"gallery-group images-1\" style=\"width: 324px; height: 217px;\" data-original-width=\"324\" data-original-height=\"217\" > <div class=\"tiled-gallery-item tiled-gallery-item-large\" itemprop=\"associatedMedia\" itemscope itemtype=\"http:\/\/schema.org\/ImageObject\"> <a href=\"https:\/\/eltrabajo.cl\/portal\/cientos-de-madres-sanfelipenas-disfrutaron-su-dia-alegremente\/mmaitas3\/\" border=\"0\" itemprop=\"url\"> <meta itemprop=\"width\" content=\"320\"> <meta itemprop=\"height\" content=\"213\"> <img decoding=\"async\" class=\"\" data-attachment-id=\"46438\" data-orig-file=\"https:\/\/eltrabajo.cl\/portal\/wp-content\/uploads\/2014\/05\/Mmaitas3.jpg\" data-orig-size=\"529,352\" data-comments-opened=\"1\" data-image-meta=\"{&quot;aperture&quot;:&quot;5&quot;,&quot;credit&quot;:&quot;&quot;,&quot;camera&quot;:&quot;NIKON D3000&quot;,&quot;caption&quot;:&quot;&quot;,&quot;created_timestamp&quot;:&quot;1399760692&quot;,&quot;copyright&quot;:&quot;&quot;,&quot;focal_length&quot;:&quot;36&quot;,&quot;iso&quot;:&quot;1600&quot;,&quot;shutter_speed&quot;:&quot;0.02&quot;,&quot;title&quot;:&quot;&quot;}\" data-image-title=\"Mmaitas3\" data-image-description=\"&lt;p&gt;M\u00e1s tarde el Alcalde Freire se traslad\u00f3 hasta La Troya, donde tambi\u00e9n se organiz\u00f3 un show para las madres de ese sector.&lt;\/p&gt; \" data-medium-file=\"https:\/\/i0.wp.com\/eltrabajo.cl\/portal\/wp-content\/uploads\/2014\/05\/Mmaitas3.jpg?fit=300%2C199&#038;ssl=1\" data-large-file=\"https:\/\/i0.wp.com\/eltrabajo.cl\/portal\/wp-content\/uploads\/2014\/05\/Mmaitas3.jpg?fit=529%2C352&#038;ssl=1\" src=\"https:\/\/i0.wp.com\/eltrabajo.cl\/portal\/wp-content\/uploads\/2014\/05\/Mmaitas3.jpg?w=320&#038;h=213&#038;ssl=1\" srcset=\"https:\/\/i0.wp.com\/eltrabajo.cl\/portal\/wp-content\/uploads\/2014\/05\/Mmaitas3.jpg?w=529&amp;ssl=1 529w, https:\/\/i0.wp.com\/eltrabajo.cl\/portal\/wp-content\/uploads\/2014\/05\/Mmaitas3.jpg?resize=200%2C133&amp;ssl=1 200w, https:\/\/i0.wp.com\/eltrabajo.cl\/portal\/wp-content\/uploads\/2014\/05\/Mmaitas3.jpg?resize=300%2C199&amp;ssl=1 300w, https:\/\/i0.wp.com\/eltrabajo.cl\/portal\/wp-content\/uploads\/2014\/05\/Mmaitas3.jpg?resize=150%2C99&amp;ssl=1 150w, https:\/\/i0.wp.com\/eltrabajo.cl\/portal\/wp-content\/uploads\/2014\/05\/Mmaitas3.jpg?resize=400%2C266&amp;ssl=1 400w\" width=\"320\" height=\"213\" loading=\"lazy\" data-original-width=\"320\" data-original-height=\"213\" itemprop=\"http:\/\/schema.org\/image\" title=\"Mmaitas3\" alt=\"M\u00e1s tarde el Alcalde Freire se traslad\u00f3 hasta La Troya, donde tambi\u00e9n se organiz\u00f3 un show para las madres de ese sector.\" style=\"width: 320px; height: 213px;\" \/> <\/a> <div class=\"tiled-gallery-caption\" itemprop=\"caption description\"> M\u00e1s tarde el Alcalde Freire se traslad\u00f3 hasta La Troya, donde tambi\u00e9n se organiz\u00f3 un show para las madres de ese sector. <\/div> <\/div> <\/div> <!-- close group --> <\/div> <!-- close row --> <\/div>\n","protected":false},"excerpt":{"rendered":"<p>Unas 300 mujeres de distintos sectores de la comuna, llegaron durante la tarde de este s\u00e1bado hasta el Liceo Robert Humeres, donde la Municipalidad de San Felipe organiz\u00f3 un entretenido show para&#8230;<\/p>\n","protected":false},"author":482,"featured_media":46436,"comment_status":"open","ping_status":"closed","sticky":false,"template":"","format":"standard","meta":{"advanced_seo_description":"","jetpack_seo_html_title":"","jetpack_seo_noindex":false,"_jetpack_memberships_contains_paid_content":false,"footnotes":""},"categories":[15],"tags":[],"class_list":["post-46435","post","type-post","status-publish","format-standard","has-post-thumbnail","hentry","category-comunidad"],"jetpack_featured_media_url":"https:\/\/i0.wp.com\/eltrabajo.cl\/portal\/wp-content\/uploads\/2014\/05\/Mamitas1.jpg?fit=528%2C221&ssl=1","jetpack_sharing_enabled":true,"jetpack_likes_enabled":true,"jetpack-related-posts":[],"_links":{"self":[{"href":"https:\/\/eltrabajo.cl\/portal\/wp-json\/wp\/v2\/posts\/46435","targetHints":{"allow":["GET"]}}],"collection":[{"href":"https:\/\/eltrabajo.cl\/portal\/wp-json\/wp\/v2\/posts"}],"about":[{"href":"https:\/\/eltrabajo.cl\/portal\/wp-json\/wp\/v2\/types\/post"}],"author":[{"embeddable":true,"href":"https:\/\/eltrabajo.cl\/portal\/wp-json\/wp\/v2\/users\/482"}],"replies":[{"embeddable":true,"href":"https:\/\/eltrabajo.cl\/portal\/wp-json\/wp\/v2\/comments?post=46435"}],"version-history":[{"count":0,"href":"https:\/\/eltrabajo.cl\/portal\/wp-json\/wp\/v2\/posts\/46435\/revisions"}],"wp:featuredmedia":[{"embeddable":true,"href":"https:\/\/eltrabajo.cl\/portal\/wp-json\/wp\/v2\/media\/46436"}],"wp:attachment":[{"href":"https:\/\/eltrabajo.cl\/portal\/wp-json\/wp\/v2\/media?parent=46435"}],"wp:term":[{"taxonomy":"category","embeddable":true,"href":"https:\/\/eltrabajo.cl\/portal\/wp-json\/wp\/v2\/categories?post=46435"},{"taxonomy":"post_tag","embeddable":true,"href":"https:\/\/eltrabajo.cl\/portal\/wp-json\/wp\/v2\/tags?post=46435"}],"curies":[{"name":"wp","href":"https:\/\/api.w.org\/{rel}","templated":true}]}}