{"id":46441,"date":"2014-05-12T09:35:31","date_gmt":"2014-05-12T13:35:31","guid":{"rendered":"http:\/\/www.eltrabajo.cl\/portal\/?p=46441"},"modified":"2014-05-12T09:35:31","modified_gmt":"2014-05-12T13:35:31","slug":"ministro-de-agricultura-se-reune-con-las-fuerzas-vivas-de-la-provincia","status":"publish","type":"post","link":"https:\/\/eltrabajo.cl\/portal\/ministro-de-agricultura-se-reune-con-las-fuerzas-vivas-de-la-provincia\/","title":{"rendered":"Ministro de Agricultura se re\u00fane con las Fuerzas Vivas de la provincia"},"content":{"rendered":"<figure id=\"attachment_46442\" aria-describedby=\"caption-attachment-46442\" style=\"width: 528px\" class=\"wp-caption alignnone\"><a href=\"https:\/\/i0.wp.com\/www.eltrabajo.cl\/portal\/wp-content\/uploads\/2014\/05\/Visita1.jpg\"><img data-recalc-dims=\"1\" loading=\"lazy\" decoding=\"async\" class=\"size-full wp-image-46442\" alt=\"Tambi\u00e9n en este di\u00e1logo participaron el Alcalde de la comuna de San Felipe, Patricio Freire; el alcalde de la comuna de Santa Mar\u00eda, Claudio Zurita Ibarra, entre otras autoridades, adem\u00e1s de peque\u00f1os y medianos agricultores.\" src=\"https:\/\/i0.wp.com\/www.eltrabajo.cl\/portal\/wp-content\/uploads\/2014\/05\/Visita1.jpg?resize=528%2C358\" width=\"528\" height=\"358\" srcset=\"https:\/\/i0.wp.com\/eltrabajo.cl\/portal\/wp-content\/uploads\/2014\/05\/Visita1.jpg?w=528&amp;ssl=1 528w, https:\/\/i0.wp.com\/eltrabajo.cl\/portal\/wp-content\/uploads\/2014\/05\/Visita1.jpg?resize=200%2C135&amp;ssl=1 200w, https:\/\/i0.wp.com\/eltrabajo.cl\/portal\/wp-content\/uploads\/2014\/05\/Visita1.jpg?resize=300%2C203&amp;ssl=1 300w, https:\/\/i0.wp.com\/eltrabajo.cl\/portal\/wp-content\/uploads\/2014\/05\/Visita1.jpg?resize=150%2C101&amp;ssl=1 150w, https:\/\/i0.wp.com\/eltrabajo.cl\/portal\/wp-content\/uploads\/2014\/05\/Visita1.jpg?resize=400%2C271&amp;ssl=1 400w\" sizes=\"auto, (max-width: 528px) 100vw, 528px\" \/><\/a><figcaption id=\"caption-attachment-46442\" class=\"wp-caption-text\">Tambi\u00e9n en este di\u00e1logo participaron el Alcalde de la comuna de San Felipe, Patricio Freire; el alcalde de la comuna de Santa Mar\u00eda, Claudio Zurita Ibarra, entre otras autoridades, adem\u00e1s de peque\u00f1os y medianos agricultores.<\/figcaption><\/figure>\n<p>Con el objetivo de explicar los alcances del Proyecto de Reforma Tributaria, el Ministro de Agricultura, Carlos Furche Guajardo, se reuni\u00f3 con el Gobernador de San Felipe de Aconcagua, Eduardo Le\u00f3n Lazcano; el Seremi de Agricultura, Ricardo Astorga Olivares; el Director de Indap Helmuth Hinrichsen Sariego, y con peque\u00f1os y mediano agricultores de la zona.<\/p>\n<figure id=\"attachment_46443\" aria-describedby=\"caption-attachment-46443\" style=\"width: 370px\" class=\"wp-caption alignright\"><a href=\"https:\/\/i0.wp.com\/www.eltrabajo.cl\/portal\/wp-content\/uploads\/2014\/05\/Visita2.jpg\"><img data-recalc-dims=\"1\" loading=\"lazy\" decoding=\"async\" class=\" wp-image-46443 \" alt=\"El Ministro de Agricultura, Carlos Furche Guajardo, se reuni\u00f3 con representantes de peque\u00f1as y medianas empresas agr\u00edcolas para analizar la iniciativa de gobierno.\" src=\"https:\/\/i0.wp.com\/www.eltrabajo.cl\/portal\/wp-content\/uploads\/2014\/05\/Visita2.jpg?resize=370%2C236\" width=\"370\" height=\"236\" srcset=\"https:\/\/i0.wp.com\/eltrabajo.cl\/portal\/wp-content\/uploads\/2014\/05\/Visita2.jpg?w=528&amp;ssl=1 528w, https:\/\/i0.wp.com\/eltrabajo.cl\/portal\/wp-content\/uploads\/2014\/05\/Visita2.jpg?resize=200%2C127&amp;ssl=1 200w, https:\/\/i0.wp.com\/eltrabajo.cl\/portal\/wp-content\/uploads\/2014\/05\/Visita2.jpg?resize=300%2C191&amp;ssl=1 300w, https:\/\/i0.wp.com\/eltrabajo.cl\/portal\/wp-content\/uploads\/2014\/05\/Visita2.jpg?resize=150%2C95&amp;ssl=1 150w, https:\/\/i0.wp.com\/eltrabajo.cl\/portal\/wp-content\/uploads\/2014\/05\/Visita2.jpg?resize=400%2C255&amp;ssl=1 400w\" sizes=\"auto, (max-width: 370px) 100vw, 370px\" \/><\/a><figcaption id=\"caption-attachment-46443\" class=\"wp-caption-text\">El Ministro de Agricultura, Carlos Furche Guajardo, se reuni\u00f3 con representantes de peque\u00f1as y medianas empresas agr\u00edcolas para analizar la iniciativa de gobierno.<\/figcaption><\/figure>\n<p>El Ministro de Agricultura explic\u00f3 que la Reforma Tributaria presentada por la Presidente Michelle Bachelet Jeria, est\u00e1 destinada a recaudar ingresos de car\u00e1cter permanentes para financiar gastos tambi\u00e9n de car\u00e1cter permanentes, los que ser\u00e1n invertidos en la reforma educacional, la red de protecci\u00f3n social, salud, pensiones y otras materias.<\/p>\n<p>\u201cHemos explicado cu\u00e1les son las bases del Proyecto de Reforma Tributaria que apunta fundamentalmente que aquellos que tienen m\u00e1s paguen m\u00e1s. Es un principio b\u00e1sico de equidad tributaria, clausurar lo m\u00e1s posible todos los mecanismos que permitan eludir el pago de impuestos y, en tercer lugar, garantizar que las peque\u00f1as y las medianas empresas no sufran consecuencias negativas a su actividad\u201d, dijo el Ministro Furche.<\/p>\n<p>Uno de los temas que inquieta a las pymes es un eventual paso de renta presunta a renta efectiva como sistema de tributaci\u00f3n, ante lo cual el titular de la cartera de Agricultura llam\u00f3 a la tranquilidad a los peque\u00f1os y medianos agricultores presentes, se\u00f1alando que \u201che recogido esa preocupaci\u00f3n y quiero decir que para los peque\u00f1os agricultores el cambio de renta presunta a renta efectiva no les afecta en nada, porque para pasar de renta presunta a renta efectiva se necesita tener ventas por m\u00e1s de 2.400 UF al a\u00f1o. En circunstancias que el 92% de las empresas agr\u00edcolas est\u00e1n por debajo de ese nivel de ventas y en el caso del transporte es el 96%; es decir, esas empresas seguir\u00e1n con su renta presunta\u201d.<\/p>\n<p>Al respecto el Gobernador de San Felipe Aconcagua, Eduardo Le\u00f3n Lazcano, expres\u00f3 que \u201cla visita que ha hecho el Ministro se est\u00e1 replicando en los diferentes lugares del pa\u00eds, estamos hablando de reforma tributaria, de c\u00f3mo aqu\u00ed efectivamente en la provincia esas medidas habr\u00e1n de materializarse en un tiempo pr\u00f3ximo, el ministro se ha llevado lo medular del tema. Este es un proyecto complejo, es una de las mayores reformas que se ha hecho en los \u00faltimos veinte a\u00f1os, es un documento de m\u00e1s de 170 p\u00e1ginas, pero el ministro dio claros ejemplos de c\u00f3mo va a impactar, y que apunta en que los que tienen m\u00e1s van a pagar m\u00e1s\u201d.<\/p>\n<p>Tambi\u00e9n en este dialogo participaron el Alcalde de la comuna de San Felipe, Patricio Freire; el alcalde de la comuna de Santa Mar\u00eda, Claudio Zurita Ibarra; la Concejal de San Felipe Jeannette Sotomayor; los concejales de Santa Mar\u00eda, Boris Leiva y David Olgu\u00edn; los Cores Mario Sottolichio y Rolando Stevenson; el ex-Core Nelson Contador, as\u00ed como peque\u00f1os-medianos agricultores y p\u00fablico en general.<\/p>\n<p>&nbsp;<\/p>\n","protected":false},"excerpt":{"rendered":"<p>Con el objetivo de explicar los alcances del Proyecto de Reforma Tributaria, el Ministro de Agricultura, Carlos Furche Guajardo, se reuni\u00f3 con el Gobernador de San Felipe de Aconcagua, Eduardo Le\u00f3n Lazcano;&#8230;<\/p>\n","protected":false},"author":482,"featured_media":46442,"comment_status":"open","ping_status":"closed","sticky":false,"template":"","format":"standard","meta":{"advanced_seo_description":"","jetpack_seo_html_title":"","jetpack_seo_noindex":false,"_jetpack_memberships_contains_paid_content":false,"footnotes":""},"categories":[1],"tags":[],"class_list":["post-46441","post","type-post","status-publish","format-standard","has-post-thumbnail","hentry","category-cronica"],"jetpack_featured_media_url":"https:\/\/i0.wp.com\/eltrabajo.cl\/portal\/wp-content\/uploads\/2014\/05\/Visita1.jpg?fit=528%2C358&ssl=1","jetpack_sharing_enabled":true,"jetpack_likes_enabled":true,"jetpack-related-posts":[],"_links":{"self":[{"href":"https:\/\/eltrabajo.cl\/portal\/wp-json\/wp\/v2\/posts\/46441","targetHints":{"allow":["GET"]}}],"collection":[{"href":"https:\/\/eltrabajo.cl\/portal\/wp-json\/wp\/v2\/posts"}],"about":[{"href":"https:\/\/eltrabajo.cl\/portal\/wp-json\/wp\/v2\/types\/post"}],"author":[{"embeddable":true,"href":"https:\/\/eltrabajo.cl\/portal\/wp-json\/wp\/v2\/users\/482"}],"replies":[{"embeddable":true,"href":"https:\/\/eltrabajo.cl\/portal\/wp-json\/wp\/v2\/comments?post=46441"}],"version-history":[{"count":0,"href":"https:\/\/eltrabajo.cl\/portal\/wp-json\/wp\/v2\/posts\/46441\/revisions"}],"wp:featuredmedia":[{"embeddable":true,"href":"https:\/\/eltrabajo.cl\/portal\/wp-json\/wp\/v2\/media\/46442"}],"wp:attachment":[{"href":"https:\/\/eltrabajo.cl\/portal\/wp-json\/wp\/v2\/media?parent=46441"}],"wp:term":[{"taxonomy":"category","embeddable":true,"href":"https:\/\/eltrabajo.cl\/portal\/wp-json\/wp\/v2\/categories?post=46441"},{"taxonomy":"post_tag","embeddable":true,"href":"https:\/\/eltrabajo.cl\/portal\/wp-json\/wp\/v2\/tags?post=46441"}],"curies":[{"name":"wp","href":"https:\/\/api.w.org\/{rel}","templated":true}]}}