{"id":46472,"date":"2014-05-13T09:19:36","date_gmt":"2014-05-13T13:19:36","guid":{"rendered":"http:\/\/www.eltrabajo.cl\/portal\/?p=46472"},"modified":"2014-05-13T09:19:36","modified_gmt":"2014-05-13T13:19:36","slug":"vecinos-de-catemu-pronto-tendran-su-nueva-medialuna","status":"publish","type":"post","link":"https:\/\/eltrabajo.cl\/portal\/vecinos-de-catemu-pronto-tendran-su-nueva-medialuna\/","title":{"rendered":"Vecinos de Catemu pronto tendr\u00e1n su nueva medialuna"},"content":{"rendered":"<figure id=\"attachment_46473\" aria-describedby=\"caption-attachment-46473\" style=\"width: 529px\" class=\"wp-caption alignnone\"><a href=\"https:\/\/i0.wp.com\/www.eltrabajo.cl\/portal\/wp-content\/uploads\/2014\/05\/Medialuna1.jpg\"><img data-recalc-dims=\"1\" loading=\"lazy\" decoding=\"async\" class=\"size-full wp-image-46473\" alt=\"MEDIALUNA.- Los trabajos de la medialuna comenzaron la semana pasada y la inversi\u00f3n para este adelanto del mundo huaso asciende a $89 millones\" src=\"https:\/\/i0.wp.com\/www.eltrabajo.cl\/portal\/wp-content\/uploads\/2014\/05\/Medialuna1.jpg?resize=529%2C358\" width=\"529\" height=\"358\" srcset=\"https:\/\/i0.wp.com\/eltrabajo.cl\/portal\/wp-content\/uploads\/2014\/05\/Medialuna1.jpg?w=529&amp;ssl=1 529w, https:\/\/i0.wp.com\/eltrabajo.cl\/portal\/wp-content\/uploads\/2014\/05\/Medialuna1.jpg?resize=200%2C135&amp;ssl=1 200w, https:\/\/i0.wp.com\/eltrabajo.cl\/portal\/wp-content\/uploads\/2014\/05\/Medialuna1.jpg?resize=300%2C203&amp;ssl=1 300w, https:\/\/i0.wp.com\/eltrabajo.cl\/portal\/wp-content\/uploads\/2014\/05\/Medialuna1.jpg?resize=150%2C101&amp;ssl=1 150w, https:\/\/i0.wp.com\/eltrabajo.cl\/portal\/wp-content\/uploads\/2014\/05\/Medialuna1.jpg?resize=400%2C270&amp;ssl=1 400w\" sizes=\"auto, (max-width: 529px) 100vw, 529px\" \/><\/a><figcaption id=\"caption-attachment-46473\" class=\"wp-caption-text\">MEDIALUNA.- Los trabajos de la medialuna comenzaron la semana pasada y la inversi\u00f3n para este adelanto del mundo huaso asciende a $89 millones<\/figcaption><\/figure>\n<p><strong>CATEMU.<\/strong>&#8211; Con una inversi\u00f3n de casi unos $40 millones gestionados por el Municipio de Catemu a trav\u00e9s del Programa L\u00ednea de Acciones Recurrentes, los vecinos de Villa Mar\u00eda Auxiliadora del sector Las Varillas, podr\u00e1n contar con un sistema de tratamiento de aguas servidas, servicio que por mucho tiempo esperaron.<\/p>\n<figure id=\"attachment_46474\" aria-describedby=\"caption-attachment-46474\" style=\"width: 423px\" class=\"wp-caption alignright\"><a href=\"https:\/\/i0.wp.com\/www.eltrabajo.cl\/portal\/wp-content\/uploads\/2014\/05\/Aguas1.jpg\"><img data-recalc-dims=\"1\" loading=\"lazy\" decoding=\"async\" class=\" wp-image-46474 \" alt=\"PLANTA DE TRATAMIENTO.- Los vecinos de Villa Mar\u00eda Auxiliadora del sector Las Varillas, pronto podr\u00e1n contar con un sistema de tratamiento de aguas servidas.\" src=\"https:\/\/i0.wp.com\/www.eltrabajo.cl\/portal\/wp-content\/uploads\/2014\/05\/Aguas1.jpg?resize=423%2C321\" width=\"423\" height=\"321\" srcset=\"https:\/\/i0.wp.com\/eltrabajo.cl\/portal\/wp-content\/uploads\/2014\/05\/Aguas1.jpg?w=529&amp;ssl=1 529w, https:\/\/i0.wp.com\/eltrabajo.cl\/portal\/wp-content\/uploads\/2014\/05\/Aguas1.jpg?resize=197%2C150&amp;ssl=1 197w, https:\/\/i0.wp.com\/eltrabajo.cl\/portal\/wp-content\/uploads\/2014\/05\/Aguas1.jpg?resize=300%2C227&amp;ssl=1 300w, https:\/\/i0.wp.com\/eltrabajo.cl\/portal\/wp-content\/uploads\/2014\/05\/Aguas1.jpg?resize=150%2C113&amp;ssl=1 150w, https:\/\/i0.wp.com\/eltrabajo.cl\/portal\/wp-content\/uploads\/2014\/05\/Aguas1.jpg?resize=400%2C303&amp;ssl=1 400w\" sizes=\"auto, (max-width: 423px) 100vw, 423px\" \/><\/a><figcaption id=\"caption-attachment-46474\" class=\"wp-caption-text\">PLANTA DE TRATAMIENTO.- Los vecinos de Villa Mar\u00eda Auxiliadora del sector Las Varillas, pronto podr\u00e1n contar con un sistema de tratamiento de aguas servidas.<\/figcaption><\/figure>\n<p>Estos trabajos, comento el alcalde de la comuna; Boris Luksic Nieto, se acoplar\u00e1n al sistema de alcantarillado que se construir\u00e1 para los sectores de El Cobre, El Seco, La Colonia y Las Varillas. La autoridad visito los trabajos que iniciaron en diciembre del a\u00f1o 2010 y que debieran ser terminados a finales de marzo.<\/p>\n<p>El edil declar\u00f3 que estos trabajos van en beneficio de la calidad de vida de los cateminos y agreg\u00f3 que no s\u00f3lo se construir\u00e1 el sistema de alcantarillado para los sectores antes nombrados, sino que adem\u00e1s se est\u00e1 trabajando, en conjunto con la directiva, en el proyecto que dar\u00e1 alcantarillado a todo el sector de El Array\u00e1n.<\/p>\n<p><strong>NUEVA MEDIALUNA<\/strong><\/p>\n<p>El Alcalde de Catemu visito tambi\u00e9n las obras que dar\u00e1n vida a la nueva medialuna de esta comuna. Los trabajos comenzaron la semana pasada y la inversi\u00f3n para este adelanto del mundo huaso asciende a $89 millones, gestionados por el municipio a trav\u00e9s del Instituto Nacional del Deporte.<\/p>\n<p>El edil declar\u00f3 que esta obra beneficiar\u00e1 al deporte huaso de la comuna, el cual beneficia a m\u00e1s de 3.000 personas, \u00abesta nueva infraestructura tiene una capacidad para 500 personas; contempla nuevos establos; es una medialuna pre fabricada; modalidad que viene creciendo con fuerza, hay varias comunas en nuestro pa\u00eds que han utilizado esta modalidad y han demostrado que es una buena opci\u00f3n y tengo entendido que la vecina comuna de Llay-Llay, tambi\u00e9n utilizar\u00e1 esta modalidad\u00bb, dijo el edil. La primera autoridad comunal, coment\u00f3 estar muy contento con esta obra y espera que los clubes de huasos de Catemu ya est\u00e9n utilizando la medialuna para las fiestas patrias de este a\u00f1o.<\/p>\n<p>&nbsp;<\/p>\n","protected":false},"excerpt":{"rendered":"<p>CATEMU.&#8211; Con una inversi\u00f3n de casi unos $40 millones gestionados por el Municipio de Catemu a trav\u00e9s del Programa L\u00ednea de Acciones Recurrentes, los vecinos de Villa Mar\u00eda Auxiliadora del sector Las&#8230;<\/p>\n","protected":false},"author":482,"featured_media":46473,"comment_status":"open","ping_status":"closed","sticky":false,"template":"","format":"standard","meta":{"advanced_seo_description":"","jetpack_seo_html_title":"","jetpack_seo_noindex":false,"_jetpack_memberships_contains_paid_content":false,"footnotes":""},"categories":[15],"tags":[],"class_list":["post-46472","post","type-post","status-publish","format-standard","has-post-thumbnail","hentry","category-comunidad"],"jetpack_featured_media_url":"https:\/\/i0.wp.com\/eltrabajo.cl\/portal\/wp-content\/uploads\/2014\/05\/Medialuna1.jpg?fit=529%2C358&ssl=1","jetpack_sharing_enabled":true,"jetpack_likes_enabled":true,"jetpack-related-posts":[],"_links":{"self":[{"href":"https:\/\/eltrabajo.cl\/portal\/wp-json\/wp\/v2\/posts\/46472","targetHints":{"allow":["GET"]}}],"collection":[{"href":"https:\/\/eltrabajo.cl\/portal\/wp-json\/wp\/v2\/posts"}],"about":[{"href":"https:\/\/eltrabajo.cl\/portal\/wp-json\/wp\/v2\/types\/post"}],"author":[{"embeddable":true,"href":"https:\/\/eltrabajo.cl\/portal\/wp-json\/wp\/v2\/users\/482"}],"replies":[{"embeddable":true,"href":"https:\/\/eltrabajo.cl\/portal\/wp-json\/wp\/v2\/comments?post=46472"}],"version-history":[{"count":0,"href":"https:\/\/eltrabajo.cl\/portal\/wp-json\/wp\/v2\/posts\/46472\/revisions"}],"wp:featuredmedia":[{"embeddable":true,"href":"https:\/\/eltrabajo.cl\/portal\/wp-json\/wp\/v2\/media\/46473"}],"wp:attachment":[{"href":"https:\/\/eltrabajo.cl\/portal\/wp-json\/wp\/v2\/media?parent=46472"}],"wp:term":[{"taxonomy":"category","embeddable":true,"href":"https:\/\/eltrabajo.cl\/portal\/wp-json\/wp\/v2\/categories?post=46472"},{"taxonomy":"post_tag","embeddable":true,"href":"https:\/\/eltrabajo.cl\/portal\/wp-json\/wp\/v2\/tags?post=46472"}],"curies":[{"name":"wp","href":"https:\/\/api.w.org\/{rel}","templated":true}]}}