{"id":46483,"date":"2014-05-13T09:24:14","date_gmt":"2014-05-13T13:24:14","guid":{"rendered":"http:\/\/www.eltrabajo.cl\/portal\/?p=46483"},"modified":"2014-05-13T09:24:14","modified_gmt":"2014-05-13T13:24:14","slug":"alcalde-rene-mardones-las-construcciones-sin-regularizar-seran-clausuradas-de-inmediato","status":"publish","type":"post","link":"https:\/\/eltrabajo.cl\/portal\/alcalde-rene-mardones-las-construcciones-sin-regularizar-seran-clausuradas-de-inmediato\/","title":{"rendered":"Alcalde Ren\u00e9 Mardones: \u00abLas construcciones sin regularizar ser\u00e1n clausuradas de inmediato\u00bb"},"content":{"rendered":"<figure id=\"attachment_46484\" aria-describedby=\"caption-attachment-46484\" style=\"width: 317px\" class=\"wp-caption alignleft\"><a href=\"https:\/\/i0.wp.com\/www.eltrabajo.cl\/portal\/wp-content\/uploads\/2014\/05\/Mardones1.jpg\"><img data-recalc-dims=\"1\" loading=\"lazy\" decoding=\"async\" class=\" wp-image-46484 \" alt=\"Alcalde de la comuna de San Esteban, Ren\u00e9 Mardones.\" src=\"https:\/\/i0.wp.com\/www.eltrabajo.cl\/portal\/wp-content\/uploads\/2014\/05\/Mardones1.jpg?resize=317%2C215\" width=\"317\" height=\"215\" srcset=\"https:\/\/i0.wp.com\/eltrabajo.cl\/portal\/wp-content\/uploads\/2014\/05\/Mardones1.jpg?w=529&amp;ssl=1 529w, https:\/\/i0.wp.com\/eltrabajo.cl\/portal\/wp-content\/uploads\/2014\/05\/Mardones1.jpg?resize=200%2C135&amp;ssl=1 200w, https:\/\/i0.wp.com\/eltrabajo.cl\/portal\/wp-content\/uploads\/2014\/05\/Mardones1.jpg?resize=300%2C203&amp;ssl=1 300w, https:\/\/i0.wp.com\/eltrabajo.cl\/portal\/wp-content\/uploads\/2014\/05\/Mardones1.jpg?resize=150%2C101&amp;ssl=1 150w, https:\/\/i0.wp.com\/eltrabajo.cl\/portal\/wp-content\/uploads\/2014\/05\/Mardones1.jpg?resize=400%2C270&amp;ssl=1 400w\" sizes=\"auto, (max-width: 317px) 100vw, 317px\" \/><\/a><figcaption id=\"caption-attachment-46484\" class=\"wp-caption-text\">Alcalde de la comuna de San Esteban, Ren\u00e9 Mardones.<\/figcaption><\/figure>\n<p><strong>SAN ESTEBAN.-<\/strong> El alcalde de la comuna de San Esteban, Ren\u00e9 Mardones, defendi\u00f3 su decisi\u00f3n de ordenar el cierre de la Mina El Piment\u00f3n, en R\u00edo Colorado, argumentando que los municipios tienen que ejercer su funci\u00f3n fiscalizadora sobre las construcciones y las que no cuenten con regularizaci\u00f3n deben ser clausuradas a la brevedad.<\/p>\n<p>\u00abA la fecha no ha regularizado sus instalaciones producto de negligencias administrativas de la empresa, por lo tanto el municipio tuvo que tomar la medida de clausurar el mineral porque no cuenta con los permisos y puede ser un riesgo para los mismos trabajadores\u00bb, explic\u00f3 la autoridad comunal.<\/p>\n<p>Mardones inform\u00f3 que la madrugada del pasado viernes subieron en veh\u00edculos personal de Carabineros de la Tenencia San Esteban y personal de seguridad ciudadana para proceder a clausurar las instalaciones y desalojaron a los 105 trabajadores que estaban en el campamento minero.<\/p>\n<p>\u00abLa verdad es que esto es lamentable, porque ah\u00ed trabaja harta gente y debieron ser evacuados. No hab\u00edamos querido hacer esto antes porque la gente de la minera hab\u00eda estado tratando de regularizar, pero nunca lo hizo. Incluso quedaron de acuerdo con que iban a regularizar en el transcurso de la semana, pero eso me lo vienen diciendo hace diez a\u00f1os, de lo cual no creo mucho\u00bb, sostuvo el edil.<\/p>\n<p>Agreg\u00f3 que los profesionales contratados por la minera deber\u00e1n hacer ingreso de las carpetas respectivas a la direcci\u00f3n de obras municipales con todos los requerimientos t\u00e9cnicos y administrativos solicitados para poder autorizar su funcionamiento, \u00abpor lo que la medida de cierre se mantendr\u00e1 durante este proceso\u00bb.<\/p>\n<p>Finalmente Mardones advirti\u00f3 que la municipalidad est\u00e1 haciendo un catastro de la situaci\u00f3n en la que se encuentran todos los inmuebles de San Esteban que tienen relaci\u00f3n con comercio y actividades propias de cada uno de los rubros productivos, \u00aby si est\u00e1n con situaciones similares, se tiene que proceder a la clausura no m\u00e1s, porque hay una normativa vigente que hay que cumplir y la ley me otorga facultades para poder ejercer fiscalizaci\u00f3n sobre estas propiedades\u00bb.<\/p>\n<p>&nbsp;<\/p>\n","protected":false},"excerpt":{"rendered":"<p>SAN ESTEBAN.- El alcalde de la comuna de San Esteban, Ren\u00e9 Mardones, defendi\u00f3 su decisi\u00f3n de ordenar el cierre de la Mina El Piment\u00f3n, en R\u00edo Colorado, argumentando que los municipios tienen&#8230;<\/p>\n","protected":false},"author":482,"featured_media":46484,"comment_status":"open","ping_status":"closed","sticky":false,"template":"","format":"standard","meta":{"advanced_seo_description":"","jetpack_seo_html_title":"","jetpack_seo_noindex":false,"_jetpack_memberships_contains_paid_content":false,"footnotes":""},"categories":[1],"tags":[],"class_list":["post-46483","post","type-post","status-publish","format-standard","has-post-thumbnail","hentry","category-cronica"],"jetpack_featured_media_url":"https:\/\/i0.wp.com\/eltrabajo.cl\/portal\/wp-content\/uploads\/2014\/05\/Mardones1.jpg?fit=529%2C358&ssl=1","jetpack_sharing_enabled":true,"jetpack_likes_enabled":true,"jetpack-related-posts":[],"_links":{"self":[{"href":"https:\/\/eltrabajo.cl\/portal\/wp-json\/wp\/v2\/posts\/46483","targetHints":{"allow":["GET"]}}],"collection":[{"href":"https:\/\/eltrabajo.cl\/portal\/wp-json\/wp\/v2\/posts"}],"about":[{"href":"https:\/\/eltrabajo.cl\/portal\/wp-json\/wp\/v2\/types\/post"}],"author":[{"embeddable":true,"href":"https:\/\/eltrabajo.cl\/portal\/wp-json\/wp\/v2\/users\/482"}],"replies":[{"embeddable":true,"href":"https:\/\/eltrabajo.cl\/portal\/wp-json\/wp\/v2\/comments?post=46483"}],"version-history":[{"count":0,"href":"https:\/\/eltrabajo.cl\/portal\/wp-json\/wp\/v2\/posts\/46483\/revisions"}],"wp:featuredmedia":[{"embeddable":true,"href":"https:\/\/eltrabajo.cl\/portal\/wp-json\/wp\/v2\/media\/46484"}],"wp:attachment":[{"href":"https:\/\/eltrabajo.cl\/portal\/wp-json\/wp\/v2\/media?parent=46483"}],"wp:term":[{"taxonomy":"category","embeddable":true,"href":"https:\/\/eltrabajo.cl\/portal\/wp-json\/wp\/v2\/categories?post=46483"},{"taxonomy":"post_tag","embeddable":true,"href":"https:\/\/eltrabajo.cl\/portal\/wp-json\/wp\/v2\/tags?post=46483"}],"curies":[{"name":"wp","href":"https:\/\/api.w.org\/{rel}","templated":true}]}}