{"id":46487,"date":"2014-05-13T09:26:36","date_gmt":"2014-05-13T13:26:36","guid":{"rendered":"http:\/\/www.eltrabajo.cl\/portal\/?p=46487"},"modified":"2014-05-13T09:26:36","modified_gmt":"2014-05-13T13:26:36","slug":"bomberos-preocupados-por-reiterados-incendios-de-pastizales","status":"publish","type":"post","link":"https:\/\/eltrabajo.cl\/portal\/bomberos-preocupados-por-reiterados-incendios-de-pastizales\/","title":{"rendered":"Bomberos preocupados por reiterados incendios de pastizales"},"content":{"rendered":"<figure id=\"attachment_46488\" aria-describedby=\"caption-attachment-46488\" style=\"width: 529px\" class=\"wp-caption alignnone\"><a href=\"https:\/\/i0.wp.com\/www.eltrabajo.cl\/portal\/wp-content\/uploads\/2014\/05\/Pastizales1.jpg\"><img data-recalc-dims=\"1\" loading=\"lazy\" decoding=\"async\" class=\"size-full wp-image-46488\" alt=\"Los incendios de pastizales ocurridos a orilla de carretera entre los sectores La Ermita y Las Quillotanas, estuvieron cerca de alcanzar una vivienda.\" src=\"https:\/\/i0.wp.com\/www.eltrabajo.cl\/portal\/wp-content\/uploads\/2014\/05\/Pastizales1.jpg?resize=529%2C358\" width=\"529\" height=\"358\" srcset=\"https:\/\/i0.wp.com\/eltrabajo.cl\/portal\/wp-content\/uploads\/2014\/05\/Pastizales1.jpg?w=529&amp;ssl=1 529w, https:\/\/i0.wp.com\/eltrabajo.cl\/portal\/wp-content\/uploads\/2014\/05\/Pastizales1.jpg?resize=200%2C135&amp;ssl=1 200w, https:\/\/i0.wp.com\/eltrabajo.cl\/portal\/wp-content\/uploads\/2014\/05\/Pastizales1.jpg?resize=300%2C203&amp;ssl=1 300w, https:\/\/i0.wp.com\/eltrabajo.cl\/portal\/wp-content\/uploads\/2014\/05\/Pastizales1.jpg?resize=150%2C101&amp;ssl=1 150w, https:\/\/i0.wp.com\/eltrabajo.cl\/portal\/wp-content\/uploads\/2014\/05\/Pastizales1.jpg?resize=400%2C270&amp;ssl=1 400w\" sizes=\"auto, (max-width: 529px) 100vw, 529px\" \/><\/a><figcaption id=\"caption-attachment-46488\" class=\"wp-caption-text\">Los incendios de pastizales ocurridos a orilla de carretera entre los sectores La Ermita y Las Quillotanas, estuvieron cerca de alcanzar una vivienda.<\/figcaption><\/figure>\n<p><strong>PUTAENDO.<\/strong>&#8211; El Cuerpo de Bomberos ha manifestado su abierta preocupaci\u00f3n por los reiterados incendios de pastizales que se han originado en sectores espec\u00edficos de Putaendo durante y previo a los fines de semana.<\/p>\n<figure id=\"attachment_46489\" aria-describedby=\"caption-attachment-46489\" style=\"width: 317px\" class=\"wp-caption alignright\"><a href=\"https:\/\/i0.wp.com\/www.eltrabajo.cl\/portal\/wp-content\/uploads\/2014\/05\/Luis-Sepulveda.jpg\"><img data-recalc-dims=\"1\" loading=\"lazy\" decoding=\"async\" class=\" wp-image-46489 \" alt=\"Primer Comandante del Cuerpo de Bomberos de Putaendo, Luis Sep\u00falveda Hidalgo.\" src=\"https:\/\/i0.wp.com\/www.eltrabajo.cl\/portal\/wp-content\/uploads\/2014\/05\/Luis-Sepulveda.jpg?resize=317%2C215\" width=\"317\" height=\"215\" srcset=\"https:\/\/i0.wp.com\/eltrabajo.cl\/portal\/wp-content\/uploads\/2014\/05\/Luis-Sepulveda.jpg?w=528&amp;ssl=1 528w, https:\/\/i0.wp.com\/eltrabajo.cl\/portal\/wp-content\/uploads\/2014\/05\/Luis-Sepulveda.jpg?resize=200%2C135&amp;ssl=1 200w, https:\/\/i0.wp.com\/eltrabajo.cl\/portal\/wp-content\/uploads\/2014\/05\/Luis-Sepulveda.jpg?resize=300%2C203&amp;ssl=1 300w, https:\/\/i0.wp.com\/eltrabajo.cl\/portal\/wp-content\/uploads\/2014\/05\/Luis-Sepulveda.jpg?resize=150%2C101&amp;ssl=1 150w, https:\/\/i0.wp.com\/eltrabajo.cl\/portal\/wp-content\/uploads\/2014\/05\/Luis-Sepulveda.jpg?resize=400%2C271&amp;ssl=1 400w\" sizes=\"auto, (max-width: 317px) 100vw, 317px\" \/><\/a><figcaption id=\"caption-attachment-46489\" class=\"wp-caption-text\">Primer Comandante del Cuerpo de Bomberos de Putaendo, Luis Sep\u00falveda Hidalgo.<\/figcaption><\/figure>\n<p>As\u00ed lo inform\u00f3 el Primer Comandante del Cuerpo de Bomberos de Putaendo, Luis Sep\u00falveda Hidalgo, quien manifest\u00f3 que efectivamente est\u00e1n preocupados pues en las \u00faltimas semanas han tenido que atender incendios de pastizales en v\u00edsperas de fines de semana y en la madrugada de los d\u00edas domingo, coincidentemente entre las 03:00 y 06:00 horas y que los incendios se han repetido en forma frecuente en sectores como Las Quillotanas y La Ermita a orilla de carretera y en el sector de Pillo-Pillo.<\/p>\n<p>Sep\u00falveda expres\u00f3 que en el caso de los incendios de pastizales ocurridos a orilla de carretera entre los sectores La Ermita y Las Quillotanas, incluso el pasado 1\u00ba de mayo el fuego estuvo cerca de alcanzar una vivienda y hab\u00edan tres focos de incendio muy distantes unos de otros y que este domingo a eso de las 04:00 horas acudieron al mismo sector donde hab\u00eda mucha neblina y llovizna, por lo que no se explican c\u00f3mo pudo haberse originado un incendio de pastizales en un cierre perimetral y no descartan el uso de alg\u00fan acelerante en el inicio de ese incendio, lo que est\u00e1 siendo investigado por el Departamento T\u00e9cnico de Bomberos.<\/p>\n<p>El Comandante Sep\u00falveda asegur\u00f3 que para tener la certeza legal de que estos incendios son iniciados en forma intencional deben reunir varios antecedentes, por lo que jur\u00eddicamente no puede hablar de intencionalidad, pero si indic\u00f3 que estos hechos llaman la atenci\u00f3n, ya que son reiterativos en los mismos sectores y en los mismos horarios.<\/p>\n<p>Jos\u00e9 Soza muestra el lugar donde se origin\u00f3 el \u00faltimo incendio este fin de semana y record\u00f3 como su humilde vivienda de material ligero estuvo cerca de ser alcanzada por el fuego y se\u00f1al\u00f3 que para \u00e9l y sus vecinos estos incendios son ocasionados por un pir\u00f3mano, que espera, sea atrapado lo antes posible por Carabineros o denunciado por quienes tengan informaci\u00f3n sobre estos hechos pues temen que as\u00ed como hoy est\u00e1n prendiendo moras y arbustos, ma\u00f1ana sean sus viviendas las que puedan ser incendiadas.<\/p>\n<p>Patricio Gallardo M.<\/p>\n<p>&nbsp;<\/p>\n","protected":false},"excerpt":{"rendered":"<p>PUTAENDO.&#8211; El Cuerpo de Bomberos ha manifestado su abierta preocupaci\u00f3n por los reiterados incendios de pastizales que se han originado en sectores espec\u00edficos de Putaendo durante y previo a los fines de&#8230;<\/p>\n","protected":false},"author":482,"featured_media":46488,"comment_status":"open","ping_status":"closed","sticky":false,"template":"","format":"standard","meta":{"advanced_seo_description":"","jetpack_seo_html_title":"","jetpack_seo_noindex":false,"_jetpack_memberships_contains_paid_content":false,"footnotes":""},"categories":[1],"tags":[],"class_list":["post-46487","post","type-post","status-publish","format-standard","has-post-thumbnail","hentry","category-cronica"],"jetpack_featured_media_url":"https:\/\/i0.wp.com\/eltrabajo.cl\/portal\/wp-content\/uploads\/2014\/05\/Pastizales1.jpg?fit=529%2C358&ssl=1","jetpack_sharing_enabled":true,"jetpack_likes_enabled":true,"jetpack-related-posts":[],"_links":{"self":[{"href":"https:\/\/eltrabajo.cl\/portal\/wp-json\/wp\/v2\/posts\/46487","targetHints":{"allow":["GET"]}}],"collection":[{"href":"https:\/\/eltrabajo.cl\/portal\/wp-json\/wp\/v2\/posts"}],"about":[{"href":"https:\/\/eltrabajo.cl\/portal\/wp-json\/wp\/v2\/types\/post"}],"author":[{"embeddable":true,"href":"https:\/\/eltrabajo.cl\/portal\/wp-json\/wp\/v2\/users\/482"}],"replies":[{"embeddable":true,"href":"https:\/\/eltrabajo.cl\/portal\/wp-json\/wp\/v2\/comments?post=46487"}],"version-history":[{"count":0,"href":"https:\/\/eltrabajo.cl\/portal\/wp-json\/wp\/v2\/posts\/46487\/revisions"}],"wp:featuredmedia":[{"embeddable":true,"href":"https:\/\/eltrabajo.cl\/portal\/wp-json\/wp\/v2\/media\/46488"}],"wp:attachment":[{"href":"https:\/\/eltrabajo.cl\/portal\/wp-json\/wp\/v2\/media?parent=46487"}],"wp:term":[{"taxonomy":"category","embeddable":true,"href":"https:\/\/eltrabajo.cl\/portal\/wp-json\/wp\/v2\/categories?post=46487"},{"taxonomy":"post_tag","embeddable":true,"href":"https:\/\/eltrabajo.cl\/portal\/wp-json\/wp\/v2\/tags?post=46487"}],"curies":[{"name":"wp","href":"https:\/\/api.w.org\/{rel}","templated":true}]}}