{"id":46492,"date":"2014-05-13T09:28:35","date_gmt":"2014-05-13T13:28:35","guid":{"rendered":"http:\/\/www.eltrabajo.cl\/portal\/?p=46492"},"modified":"2014-05-13T09:28:35","modified_gmt":"2014-05-13T13:28:35","slug":"abuelos-sanfelipenos-se-reunen-con-la-coordinadora-del-senama","status":"publish","type":"post","link":"https:\/\/eltrabajo.cl\/portal\/abuelos-sanfelipenos-se-reunen-con-la-coordinadora-del-senama\/","title":{"rendered":"Abuelos sanfelipe\u00f1os se re\u00fanen con la Coordinadora del Senama"},"content":{"rendered":"<figure id=\"attachment_46493\" aria-describedby=\"caption-attachment-46493\" style=\"width: 529px\" class=\"wp-caption alignnone\"><a href=\"https:\/\/i0.wp.com\/www.eltrabajo.cl\/portal\/wp-content\/uploads\/2014\/05\/Abuelos1.jpg\"><img data-recalc-dims=\"1\" loading=\"lazy\" decoding=\"async\" class=\"size-full wp-image-46493\" alt=\"En esta reuni\u00f3n se entreg\u00f3 una propuesta de trabajo de la Red Provincial del Adulto Mayor.\" src=\"https:\/\/i0.wp.com\/www.eltrabajo.cl\/portal\/wp-content\/uploads\/2014\/05\/Abuelos1.jpg?resize=529%2C358\" width=\"529\" height=\"358\" srcset=\"https:\/\/i0.wp.com\/eltrabajo.cl\/portal\/wp-content\/uploads\/2014\/05\/Abuelos1.jpg?w=529&amp;ssl=1 529w, https:\/\/i0.wp.com\/eltrabajo.cl\/portal\/wp-content\/uploads\/2014\/05\/Abuelos1.jpg?resize=200%2C135&amp;ssl=1 200w, https:\/\/i0.wp.com\/eltrabajo.cl\/portal\/wp-content\/uploads\/2014\/05\/Abuelos1.jpg?resize=300%2C203&amp;ssl=1 300w, https:\/\/i0.wp.com\/eltrabajo.cl\/portal\/wp-content\/uploads\/2014\/05\/Abuelos1.jpg?resize=150%2C101&amp;ssl=1 150w, https:\/\/i0.wp.com\/eltrabajo.cl\/portal\/wp-content\/uploads\/2014\/05\/Abuelos1.jpg?resize=400%2C270&amp;ssl=1 400w\" sizes=\"auto, (max-width: 529px) 100vw, 529px\" \/><\/a><figcaption id=\"caption-attachment-46493\" class=\"wp-caption-text\">En esta reuni\u00f3n se entreg\u00f3 una propuesta de trabajo de la Red Provincial del Adulto Mayor.<\/figcaption><\/figure>\n<p>Se entreg\u00f3 la propuesta de trabajo de la Red Provincial del Adulto Mayor de la provincia de San Felipe, con la visita de la Coordinadora Regional del Senama, Viviana Valle Rodr\u00edguez, junto al Gobernador Eduardo Le\u00f3n y la participaci\u00f3n de m\u00e1s de 15 dirigentes de las diferentes uniones comunales de Adulto Mayor de la provincia.<\/p>\n<figure id=\"attachment_46494\" aria-describedby=\"caption-attachment-46494\" style=\"width: 317px\" class=\"wp-caption alignleft\"><a href=\"https:\/\/i0.wp.com\/www.eltrabajo.cl\/portal\/wp-content\/uploads\/2014\/05\/Viviana-Valle.jpg\"><img data-recalc-dims=\"1\" loading=\"lazy\" decoding=\"async\" class=\" wp-image-46494 \" alt=\"Coordinadora Regional del Senama, Viviana Valle Rodr\u00edguez.\" src=\"https:\/\/i0.wp.com\/www.eltrabajo.cl\/portal\/wp-content\/uploads\/2014\/05\/Viviana-Valle.jpg?resize=317%2C215\" width=\"317\" height=\"215\" srcset=\"https:\/\/i0.wp.com\/eltrabajo.cl\/portal\/wp-content\/uploads\/2014\/05\/Viviana-Valle.jpg?w=529&amp;ssl=1 529w, https:\/\/i0.wp.com\/eltrabajo.cl\/portal\/wp-content\/uploads\/2014\/05\/Viviana-Valle.jpg?resize=200%2C135&amp;ssl=1 200w, https:\/\/i0.wp.com\/eltrabajo.cl\/portal\/wp-content\/uploads\/2014\/05\/Viviana-Valle.jpg?resize=300%2C203&amp;ssl=1 300w, https:\/\/i0.wp.com\/eltrabajo.cl\/portal\/wp-content\/uploads\/2014\/05\/Viviana-Valle.jpg?resize=150%2C101&amp;ssl=1 150w, https:\/\/i0.wp.com\/eltrabajo.cl\/portal\/wp-content\/uploads\/2014\/05\/Viviana-Valle.jpg?resize=400%2C270&amp;ssl=1 400w\" sizes=\"auto, (max-width: 317px) 100vw, 317px\" \/><\/a><figcaption id=\"caption-attachment-46494\" class=\"wp-caption-text\">Coordinadora Regional del Senama, Viviana Valle Rodr\u00edguez.<\/figcaption><\/figure>\n<p>En esta reuni\u00f3n se entreg\u00f3 una propuesta de trabajo de la Red Provincial del Adulto Mayor, dentro de los objetivos generales esta en promover y fortalecer la coordinaci\u00f3n entre Senama, Gobierno, municipio y dirigentes de adultos mayores, as\u00ed como instituciones que trabajan en la tem\u00e1tica de vejez y envejecimiento en la provincia de San Felipe.<\/p>\n<p>Entre otros objetivos espec\u00edficos, est\u00e1 el planificar e implementar acciones en beneficio de las personas mayores de la provincia de manera participativa y coordinada, teniendo en cuenta las necesidades y propuestas de adultos mayores y profesionales, promover alianzas estrat\u00e9gicas con instituciones de la provincia para la implementaci\u00f3n de actividades, adem\u00e1s implementar los programas del Senama definidos para cada comuna con una coordinaci\u00f3n provincial para su desarrollo y seguimiento.<\/p>\n<p>Lo destacado de esta reuni\u00f3n fue la integraci\u00f3n que se desea realizar en el corto plazo entre las provincias de Los Andes y San Felipe, para lo cual se estar\u00e1 trabajando en diversas actividades y jornadas.<\/p>\n<p>&nbsp;<\/p>\n","protected":false},"excerpt":{"rendered":"<p>Se entreg\u00f3 la propuesta de trabajo de la Red Provincial del Adulto Mayor de la provincia de San Felipe, con la visita de la Coordinadora Regional del Senama, Viviana Valle Rodr\u00edguez, junto&#8230;<\/p>\n","protected":false},"author":482,"featured_media":46493,"comment_status":"open","ping_status":"closed","sticky":false,"template":"","format":"standard","meta":{"advanced_seo_description":"","jetpack_seo_html_title":"","jetpack_seo_noindex":false,"_jetpack_memberships_contains_paid_content":false,"footnotes":""},"categories":[1],"tags":[],"class_list":["post-46492","post","type-post","status-publish","format-standard","has-post-thumbnail","hentry","category-cronica"],"jetpack_featured_media_url":"https:\/\/i0.wp.com\/eltrabajo.cl\/portal\/wp-content\/uploads\/2014\/05\/Abuelos1.jpg?fit=529%2C358&ssl=1","jetpack_sharing_enabled":true,"jetpack_likes_enabled":true,"jetpack-related-posts":[],"_links":{"self":[{"href":"https:\/\/eltrabajo.cl\/portal\/wp-json\/wp\/v2\/posts\/46492","targetHints":{"allow":["GET"]}}],"collection":[{"href":"https:\/\/eltrabajo.cl\/portal\/wp-json\/wp\/v2\/posts"}],"about":[{"href":"https:\/\/eltrabajo.cl\/portal\/wp-json\/wp\/v2\/types\/post"}],"author":[{"embeddable":true,"href":"https:\/\/eltrabajo.cl\/portal\/wp-json\/wp\/v2\/users\/482"}],"replies":[{"embeddable":true,"href":"https:\/\/eltrabajo.cl\/portal\/wp-json\/wp\/v2\/comments?post=46492"}],"version-history":[{"count":0,"href":"https:\/\/eltrabajo.cl\/portal\/wp-json\/wp\/v2\/posts\/46492\/revisions"}],"wp:featuredmedia":[{"embeddable":true,"href":"https:\/\/eltrabajo.cl\/portal\/wp-json\/wp\/v2\/media\/46493"}],"wp:attachment":[{"href":"https:\/\/eltrabajo.cl\/portal\/wp-json\/wp\/v2\/media?parent=46492"}],"wp:term":[{"taxonomy":"category","embeddable":true,"href":"https:\/\/eltrabajo.cl\/portal\/wp-json\/wp\/v2\/categories?post=46492"},{"taxonomy":"post_tag","embeddable":true,"href":"https:\/\/eltrabajo.cl\/portal\/wp-json\/wp\/v2\/tags?post=46492"}],"curies":[{"name":"wp","href":"https:\/\/api.w.org\/{rel}","templated":true}]}}