{"id":46497,"date":"2014-05-13T09:30:17","date_gmt":"2014-05-13T13:30:17","guid":{"rendered":"http:\/\/www.eltrabajo.cl\/portal\/?p=46497"},"modified":"2014-05-13T09:30:17","modified_gmt":"2014-05-13T13:30:17","slug":"alcalde-freire-visito-a-quienes-se-convirtieron-en-mama-en-este-dia-de-la-madre","status":"publish","type":"post","link":"https:\/\/eltrabajo.cl\/portal\/alcalde-freire-visito-a-quienes-se-convirtieron-en-mama-en-este-dia-de-la-madre\/","title":{"rendered":"Alcalde Freire visit\u00f3 a quienes se convirtieron en mam\u00e1 en este D\u00eda de la Madre"},"content":{"rendered":"<figure id=\"attachment_46498\" aria-describedby=\"caption-attachment-46498\" style=\"width: 528px\" class=\"wp-caption alignnone\"><a href=\"https:\/\/i0.wp.com\/www.eltrabajo.cl\/portal\/wp-content\/uploads\/2014\/05\/Guagua11.jpg\"><img data-recalc-dims=\"1\" loading=\"lazy\" decoding=\"async\" class=\"size-full wp-image-46498\" alt=\"LA GUAG\u00dcITA.- El jefe comunal se traslad\u00f3 hasta el centro asistencial para celebrar a estas mam\u00e1s, que tuvieron a sus hijos durante la celebraci\u00f3n del D\u00eda de la Madre.\" src=\"https:\/\/i0.wp.com\/www.eltrabajo.cl\/portal\/wp-content\/uploads\/2014\/05\/Guagua11.jpg?resize=528%2C388\" width=\"528\" height=\"388\" srcset=\"https:\/\/i0.wp.com\/eltrabajo.cl\/portal\/wp-content\/uploads\/2014\/05\/Guagua11.jpg?w=528&amp;ssl=1 528w, https:\/\/i0.wp.com\/eltrabajo.cl\/portal\/wp-content\/uploads\/2014\/05\/Guagua11.jpg?resize=200%2C146&amp;ssl=1 200w, https:\/\/i0.wp.com\/eltrabajo.cl\/portal\/wp-content\/uploads\/2014\/05\/Guagua11.jpg?resize=300%2C220&amp;ssl=1 300w, https:\/\/i0.wp.com\/eltrabajo.cl\/portal\/wp-content\/uploads\/2014\/05\/Guagua11.jpg?resize=150%2C110&amp;ssl=1 150w, https:\/\/i0.wp.com\/eltrabajo.cl\/portal\/wp-content\/uploads\/2014\/05\/Guagua11.jpg?resize=400%2C293&amp;ssl=1 400w\" sizes=\"auto, (max-width: 528px) 100vw, 528px\" \/><\/a><figcaption id=\"caption-attachment-46498\" class=\"wp-caption-text\">LA GUAG\u00dcITA.- El jefe comunal se traslad\u00f3 hasta el centro asistencial para celebrar a estas mam\u00e1s, que tuvieron a sus hijos durante la celebraci\u00f3n del D\u00eda de la Madre.<\/figcaption><\/figure>\n<p>En horas de la ma\u00f1ana de este lunes, el Alcalde Patricio Freire se traslad\u00f3 hasta el Servicio de Maternidad del Hospital San Camilo de San Felipe para entregar regalos a los beb\u00e9s que nacieron durante el fin de semana reci\u00e9n pasado. El jefe comunal se traslad\u00f3 hasta el centro asistencial para celebrar a estas mam\u00e1s, que tuvieron a sus hijos durante la celebraci\u00f3n del D\u00eda de la Madre y as\u00ed darles la bienvenida a estos beb\u00e9s con un obsequio.<\/p>\n<figure id=\"attachment_46499\" aria-describedby=\"caption-attachment-46499\" style=\"width: 317px\" class=\"wp-caption alignright\"><a href=\"https:\/\/i0.wp.com\/www.eltrabajo.cl\/portal\/wp-content\/uploads\/2014\/05\/Regalos1.jpg\"><img data-recalc-dims=\"1\" loading=\"lazy\" decoding=\"async\" class=\" wp-image-46499 \" alt=\"BIENAVENTURADAS.- Las madres no solamente recibieron el regalo de un beb\u00e9, tambi\u00e9n el presente del Alcalde Freire.\" src=\"https:\/\/i0.wp.com\/www.eltrabajo.cl\/portal\/wp-content\/uploads\/2014\/05\/Regalos1.jpg?resize=317%2C401\" width=\"317\" height=\"401\" srcset=\"https:\/\/i0.wp.com\/eltrabajo.cl\/portal\/wp-content\/uploads\/2014\/05\/Regalos1.jpg?w=529&amp;ssl=1 529w, https:\/\/i0.wp.com\/eltrabajo.cl\/portal\/wp-content\/uploads\/2014\/05\/Regalos1.jpg?resize=118%2C150&amp;ssl=1 118w, https:\/\/i0.wp.com\/eltrabajo.cl\/portal\/wp-content\/uploads\/2014\/05\/Regalos1.jpg?resize=237%2C300&amp;ssl=1 237w, https:\/\/i0.wp.com\/eltrabajo.cl\/portal\/wp-content\/uploads\/2014\/05\/Regalos1.jpg?resize=400%2C505&amp;ssl=1 400w\" sizes=\"auto, (max-width: 317px) 100vw, 317px\" \/><\/a><figcaption id=\"caption-attachment-46499\" class=\"wp-caption-text\">BIENAVENTURADAS.- Las madres no solamente recibieron el regalo de un beb\u00e9, tambi\u00e9n el presente del Alcalde Freire.<\/figcaption><\/figure>\n<p>Durante la visita, el alcalde convers\u00f3 con varias de ellas, quienes les contaron la hermosa experiencia de convertirse en mam\u00e1s, algunas por primera vez, destacando el jefe comunal el milagro de dar vida.<\/p>\n<p>\u201cEstoy muy contento de visitar a las mam\u00e1s, que tuvieron su guag\u00fcita el D\u00eda de la Madre y felices porque todos los beb\u00e9s nacieron sanitos, en este d\u00eda tan especial para ellas vinimos a saludarlas\u201d, dijo el jefe comunal.<\/p>\n<p>Freire destac\u00f3 el rol de las madres en estos tiempos, en que muchas de ellas deben esforzarse el doble y hacer de mam\u00e1 y pap\u00e1, a ellas y en general a todas les envi\u00f3 un cari\u00f1oso saludo en este d\u00eda. \u201cMuchas llevan el sustento al hogar y es una realidad que hemos podido conocer, por ello para ellas y para todas las mam\u00e1s de nuestra comuna un gran saludo y un reconocimiento\u201d, dijo el jefe comunal.<\/p>\n<p>&nbsp;<\/p>\n","protected":false},"excerpt":{"rendered":"<p>En horas de la ma\u00f1ana de este lunes, el Alcalde Patricio Freire se traslad\u00f3 hasta el Servicio de Maternidad del Hospital San Camilo de San Felipe para entregar regalos a los beb\u00e9s&#8230;<\/p>\n","protected":false},"author":482,"featured_media":46498,"comment_status":"open","ping_status":"closed","sticky":false,"template":"","format":"standard","meta":{"advanced_seo_description":"","jetpack_seo_html_title":"","jetpack_seo_noindex":false,"_jetpack_memberships_contains_paid_content":false,"footnotes":""},"categories":[15],"tags":[],"class_list":["post-46497","post","type-post","status-publish","format-standard","has-post-thumbnail","hentry","category-comunidad"],"jetpack_featured_media_url":"https:\/\/i0.wp.com\/eltrabajo.cl\/portal\/wp-content\/uploads\/2014\/05\/Guagua11.jpg?fit=528%2C388&ssl=1","jetpack_sharing_enabled":true,"jetpack_likes_enabled":true,"jetpack-related-posts":[],"_links":{"self":[{"href":"https:\/\/eltrabajo.cl\/portal\/wp-json\/wp\/v2\/posts\/46497","targetHints":{"allow":["GET"]}}],"collection":[{"href":"https:\/\/eltrabajo.cl\/portal\/wp-json\/wp\/v2\/posts"}],"about":[{"href":"https:\/\/eltrabajo.cl\/portal\/wp-json\/wp\/v2\/types\/post"}],"author":[{"embeddable":true,"href":"https:\/\/eltrabajo.cl\/portal\/wp-json\/wp\/v2\/users\/482"}],"replies":[{"embeddable":true,"href":"https:\/\/eltrabajo.cl\/portal\/wp-json\/wp\/v2\/comments?post=46497"}],"version-history":[{"count":0,"href":"https:\/\/eltrabajo.cl\/portal\/wp-json\/wp\/v2\/posts\/46497\/revisions"}],"wp:featuredmedia":[{"embeddable":true,"href":"https:\/\/eltrabajo.cl\/portal\/wp-json\/wp\/v2\/media\/46498"}],"wp:attachment":[{"href":"https:\/\/eltrabajo.cl\/portal\/wp-json\/wp\/v2\/media?parent=46497"}],"wp:term":[{"taxonomy":"category","embeddable":true,"href":"https:\/\/eltrabajo.cl\/portal\/wp-json\/wp\/v2\/categories?post=46497"},{"taxonomy":"post_tag","embeddable":true,"href":"https:\/\/eltrabajo.cl\/portal\/wp-json\/wp\/v2\/tags?post=46497"}],"curies":[{"name":"wp","href":"https:\/\/api.w.org\/{rel}","templated":true}]}}