{"id":46502,"date":"2014-05-13T09:33:45","date_gmt":"2014-05-13T13:33:45","guid":{"rendered":"http:\/\/www.eltrabajo.cl\/portal\/?p=46502"},"modified":"2014-05-13T09:33:45","modified_gmt":"2014-05-13T13:33:45","slug":"entregan-bono-invierno-a-quienes-no-lo-recibieron-en-2013","status":"publish","type":"post","link":"https:\/\/eltrabajo.cl\/portal\/entregan-bono-invierno-a-quienes-no-lo-recibieron-en-2013\/","title":{"rendered":"Entregan Bono Invierno a quienes no lo recibieron en 2013"},"content":{"rendered":"<figure id=\"attachment_46503\" aria-describedby=\"caption-attachment-46503\" style=\"width: 529px\" class=\"wp-caption alignnone\"><a href=\"https:\/\/i0.wp.com\/www.eltrabajo.cl\/portal\/wp-content\/uploads\/2014\/05\/Bono1.jpg\"><img data-recalc-dims=\"1\" loading=\"lazy\" decoding=\"async\" class=\"size-full wp-image-46503\" alt=\"MUY MOTIVADOS.- Este a\u00f1o en la provincia de San Felipe recibir\u00e1n este beneficio unos 7.765 pensionados.\" src=\"https:\/\/i0.wp.com\/www.eltrabajo.cl\/portal\/wp-content\/uploads\/2014\/05\/Bono1.jpg?resize=529%2C405\" width=\"529\" height=\"405\" srcset=\"https:\/\/i0.wp.com\/eltrabajo.cl\/portal\/wp-content\/uploads\/2014\/05\/Bono1.jpg?w=529&amp;ssl=1 529w, https:\/\/i0.wp.com\/eltrabajo.cl\/portal\/wp-content\/uploads\/2014\/05\/Bono1.jpg?resize=195%2C150&amp;ssl=1 195w, https:\/\/i0.wp.com\/eltrabajo.cl\/portal\/wp-content\/uploads\/2014\/05\/Bono1.jpg?resize=300%2C229&amp;ssl=1 300w, https:\/\/i0.wp.com\/eltrabajo.cl\/portal\/wp-content\/uploads\/2014\/05\/Bono1.jpg?resize=150%2C114&amp;ssl=1 150w, https:\/\/i0.wp.com\/eltrabajo.cl\/portal\/wp-content\/uploads\/2014\/05\/Bono1.jpg?resize=400%2C306&amp;ssl=1 400w\" sizes=\"auto, (max-width: 529px) 100vw, 529px\" \/><\/a><figcaption id=\"caption-attachment-46503\" class=\"wp-caption-text\">MUY MOTIVADOS.- Este a\u00f1o en la provincia de San Felipe recibir\u00e1n este beneficio unos 7.765 pensionados.<\/figcaption><\/figure>\n<p>\u00abEste a\u00f1o en la provincia de San Felipe recibir\u00e1n este beneficio unos 7.765 pensionados\u00bb, as\u00ed lo destac\u00f3 el Gobernador de San Felipe Aconcagua, Eduardo Le\u00f3n, este a\u00f1o se incorpor\u00f3 un n\u00famero importante de adultos mayores que dejaron de recibirlo el a\u00f1o pasado. La Coordinadora Regional del Senama, Viviana Valle, dijo que \u00aba nivel nacional son un mill\u00f3n de pensionados de los cuales 350.000 son nuevos beneficiados, es una importante ayuda especialmente en estos meses que son crudos en esta provincia principalmente\u00bb.<\/p>\n<figure id=\"attachment_46504\" aria-describedby=\"caption-attachment-46504\" style=\"width: 317px\" class=\"wp-caption alignright\"><a href=\"https:\/\/i0.wp.com\/www.eltrabajo.cl\/portal\/wp-content\/uploads\/2014\/05\/Rosa-Carrasco.jpg\"><img data-recalc-dims=\"1\" loading=\"lazy\" decoding=\"async\" class=\" wp-image-46504 \" alt=\"BENEFICIADA.- Rosa Carrasco, de la comuna de San Felipe, coment\u00f3 que \u00abes un aporte important\u00edsimo, porque voy alcanzar a comprar remedios, mucho m\u00e1s en invierno\u00bb.\" src=\"https:\/\/i0.wp.com\/www.eltrabajo.cl\/portal\/wp-content\/uploads\/2014\/05\/Rosa-Carrasco.jpg?resize=317%2C215\" width=\"317\" height=\"215\" srcset=\"https:\/\/i0.wp.com\/eltrabajo.cl\/portal\/wp-content\/uploads\/2014\/05\/Rosa-Carrasco.jpg?w=529&amp;ssl=1 529w, https:\/\/i0.wp.com\/eltrabajo.cl\/portal\/wp-content\/uploads\/2014\/05\/Rosa-Carrasco.jpg?resize=200%2C135&amp;ssl=1 200w, https:\/\/i0.wp.com\/eltrabajo.cl\/portal\/wp-content\/uploads\/2014\/05\/Rosa-Carrasco.jpg?resize=300%2C203&amp;ssl=1 300w, https:\/\/i0.wp.com\/eltrabajo.cl\/portal\/wp-content\/uploads\/2014\/05\/Rosa-Carrasco.jpg?resize=150%2C101&amp;ssl=1 150w, https:\/\/i0.wp.com\/eltrabajo.cl\/portal\/wp-content\/uploads\/2014\/05\/Rosa-Carrasco.jpg?resize=400%2C270&amp;ssl=1 400w\" sizes=\"auto, (max-width: 317px) 100vw, 317px\" \/><\/a><figcaption id=\"caption-attachment-46504\" class=\"wp-caption-text\">BENEFICIADA.- Rosa Carrasco, de la comuna de San Felipe, coment\u00f3 que \u00abes un aporte important\u00edsimo, porque voy alcanzar a comprar remedios, mucho m\u00e1s en invierno\u00bb.<\/figcaption><\/figure>\n<p>Para una de las beneficiadas, Rosa Carrasco, de la comuna de San Felipe, coment\u00f3 que \u00abes un aporte important\u00edsimo, porque voy alcanzar a comprar remedios, mucho m\u00e1s en invierno\u00bb. Isabel Carrasco Librechit, de la comuna de Santa Mar\u00eda y quien el a\u00f1o pasado no recibi\u00f3 este beneficio, se mostr\u00f3 bastante agradecida de que se les haya incorporado nuevamente, ya que este bono le servir\u00e1 para hacerse ex\u00e1menes. Es un beneficio de $51.975 que se entregar\u00e1 por una sola vez, junto a la pensi\u00f3n de mayo de 2014.<\/p>\n<p><strong>Primer grupo:<\/strong> Pensionados de alguna de las siguientes instituciones:<\/p>\n<p>Instituto de Previsi\u00f3n Social (IPS, como ex INP; es decir, de las ex cajas de reparto del sector civil).<\/p>\n<p>Instituto de Seguridad Laboral (ISL).<\/p>\n<p>De la Direcci\u00f3n de Previsi\u00f3n de Carabineros de Chile (Dipreca).<\/p>\n<p>De la Caja de Previsi\u00f3n de la Defensa Nacional (Capredena).<\/p>\n<p>De las mutualidades de empleadores.<\/p>\n<p><strong>Segundo grupo<\/strong>: Pensionados del sistema AFP y compa\u00f1\u00edas de seguro (DL 3.500) que reciban pensiones m\u00ednimas con garant\u00eda estatal o Aporte Previsional Solidario de Vejez (APSV).<\/p>\n<p><strong>Tercer grupo:<\/strong> Beneficiarios de Pensiones B\u00e1sicas Solidarias de Vejez (PBSV).<\/p>\n<p>Importante:<\/p>\n<p>Los beneficiarios de los grupos 1 y 2 deben cumplir los siguientes requisitos:<\/p>\n<p>Tener 65 a\u00f1os de edad cumplidos al 1 de mayo de 2014. Recibir una pensi\u00f3n inferior o igual al valor de la pensi\u00f3n m\u00ednima de vejez vigente para mayores de 75 a\u00f1os (es decir, $136.434, sin incluir el Aporte Previsional Solidario de Vejez (APSV), si lo hubiere).<\/p>\n<p>Este beneficio tiene por objetivo colaborar con los gastos que suelen originarse en meses invernales, como insumos m\u00e9dicos o calefacci\u00f3n. El dinero del bono no se considera para el pago de impuestos ni cotizaciones. Tampoco est\u00e1 afecto a otros descuentos.<\/p>\n<p>&nbsp;<\/p>\n","protected":false},"excerpt":{"rendered":"<p>\u00abEste a\u00f1o en la provincia de San Felipe recibir\u00e1n este beneficio unos 7.765 pensionados\u00bb, as\u00ed lo destac\u00f3 el Gobernador de San Felipe Aconcagua, Eduardo Le\u00f3n, este a\u00f1o se incorpor\u00f3 un n\u00famero importante&#8230;<\/p>\n","protected":false},"author":482,"featured_media":46503,"comment_status":"open","ping_status":"closed","sticky":false,"template":"","format":"standard","meta":{"advanced_seo_description":"","jetpack_seo_html_title":"","jetpack_seo_noindex":false,"_jetpack_memberships_contains_paid_content":false,"footnotes":""},"categories":[1],"tags":[],"class_list":["post-46502","post","type-post","status-publish","format-standard","has-post-thumbnail","hentry","category-cronica"],"jetpack_featured_media_url":"https:\/\/i0.wp.com\/eltrabajo.cl\/portal\/wp-content\/uploads\/2014\/05\/Bono1.jpg?fit=529%2C405&ssl=1","jetpack_sharing_enabled":true,"jetpack_likes_enabled":true,"jetpack-related-posts":[],"_links":{"self":[{"href":"https:\/\/eltrabajo.cl\/portal\/wp-json\/wp\/v2\/posts\/46502","targetHints":{"allow":["GET"]}}],"collection":[{"href":"https:\/\/eltrabajo.cl\/portal\/wp-json\/wp\/v2\/posts"}],"about":[{"href":"https:\/\/eltrabajo.cl\/portal\/wp-json\/wp\/v2\/types\/post"}],"author":[{"embeddable":true,"href":"https:\/\/eltrabajo.cl\/portal\/wp-json\/wp\/v2\/users\/482"}],"replies":[{"embeddable":true,"href":"https:\/\/eltrabajo.cl\/portal\/wp-json\/wp\/v2\/comments?post=46502"}],"version-history":[{"count":0,"href":"https:\/\/eltrabajo.cl\/portal\/wp-json\/wp\/v2\/posts\/46502\/revisions"}],"wp:featuredmedia":[{"embeddable":true,"href":"https:\/\/eltrabajo.cl\/portal\/wp-json\/wp\/v2\/media\/46503"}],"wp:attachment":[{"href":"https:\/\/eltrabajo.cl\/portal\/wp-json\/wp\/v2\/media?parent=46502"}],"wp:term":[{"taxonomy":"category","embeddable":true,"href":"https:\/\/eltrabajo.cl\/portal\/wp-json\/wp\/v2\/categories?post=46502"},{"taxonomy":"post_tag","embeddable":true,"href":"https:\/\/eltrabajo.cl\/portal\/wp-json\/wp\/v2\/tags?post=46502"}],"curies":[{"name":"wp","href":"https:\/\/api.w.org\/{rel}","templated":true}]}}