{"id":46527,"date":"2014-05-15T11:55:07","date_gmt":"2014-05-15T15:55:07","guid":{"rendered":"http:\/\/www.eltrabajo.cl\/portal\/?p=46527"},"modified":"2014-05-15T11:55:07","modified_gmt":"2014-05-15T15:55:07","slug":"denuncian-matanza-indiscriminada-de-perros-en-calle-comercio","status":"publish","type":"post","link":"https:\/\/eltrabajo.cl\/portal\/denuncian-matanza-indiscriminada-de-perros-en-calle-comercio\/","title":{"rendered":"Denuncian matanza indiscriminada de perros en Calle Comercio"},"content":{"rendered":"<figure id=\"attachment_46528\" aria-describedby=\"caption-attachment-46528\" style=\"width: 370px\" class=\"wp-caption alignleft\"><a href=\"https:\/\/i0.wp.com\/www.eltrabajo.cl\/portal\/wp-content\/uploads\/2014\/05\/Marcela-Castillo.jpg\"><img data-recalc-dims=\"1\" loading=\"lazy\" decoding=\"async\" class=\" wp-image-46528 \" alt=\"Marcela Castillo reside al inicio de Calle Comercio y denunci\u00f3 a Diario El Trabajo el envenenamiento de los canes en ese sector.\" src=\"https:\/\/i0.wp.com\/www.eltrabajo.cl\/portal\/wp-content\/uploads\/2014\/05\/Marcela-Castillo.jpg?resize=370%2C445\" width=\"370\" height=\"445\" srcset=\"https:\/\/i0.wp.com\/eltrabajo.cl\/portal\/wp-content\/uploads\/2014\/05\/Marcela-Castillo.jpg?w=529&amp;ssl=1 529w, https:\/\/i0.wp.com\/eltrabajo.cl\/portal\/wp-content\/uploads\/2014\/05\/Marcela-Castillo.jpg?resize=124%2C150&amp;ssl=1 124w, https:\/\/i0.wp.com\/eltrabajo.cl\/portal\/wp-content\/uploads\/2014\/05\/Marcela-Castillo.jpg?resize=249%2C300&amp;ssl=1 249w, https:\/\/i0.wp.com\/eltrabajo.cl\/portal\/wp-content\/uploads\/2014\/05\/Marcela-Castillo.jpg?resize=400%2C480&amp;ssl=1 400w\" sizes=\"auto, (max-width: 370px) 100vw, 370px\" \/><\/a><figcaption id=\"caption-attachment-46528\" class=\"wp-caption-text\">Marcela Castillo reside al inicio de Calle Comercio y denunci\u00f3 a Diario El Trabajo el envenenamiento de los canes en ese sector.<\/figcaption><\/figure>\n<p><strong>PUTAENDO.-<\/strong> Un nuevo caso de matanza o envenenamiento de perros, denunciaron vecinos de Calle Comercio. Marcela Castillo reside al inicio de Calle Comercio y nos coment\u00f3 que en ese sector, espec\u00edficamente en las cercan\u00edas del monolito del Rotary Club ubicado en la intersecci\u00f3n de Comercio con Weggener, es habitual que vayan a botar perros y perras los que comienzan a deambular por ese sector y al final son alimentado por los vecinos del sector y prueba de ello es que tal como lo muestra la fotograf\u00eda, son varios los vecinos que han instalado envases con agua para que puedan beber los animales, incluso Marcela Castillo dijo que una perra fue esterilizada con dinero de un vecino y se convirti\u00f3 en la regalona del sector.<\/p>\n<p>Lamentablemente a ese sector tiempo atr\u00e1s abandonaron un perro pit-bull, el que a veces era d\u00f3cil y en otras ocasiones ten\u00eda un comportamiento agresivo hacia los vecinos, lo que gener\u00f3 varios inconvenientes a la comunidad pues exist\u00eda temor que el animal atacara a un ni\u00f1o, pero as\u00ed todo los vecinos se preocupaban de atenderlo y familiarizarlo con el entorno.<\/p>\n<p>Marcela Castillo asegur\u00f3 que hace dos semanas fueron varios los perros envenenados e incluso un par de perras de una casa tambi\u00e9n fueron envenenadas e indic\u00f3 que gracias al trabajo de muchos vecinos se salvaron cuatro animales y s\u00f3lo falleci\u00f3 uno, lo que se volvi\u00f3 a repetir este fin de semana cuando nuevamente envenenaron animales, entre ellos una perrita que hace dos semanas hab\u00edan logrado salvarla, adem\u00e1s del perro pit-bull que desde ese momento desapareci\u00f3 del sector.<\/p>\n<figure id=\"attachment_46529\" aria-describedby=\"caption-attachment-46529\" style=\"width: 317px\" class=\"wp-caption alignright\"><a href=\"https:\/\/i0.wp.com\/www.eltrabajo.cl\/portal\/wp-content\/uploads\/2014\/05\/Denuncia11.jpg\"><img data-recalc-dims=\"1\" loading=\"lazy\" decoding=\"async\" class=\" wp-image-46529 \" alt=\"En Diario El Trabajo hacemos un llamado a la comunidad para que denuncien y no permitan que personas inescrupulosas sigan envenenando animales. (Foto ilustrativa)\" src=\"https:\/\/i0.wp.com\/www.eltrabajo.cl\/portal\/wp-content\/uploads\/2014\/05\/Denuncia11.jpg?resize=317%2C244\" width=\"317\" height=\"244\" srcset=\"https:\/\/i0.wp.com\/eltrabajo.cl\/portal\/wp-content\/uploads\/2014\/05\/Denuncia11.jpg?w=529&amp;ssl=1 529w, https:\/\/i0.wp.com\/eltrabajo.cl\/portal\/wp-content\/uploads\/2014\/05\/Denuncia11.jpg?resize=194%2C150&amp;ssl=1 194w, https:\/\/i0.wp.com\/eltrabajo.cl\/portal\/wp-content\/uploads\/2014\/05\/Denuncia11.jpg?resize=300%2C230&amp;ssl=1 300w, https:\/\/i0.wp.com\/eltrabajo.cl\/portal\/wp-content\/uploads\/2014\/05\/Denuncia11.jpg?resize=150%2C115&amp;ssl=1 150w, https:\/\/i0.wp.com\/eltrabajo.cl\/portal\/wp-content\/uploads\/2014\/05\/Denuncia11.jpg?resize=400%2C307&amp;ssl=1 400w\" sizes=\"auto, (max-width: 317px) 100vw, 317px\" \/><\/a><figcaption id=\"caption-attachment-46529\" class=\"wp-caption-text\">En Diario El Trabajo hacemos un llamado a la comunidad para que denuncien y no permitan que personas inescrupulosas sigan envenenando animales. (Foto ilustrativa)<\/figcaption><\/figure>\n<p>Esta vecina respaldada por otros residentes del sector, se\u00f1al\u00f3 que nada justifica el cruel envenenamiento de perros y que incluso el perro pit-bull, a pesar de todos los inconvenientes que generaba, cuidaba mucho el sector al igual que los otros perros que dorm\u00edan en las veredas, por lo que hoy est\u00e1n casi seguros que esto obedece a la acci\u00f3n de delincuentes que envenenaron estos animales para robar en las viviendas, ya que en ese sector hay muchos adultos mayores.<\/p>\n<p>Finalmente Castillo hizo un llamado a la comunidad para que denuncien y no permitan que personas inescrupulosas sigan envenenando animales indefensos, aunque estos sean callejeros.<\/p>\n<p>Patricio Gallardo M.<\/p>\n<p>&nbsp;<\/p>\n","protected":false},"excerpt":{"rendered":"<p>PUTAENDO.- Un nuevo caso de matanza o envenenamiento de perros, denunciaron vecinos de Calle Comercio. Marcela Castillo reside al inicio de Calle Comercio y nos coment\u00f3 que en ese sector, espec\u00edficamente en&#8230;<\/p>\n","protected":false},"author":482,"featured_media":46528,"comment_status":"open","ping_status":"closed","sticky":false,"template":"","format":"standard","meta":{"advanced_seo_description":"","jetpack_seo_html_title":"","jetpack_seo_noindex":false,"_jetpack_memberships_contains_paid_content":false,"footnotes":""},"categories":[15],"tags":[],"class_list":["post-46527","post","type-post","status-publish","format-standard","has-post-thumbnail","hentry","category-comunidad"],"jetpack_featured_media_url":"https:\/\/i0.wp.com\/eltrabajo.cl\/portal\/wp-content\/uploads\/2014\/05\/Marcela-Castillo.jpg?fit=529%2C635&ssl=1","jetpack_sharing_enabled":true,"jetpack_likes_enabled":true,"jetpack-related-posts":[],"_links":{"self":[{"href":"https:\/\/eltrabajo.cl\/portal\/wp-json\/wp\/v2\/posts\/46527","targetHints":{"allow":["GET"]}}],"collection":[{"href":"https:\/\/eltrabajo.cl\/portal\/wp-json\/wp\/v2\/posts"}],"about":[{"href":"https:\/\/eltrabajo.cl\/portal\/wp-json\/wp\/v2\/types\/post"}],"author":[{"embeddable":true,"href":"https:\/\/eltrabajo.cl\/portal\/wp-json\/wp\/v2\/users\/482"}],"replies":[{"embeddable":true,"href":"https:\/\/eltrabajo.cl\/portal\/wp-json\/wp\/v2\/comments?post=46527"}],"version-history":[{"count":0,"href":"https:\/\/eltrabajo.cl\/portal\/wp-json\/wp\/v2\/posts\/46527\/revisions"}],"wp:featuredmedia":[{"embeddable":true,"href":"https:\/\/eltrabajo.cl\/portal\/wp-json\/wp\/v2\/media\/46528"}],"wp:attachment":[{"href":"https:\/\/eltrabajo.cl\/portal\/wp-json\/wp\/v2\/media?parent=46527"}],"wp:term":[{"taxonomy":"category","embeddable":true,"href":"https:\/\/eltrabajo.cl\/portal\/wp-json\/wp\/v2\/categories?post=46527"},{"taxonomy":"post_tag","embeddable":true,"href":"https:\/\/eltrabajo.cl\/portal\/wp-json\/wp\/v2\/tags?post=46527"}],"curies":[{"name":"wp","href":"https:\/\/api.w.org\/{rel}","templated":true}]}}