{"id":46539,"date":"2014-05-15T11:59:33","date_gmt":"2014-05-15T15:59:33","guid":{"rendered":"http:\/\/www.eltrabajo.cl\/portal\/?p=46539"},"modified":"2014-05-15T11:59:33","modified_gmt":"2014-05-15T15:59:33","slug":"realizaran-atencion-oftalmologica-gratuita-en-el-cesfam","status":"publish","type":"post","link":"https:\/\/eltrabajo.cl\/portal\/realizaran-atencion-oftalmologica-gratuita-en-el-cesfam\/","title":{"rendered":"Realizar\u00e1n atenci\u00f3n oftalmol\u00f3gica gratuita en el Cesfam"},"content":{"rendered":"<figure id=\"attachment_46540\" aria-describedby=\"caption-attachment-46540\" style=\"width: 317px\" class=\"wp-caption alignleft\"><a href=\"https:\/\/i0.wp.com\/www.eltrabajo.cl\/portal\/wp-content\/uploads\/2014\/05\/Mireya-Ponce.jpg\"><img data-recalc-dims=\"1\" loading=\"lazy\" decoding=\"async\" class=\" wp-image-46540 \" alt=\"Mireya Ponce, Directora del Cesfam de Putaendo.\" src=\"https:\/\/i0.wp.com\/www.eltrabajo.cl\/portal\/wp-content\/uploads\/2014\/05\/Mireya-Ponce.jpg?resize=317%2C299\" width=\"317\" height=\"299\" srcset=\"https:\/\/i0.wp.com\/eltrabajo.cl\/portal\/wp-content\/uploads\/2014\/05\/Mireya-Ponce.jpg?w=529&amp;ssl=1 529w, https:\/\/i0.wp.com\/eltrabajo.cl\/portal\/wp-content\/uploads\/2014\/05\/Mireya-Ponce.jpg?resize=159%2C150&amp;ssl=1 159w, https:\/\/i0.wp.com\/eltrabajo.cl\/portal\/wp-content\/uploads\/2014\/05\/Mireya-Ponce.jpg?resize=300%2C282&amp;ssl=1 300w, https:\/\/i0.wp.com\/eltrabajo.cl\/portal\/wp-content\/uploads\/2014\/05\/Mireya-Ponce.jpg?resize=150%2C141&amp;ssl=1 150w, https:\/\/i0.wp.com\/eltrabajo.cl\/portal\/wp-content\/uploads\/2014\/05\/Mireya-Ponce.jpg?resize=400%2C376&amp;ssl=1 400w\" sizes=\"auto, (max-width: 317px) 100vw, 317px\" \/><\/a><figcaption id=\"caption-attachment-46540\" class=\"wp-caption-text\">Mireya Ponce, Directora del Cesfam de Putaendo.<\/figcaption><\/figure>\n<p><strong>PUTAENDO.<\/strong>&#8211; A partir del pr\u00f3ximo 21 de mayo, el Cesfam Valle Los Libertadores de Putaendo comenzar\u00e1 un proceso de atenci\u00f3n oftalmol\u00f3gica integral gratuita para los usuarios del recinto de salud. Mireya Ponce, Directora del Cesfam de Putaendo, indic\u00f3 que a trav\u00e9s del Programa de Resolutividad que entrega el gobierno se pudo concretar este plan de atenci\u00f3n completa oftalmol\u00f3gica que beneficiar\u00e1 a los usuarios de Fonasa, que est\u00e9n inscritos en el Cesfam o en las postas rurales y que est\u00e9n en el grupo etario de 15 a 64 a\u00f1os.<\/p>\n<p>La directora del Cesfam coment\u00f3 que luego de la licitaci\u00f3n correspondiente, el oftalm\u00f3logo Eduardo Lamata de Santiago ser\u00e1 el encargado de realizar las atenciones que comenzar\u00e1n el pr\u00f3ximo 21 de mayo, d\u00eda feriado donde igual habr\u00e1 atenci\u00f3n para las 60 personas que ya tienen su interconsulta entregada por los m\u00e9dicos del Cesfam.<\/p>\n<p>En este sentido, Ponce expres\u00f3 que disponen de 500 atenciones oftalmol\u00f3gicas y que los usuarios que est\u00e9 interesados en recibir la atenci\u00f3n correspondiente deben acudir al Cesfam, ser evaluados por el m\u00e9dico general y este a su vez dar\u00e1 la interconsulta correspondiente para que el oftalm\u00f3logo lo pueda atender.<\/p>\n<p>En este importante beneficio adem\u00e1s se contempla la presencia de un tecn\u00f3logo perteneciente a una \u00f3ptica, quien en forma inmediata, posterior a la atenci\u00f3n del oftalm\u00f3logo, le realizar\u00e1 una evaluaci\u00f3n para gestionar la entrega de lentes en un plazo de diez d\u00edas.<\/p>\n<p>La directora del Cesfam adem\u00e1s se\u00f1al\u00f3 que pondr\u00e1n a disposici\u00f3n horas m\u00e9dicas para atenci\u00f3n de un otorrinolaring\u00f3logo, pero aclar\u00f3 que a\u00fan no hay fecha de inicio para esta atenci\u00f3n pues son muy pocos los usuarios que han pedido hora m\u00e9dica, por lo que reiter\u00f3 el llamado a los usuarios que est\u00e9 interesados en recibir ambas atenciones para que acudan al Cesfam y realicen las consultas para recibir la orientaci\u00f3n y ser beneficiarios de este importante programa.<\/p>\n<p>Patricio Gallardo M.<\/p>\n","protected":false},"excerpt":{"rendered":"<p>PUTAENDO.&#8211; A partir del pr\u00f3ximo 21 de mayo, el Cesfam Valle Los Libertadores de Putaendo comenzar\u00e1 un proceso de atenci\u00f3n oftalmol\u00f3gica integral gratuita para los usuarios del recinto de salud. Mireya Ponce,&#8230;<\/p>\n","protected":false},"author":482,"featured_media":46540,"comment_status":"open","ping_status":"closed","sticky":false,"template":"","format":"standard","meta":{"advanced_seo_description":"","jetpack_seo_html_title":"","jetpack_seo_noindex":false,"_jetpack_memberships_contains_paid_content":false,"footnotes":""},"categories":[1],"tags":[],"class_list":["post-46539","post","type-post","status-publish","format-standard","has-post-thumbnail","hentry","category-cronica"],"jetpack_featured_media_url":"https:\/\/i0.wp.com\/eltrabajo.cl\/portal\/wp-content\/uploads\/2014\/05\/Mireya-Ponce.jpg?fit=529%2C498&ssl=1","jetpack_sharing_enabled":true,"jetpack_likes_enabled":true,"jetpack-related-posts":[],"_links":{"self":[{"href":"https:\/\/eltrabajo.cl\/portal\/wp-json\/wp\/v2\/posts\/46539","targetHints":{"allow":["GET"]}}],"collection":[{"href":"https:\/\/eltrabajo.cl\/portal\/wp-json\/wp\/v2\/posts"}],"about":[{"href":"https:\/\/eltrabajo.cl\/portal\/wp-json\/wp\/v2\/types\/post"}],"author":[{"embeddable":true,"href":"https:\/\/eltrabajo.cl\/portal\/wp-json\/wp\/v2\/users\/482"}],"replies":[{"embeddable":true,"href":"https:\/\/eltrabajo.cl\/portal\/wp-json\/wp\/v2\/comments?post=46539"}],"version-history":[{"count":0,"href":"https:\/\/eltrabajo.cl\/portal\/wp-json\/wp\/v2\/posts\/46539\/revisions"}],"wp:featuredmedia":[{"embeddable":true,"href":"https:\/\/eltrabajo.cl\/portal\/wp-json\/wp\/v2\/media\/46540"}],"wp:attachment":[{"href":"https:\/\/eltrabajo.cl\/portal\/wp-json\/wp\/v2\/media?parent=46539"}],"wp:term":[{"taxonomy":"category","embeddable":true,"href":"https:\/\/eltrabajo.cl\/portal\/wp-json\/wp\/v2\/categories?post=46539"},{"taxonomy":"post_tag","embeddable":true,"href":"https:\/\/eltrabajo.cl\/portal\/wp-json\/wp\/v2\/tags?post=46539"}],"curies":[{"name":"wp","href":"https:\/\/api.w.org\/{rel}","templated":true}]}}