{"id":46543,"date":"2014-05-15T12:01:10","date_gmt":"2014-05-15T16:01:10","guid":{"rendered":"http:\/\/www.eltrabajo.cl\/portal\/?p=46543"},"modified":"2014-05-15T12:01:10","modified_gmt":"2014-05-15T16:01:10","slug":"realizaran-consulta-ciudadana-para-tratar-tema-de-ruta-ch-60","status":"publish","type":"post","link":"https:\/\/eltrabajo.cl\/portal\/realizaran-consulta-ciudadana-para-tratar-tema-de-ruta-ch-60\/","title":{"rendered":"Realizar\u00e1n consulta ciudadana para tratar tema de Ruta Ch-60"},"content":{"rendered":"<figure id=\"attachment_46544\" aria-describedby=\"caption-attachment-46544\" style=\"width: 317px\" class=\"wp-caption alignleft\"><a href=\"https:\/\/i0.wp.com\/www.eltrabajo.cl\/portal\/wp-content\/uploads\/2014\/05\/Pradenas1.jpg\"><img data-recalc-dims=\"1\" loading=\"lazy\" decoding=\"async\" class=\" wp-image-46544 \" alt=\"El edil confirm\u00f3 que se reunir\u00e1n con vecinos y el servicio de evaluaci\u00f3n ambiental, con el fin de realizar una consulta ciudadana.\" src=\"https:\/\/i0.wp.com\/www.eltrabajo.cl\/portal\/wp-content\/uploads\/2014\/05\/Pradenas1.jpg?resize=317%2C241\" width=\"317\" height=\"241\" srcset=\"https:\/\/i0.wp.com\/eltrabajo.cl\/portal\/wp-content\/uploads\/2014\/05\/Pradenas1.jpg?w=528&amp;ssl=1 528w, https:\/\/i0.wp.com\/eltrabajo.cl\/portal\/wp-content\/uploads\/2014\/05\/Pradenas1.jpg?resize=197%2C150&amp;ssl=1 197w, https:\/\/i0.wp.com\/eltrabajo.cl\/portal\/wp-content\/uploads\/2014\/05\/Pradenas1.jpg?resize=300%2C227&amp;ssl=1 300w, https:\/\/i0.wp.com\/eltrabajo.cl\/portal\/wp-content\/uploads\/2014\/05\/Pradenas1.jpg?resize=150%2C113&amp;ssl=1 150w, https:\/\/i0.wp.com\/eltrabajo.cl\/portal\/wp-content\/uploads\/2014\/05\/Pradenas1.jpg?resize=400%2C303&amp;ssl=1 400w\" sizes=\"auto, (max-width: 317px) 100vw, 317px\" \/><\/a><figcaption id=\"caption-attachment-46544\" class=\"wp-caption-text\">El edil confirm\u00f3 que se reunir\u00e1n con vecinos y el servicio de evaluaci\u00f3n ambiental, con el fin de realizar una consulta ciudadana.<\/figcaption><\/figure>\n<p><strong>PANQUEHUE.<\/strong>&#8211; Un llamado a las autoridades del Ministerio de Obras P\u00fablicas, con el fin de dar la m\u00e1xima prioridad a la construcci\u00f3n de los tramos 6 y 7 de la nueva Ruta Ch-60 Panquehue-San Felipe, realiz\u00f3 el Alcalde Luis Pradenas. La autoridad comunal reiter\u00f3 sus puntos de vista sobre la importancia que reviste poner en marcha la construcci\u00f3n de este tramo, que ha tenido una demora innecesaria y que los m\u00e1s perjudicados siguen siendo los vecinos de Panquehue, pues tras los reiterados accidentes de tr\u00e1nsito, la ruta permanece cortada por horas.<\/p>\n<p>Con el fin de avanzar en el inicio de las obras, este jueves a las 18:30 horas en la sala cultural de la comuna de Panquehue, se efectuar\u00e1 una consulta ciudadana, entre los vecinos de la comuna y el Servicio de Evaluaci\u00f3n Ambiental (SEA), con el fin de dar curso a la solicitud hecha por la Confederaci\u00f3n del R\u00edo Aconcagua y la Junta de Vigilancia de la 2\u00aa Secci\u00f3n del R\u00edo Aconcagua, en el marco del proceso de evaluaci\u00f3n del mencionado proyecto.<\/p>\n<p>El Alcalde Pradenas se\u00f1al\u00f3 que la sociedad concesionar\u00eda Autopista de Los Andes S.A., ha ingresado al sistema de evaluaci\u00f3n de impacto ambiental, la Declaraci\u00f3n de Impacto ambiental denominada \u2018Defensas Fluviales Tramos 6 y 7 comunas de Panquehue y San Felipe de la ruta Ch-60\u2019, que contempla la construcci\u00f3n y operaci\u00f3n de las mencionadas defensas, localizados en las riberas sur y norte respectivamente de la cuenca intermedia del R\u00edo Aconcagua, con el fin de proteger el terrapl\u00e9n de esta v\u00eda contra la erosi\u00f3n y desborde por inundaci\u00f3n durante los eventos de crecidas extremas de dicho cuerpo fluvial.<\/p>\n<p>El Servicio de Evaluaci\u00f3n Ambiental fomenta y facilita la participaci\u00f3n ciudadana en el sistema de evaluaci\u00f3n de impacto ambiental, donde la comunidad aporta informaci\u00f3n relevante a la evaluaci\u00f3n, como asimismo mejora los proyectos con su intervenci\u00f3n.<\/p>\n<p>\u00abEste alcalde y cada uno de los vecinos de la comuna, lo que \u00fanico que desean es que est\u00e9 terminada esta nueva Ruta Ch-60, ya no soportamos m\u00e1s la situaci\u00f3n vial, el peligro de accidentes, atropellos, cortes de caminos y aumento del flujo vehicular, se ha vuelto insostenible para nosotros.<\/p>\n<p>Por lo mismo, reitero el llamado las autoridades para iniciar las obras de construcci\u00f3n de esta ruta y ojal\u00e1 en el plazo que se ha establecido, est\u00e9 operativa. Esta acci\u00f3n cambiar\u00e1 completamente el estilo de vida de nuestra comuna y bajar\u00e1 considerablemente los riesgos, con causas de accidentes de tr\u00e1nsito\u00bb. La invitaci\u00f3n a participar de esta consulta ciudadana, es abierta a toda la comunidad de Panquehue.<\/p>\n<p>&nbsp;<\/p>\n","protected":false},"excerpt":{"rendered":"<p>PANQUEHUE.&#8211; Un llamado a las autoridades del Ministerio de Obras P\u00fablicas, con el fin de dar la m\u00e1xima prioridad a la construcci\u00f3n de los tramos 6 y 7 de la nueva Ruta&#8230;<\/p>\n","protected":false},"author":482,"featured_media":46544,"comment_status":"open","ping_status":"closed","sticky":false,"template":"","format":"standard","meta":{"advanced_seo_description":"","jetpack_seo_html_title":"","jetpack_seo_noindex":false,"_jetpack_memberships_contains_paid_content":false,"footnotes":""},"categories":[1],"tags":[],"class_list":["post-46543","post","type-post","status-publish","format-standard","has-post-thumbnail","hentry","category-cronica"],"jetpack_featured_media_url":"https:\/\/i0.wp.com\/eltrabajo.cl\/portal\/wp-content\/uploads\/2014\/05\/Pradenas1.jpg?fit=528%2C401&ssl=1","jetpack_sharing_enabled":true,"jetpack_likes_enabled":true,"jetpack-related-posts":[],"_links":{"self":[{"href":"https:\/\/eltrabajo.cl\/portal\/wp-json\/wp\/v2\/posts\/46543","targetHints":{"allow":["GET"]}}],"collection":[{"href":"https:\/\/eltrabajo.cl\/portal\/wp-json\/wp\/v2\/posts"}],"about":[{"href":"https:\/\/eltrabajo.cl\/portal\/wp-json\/wp\/v2\/types\/post"}],"author":[{"embeddable":true,"href":"https:\/\/eltrabajo.cl\/portal\/wp-json\/wp\/v2\/users\/482"}],"replies":[{"embeddable":true,"href":"https:\/\/eltrabajo.cl\/portal\/wp-json\/wp\/v2\/comments?post=46543"}],"version-history":[{"count":0,"href":"https:\/\/eltrabajo.cl\/portal\/wp-json\/wp\/v2\/posts\/46543\/revisions"}],"wp:featuredmedia":[{"embeddable":true,"href":"https:\/\/eltrabajo.cl\/portal\/wp-json\/wp\/v2\/media\/46544"}],"wp:attachment":[{"href":"https:\/\/eltrabajo.cl\/portal\/wp-json\/wp\/v2\/media?parent=46543"}],"wp:term":[{"taxonomy":"category","embeddable":true,"href":"https:\/\/eltrabajo.cl\/portal\/wp-json\/wp\/v2\/categories?post=46543"},{"taxonomy":"post_tag","embeddable":true,"href":"https:\/\/eltrabajo.cl\/portal\/wp-json\/wp\/v2\/tags?post=46543"}],"curies":[{"name":"wp","href":"https:\/\/api.w.org\/{rel}","templated":true}]}}