{"id":46546,"date":"2014-05-15T12:03:01","date_gmt":"2014-05-15T16:03:01","guid":{"rendered":"http:\/\/www.eltrabajo.cl\/portal\/?p=46546"},"modified":"2014-05-15T12:03:01","modified_gmt":"2014-05-15T16:03:01","slug":"comenzaron-obras-de-proyecto-de-pueblito-de-artesanos-en-sector-yungay","status":"publish","type":"post","link":"https:\/\/eltrabajo.cl\/portal\/comenzaron-obras-de-proyecto-de-pueblito-de-artesanos-en-sector-yungay\/","title":{"rendered":"Comenzaron obras de proyecto de pueblito de artesanos en sector Yungay"},"content":{"rendered":"<figure id=\"attachment_46547\" aria-describedby=\"caption-attachment-46547\" style=\"width: 222px\" class=\"wp-caption alignleft\"><a href=\"https:\/\/i0.wp.com\/www.eltrabajo.cl\/portal\/wp-content\/uploads\/2014\/05\/Pueblito1.jpg\"><img data-recalc-dims=\"1\" loading=\"lazy\" decoding=\"async\" class=\" wp-image-46547  \" alt=\"Finalmente esta semana comenzaron las obras para contar con un pueblito de artesanos, ubicado en la intersecci\u00f3n de Avenida Yungay con San Mart\u00edn.\" src=\"https:\/\/i0.wp.com\/www.eltrabajo.cl\/portal\/wp-content\/uploads\/2014\/05\/Pueblito1.jpg?resize=222%2C329\" width=\"222\" height=\"329\" srcset=\"https:\/\/i0.wp.com\/eltrabajo.cl\/portal\/wp-content\/uploads\/2014\/05\/Pueblito1.jpg?w=529&amp;ssl=1 529w, https:\/\/i0.wp.com\/eltrabajo.cl\/portal\/wp-content\/uploads\/2014\/05\/Pueblito1.jpg?resize=101%2C150&amp;ssl=1 101w, https:\/\/i0.wp.com\/eltrabajo.cl\/portal\/wp-content\/uploads\/2014\/05\/Pueblito1.jpg?resize=202%2C300&amp;ssl=1 202w, https:\/\/i0.wp.com\/eltrabajo.cl\/portal\/wp-content\/uploads\/2014\/05\/Pueblito1.jpg?resize=400%2C592&amp;ssl=1 400w\" sizes=\"auto, (max-width: 222px) 100vw, 222px\" \/><\/a><figcaption id=\"caption-attachment-46547\" class=\"wp-caption-text\">Finalmente esta semana comenzaron las obras para contar con un pueblito de artesanos, ubicado en la intersecci\u00f3n de Avenida Yungay con San Mart\u00edn.<\/figcaption><\/figure>\n<p>Era un compromiso del Alcalde Patricio Freire y luego de algunos meses de creaci\u00f3n del proyecto, finalmente esta semana comenzaron las obras para contar con un pueblito de artesanos, ubicado en la intersecci\u00f3n de Avenida Yungay con San Mart\u00edn. Para conocer el avance de las obras el Alcalde Freire junto al Secretario de Planificaci\u00f3n, Claudio Paredes, se trasladaron hasta ese sector, donde pudieron constatar los trabajos que se est\u00e1n realizando y que permitir\u00e1n, luego de 75 d\u00edas aproximadamente, contar con este anhelado proyecto.<\/p>\n<p>\u00abYa comenz\u00f3 la construcci\u00f3n y se va a arreglar el entorno, se van a colocar veredas nuevas e iluminaci\u00f3n y con servicio higi\u00e9nico, es un proyecto muy interesante y va en beneficio de los emprendedores que actualmente se ubican en la plaza y luego tenemos que ver el traslado de los comerciantes a este sector y que nos permitir\u00e1 recuperar un espacio y los comerciantes van a tener un lugar donde poder desarrollarse en este sector\u00bb, sostuvo el jefe comunal.<\/p>\n<p>Este es un proyecto creado desde el inicio junto a los comerciantes que se ubican actualmente en la terraza de la Plaza de Armas, quienes han ido aportando con observaciones que se incluyeron en la iniciativa. El proyecto contempla una inversi\u00f3n de alrededor de $49 millones y que se realiza a trav\u00e9s del Fondo de Inversi\u00f3n Regional, que fue propuesto y ejecutado en la administraci\u00f3n del Alcalde Freire.<\/p>\n<p>\u00abLos equipos municipales han trabajado para poder hacer una intervenci\u00f3n de 544 metros, estamos hablando de 24 m\u00f3dulos para cada uno de los artesanos que hoy est\u00e1n trabajando en la Plaza de Armas de San Felipe, lo que va a permitir que en un tiempo de 75 d\u00edas, que es lo que ha propuesto la empresa, podamos contar con un proyecto nuevo, un espacio habilitado completamente para los artesanos y tambi\u00e9n para toda la comunidad de San Felipe\u00bb, se\u00f1al\u00f3 Claudio Paredes.<\/p>\n<p>&nbsp;<\/p>\n","protected":false},"excerpt":{"rendered":"<p>Era un compromiso del Alcalde Patricio Freire y luego de algunos meses de creaci\u00f3n del proyecto, finalmente esta semana comenzaron las obras para contar con un pueblito de artesanos, ubicado en la&#8230;<\/p>\n","protected":false},"author":482,"featured_media":46547,"comment_status":"open","ping_status":"closed","sticky":false,"template":"","format":"standard","meta":{"advanced_seo_description":"","jetpack_seo_html_title":"","jetpack_seo_noindex":false,"_jetpack_memberships_contains_paid_content":false,"footnotes":""},"categories":[1],"tags":[],"class_list":["post-46546","post","type-post","status-publish","format-standard","has-post-thumbnail","hentry","category-cronica"],"jetpack_featured_media_url":"https:\/\/i0.wp.com\/eltrabajo.cl\/portal\/wp-content\/uploads\/2014\/05\/Pueblito1.jpg?fit=529%2C784&ssl=1","jetpack_sharing_enabled":true,"jetpack_likes_enabled":true,"jetpack-related-posts":[],"_links":{"self":[{"href":"https:\/\/eltrabajo.cl\/portal\/wp-json\/wp\/v2\/posts\/46546","targetHints":{"allow":["GET"]}}],"collection":[{"href":"https:\/\/eltrabajo.cl\/portal\/wp-json\/wp\/v2\/posts"}],"about":[{"href":"https:\/\/eltrabajo.cl\/portal\/wp-json\/wp\/v2\/types\/post"}],"author":[{"embeddable":true,"href":"https:\/\/eltrabajo.cl\/portal\/wp-json\/wp\/v2\/users\/482"}],"replies":[{"embeddable":true,"href":"https:\/\/eltrabajo.cl\/portal\/wp-json\/wp\/v2\/comments?post=46546"}],"version-history":[{"count":0,"href":"https:\/\/eltrabajo.cl\/portal\/wp-json\/wp\/v2\/posts\/46546\/revisions"}],"wp:featuredmedia":[{"embeddable":true,"href":"https:\/\/eltrabajo.cl\/portal\/wp-json\/wp\/v2\/media\/46547"}],"wp:attachment":[{"href":"https:\/\/eltrabajo.cl\/portal\/wp-json\/wp\/v2\/media?parent=46546"}],"wp:term":[{"taxonomy":"category","embeddable":true,"href":"https:\/\/eltrabajo.cl\/portal\/wp-json\/wp\/v2\/categories?post=46546"},{"taxonomy":"post_tag","embeddable":true,"href":"https:\/\/eltrabajo.cl\/portal\/wp-json\/wp\/v2\/tags?post=46546"}],"curies":[{"name":"wp","href":"https:\/\/api.w.org\/{rel}","templated":true}]}}