{"id":46551,"date":"2014-05-15T12:04:08","date_gmt":"2014-05-15T16:04:08","guid":{"rendered":"http:\/\/www.eltrabajo.cl\/portal\/?p=46551"},"modified":"2014-05-15T12:04:08","modified_gmt":"2014-05-15T16:04:08","slug":"angelica-gonzalez-es-la-nueva-jefa-de-la-oficina-prodemu-san-felipe","status":"publish","type":"post","link":"https:\/\/eltrabajo.cl\/portal\/angelica-gonzalez-es-la-nueva-jefa-de-la-oficina-prodemu-san-felipe\/","title":{"rendered":"Ang\u00e9lica Gonz\u00e1lez es la nueva Jefa de la Oficina Prodemu San Felipe"},"content":{"rendered":"<figure id=\"attachment_46552\" aria-describedby=\"caption-attachment-46552\" style=\"width: 317px\" class=\"wp-caption alignleft\"><a href=\"https:\/\/i0.wp.com\/www.eltrabajo.cl\/portal\/wp-content\/uploads\/2014\/05\/Angelica-Gonzalez.jpg\"><img data-recalc-dims=\"1\" loading=\"lazy\" decoding=\"async\" class=\" wp-image-46552 \" alt=\"Nueva Directora de la Fundaci\u00f3n en la Provincia de San Felipe, Mar\u00eda Ang\u00e9lica Gonz\u00e1lez.\" src=\"https:\/\/i0.wp.com\/www.eltrabajo.cl\/portal\/wp-content\/uploads\/2014\/05\/Angelica-Gonzalez.jpg?resize=317%2C297\" width=\"317\" height=\"297\" srcset=\"https:\/\/i0.wp.com\/eltrabajo.cl\/portal\/wp-content\/uploads\/2014\/05\/Angelica-Gonzalez.jpg?w=529&amp;ssl=1 529w, https:\/\/i0.wp.com\/eltrabajo.cl\/portal\/wp-content\/uploads\/2014\/05\/Angelica-Gonzalez.jpg?resize=160%2C150&amp;ssl=1 160w, https:\/\/i0.wp.com\/eltrabajo.cl\/portal\/wp-content\/uploads\/2014\/05\/Angelica-Gonzalez.jpg?resize=300%2C280&amp;ssl=1 300w, https:\/\/i0.wp.com\/eltrabajo.cl\/portal\/wp-content\/uploads\/2014\/05\/Angelica-Gonzalez.jpg?resize=150%2C140&amp;ssl=1 150w, https:\/\/i0.wp.com\/eltrabajo.cl\/portal\/wp-content\/uploads\/2014\/05\/Angelica-Gonzalez.jpg?resize=400%2C374&amp;ssl=1 400w\" sizes=\"auto, (max-width: 317px) 100vw, 317px\" \/><\/a><figcaption id=\"caption-attachment-46552\" class=\"wp-caption-text\">Nueva Directora de la Fundaci\u00f3n en la Provincia de San Felipe, Mar\u00eda Ang\u00e9lica Gonz\u00e1lez.<\/figcaption><\/figure>\n<p>Por m\u00e1s de 20 a\u00f1os y sin reparar en las distancias, la Fundaci\u00f3n para la Promoci\u00f3n y Desarrollo de la Mujer ha trabajado ardua y responsablemente en la habilitaci\u00f3n y capacitaci\u00f3n de miles de chilenas. En el Aconcagua, Prodemu consta con dos oficinas, de las cuales en el d\u00eda de ayer se present\u00f3 de manera oficial a la nueva Directora de la Fundaci\u00f3n en la Provincia de San Felipe, se trata de Mar\u00eda Ang\u00e9lica Gonz\u00e1lez, ex-candidata Core del Partido Socialista y tambi\u00e9n ex-candidata a concejal en las \u00faltimas elecciones, ella a contar de esta fecha inicia las actividades de promoci\u00f3n de la mujer, dentro de la provincia de San Felipe de Aconcagua.<\/p>\n<p>Prodemu est\u00e1 adem\u00e1s presente en 51 provincias repartidas por todo el territorio nacional, 500 trabajadores llevan a cabo el objetivo fundamental de Fundaci\u00f3n Prodemu en 54 sedes provinciales, para que en un futuro cercano, las mujeres m\u00e1s vulnerables reduzcan las brechas de inequidad, logren superar la pobreza y se inserten activamente en la sociedad y en el mundo laboral -de forma dependiente o independiente.<\/p>\n<p>Por eso, esta vez se trabaj\u00f3 con 38.496 mujeres, cifra que se suma al mill\u00f3n y medio de participantes que han sido habilitadas y capacitadas desde 1990, las cuales en su mayor\u00eda son jefas de hogar pertenecientes al primer y segundo quintil. Finalmente, Prodemu ha tomado en sus manos la misi\u00f3n de insertar de manera \u00edntegra a las mujeres en el desarrollo del pa\u00eds, a trav\u00e9s de una preparaci\u00f3n formal y responsable para el ingreso al mundo laboral.<\/p>\n","protected":false},"excerpt":{"rendered":"<p>Por m\u00e1s de 20 a\u00f1os y sin reparar en las distancias, la Fundaci\u00f3n para la Promoci\u00f3n y Desarrollo de la Mujer ha trabajado ardua y responsablemente en la habilitaci\u00f3n y capacitaci\u00f3n de&#8230;<\/p>\n","protected":false},"author":482,"featured_media":46552,"comment_status":"open","ping_status":"closed","sticky":false,"template":"","format":"standard","meta":{"advanced_seo_description":"","jetpack_seo_html_title":"","jetpack_seo_noindex":false,"_jetpack_memberships_contains_paid_content":false,"footnotes":""},"categories":[1],"tags":[],"class_list":["post-46551","post","type-post","status-publish","format-standard","has-post-thumbnail","hentry","category-cronica"],"jetpack_featured_media_url":"https:\/\/i0.wp.com\/eltrabajo.cl\/portal\/wp-content\/uploads\/2014\/05\/Angelica-Gonzalez.jpg?fit=529%2C495&ssl=1","jetpack_sharing_enabled":true,"jetpack_likes_enabled":true,"jetpack-related-posts":[],"_links":{"self":[{"href":"https:\/\/eltrabajo.cl\/portal\/wp-json\/wp\/v2\/posts\/46551","targetHints":{"allow":["GET"]}}],"collection":[{"href":"https:\/\/eltrabajo.cl\/portal\/wp-json\/wp\/v2\/posts"}],"about":[{"href":"https:\/\/eltrabajo.cl\/portal\/wp-json\/wp\/v2\/types\/post"}],"author":[{"embeddable":true,"href":"https:\/\/eltrabajo.cl\/portal\/wp-json\/wp\/v2\/users\/482"}],"replies":[{"embeddable":true,"href":"https:\/\/eltrabajo.cl\/portal\/wp-json\/wp\/v2\/comments?post=46551"}],"version-history":[{"count":0,"href":"https:\/\/eltrabajo.cl\/portal\/wp-json\/wp\/v2\/posts\/46551\/revisions"}],"wp:featuredmedia":[{"embeddable":true,"href":"https:\/\/eltrabajo.cl\/portal\/wp-json\/wp\/v2\/media\/46552"}],"wp:attachment":[{"href":"https:\/\/eltrabajo.cl\/portal\/wp-json\/wp\/v2\/media?parent=46551"}],"wp:term":[{"taxonomy":"category","embeddable":true,"href":"https:\/\/eltrabajo.cl\/portal\/wp-json\/wp\/v2\/categories?post=46551"},{"taxonomy":"post_tag","embeddable":true,"href":"https:\/\/eltrabajo.cl\/portal\/wp-json\/wp\/v2\/tags?post=46551"}],"curies":[{"name":"wp","href":"https:\/\/api.w.org\/{rel}","templated":true}]}}