{"id":46555,"date":"2014-05-15T12:05:36","date_gmt":"2014-05-15T16:05:36","guid":{"rendered":"http:\/\/www.eltrabajo.cl\/portal\/?p=46555"},"modified":"2014-05-15T12:05:36","modified_gmt":"2014-05-15T16:05:36","slug":"malestar-por-instalacion-de-antena-telefonica-en-barrio-villa-nueva","status":"publish","type":"post","link":"https:\/\/eltrabajo.cl\/portal\/malestar-por-instalacion-de-antena-telefonica-en-barrio-villa-nueva\/","title":{"rendered":"Malestar por instalaci\u00f3n de antena telef\u00f3nica en Barrio Villa Nueva"},"content":{"rendered":"<figure id=\"attachment_46556\" aria-describedby=\"caption-attachment-46556\" style=\"width: 317px\" class=\"wp-caption alignleft\"><a href=\"https:\/\/i0.wp.com\/www.eltrabajo.cl\/portal\/wp-content\/uploads\/2014\/05\/JJara.jpg\"><img data-recalc-dims=\"1\" loading=\"lazy\" decoding=\"async\" class=\" wp-image-46556 \" alt=\"Jorge Jara, Jefe del Departamento Jur\u00eddico de la Municipalidad de San Felipe.\" src=\"https:\/\/i0.wp.com\/www.eltrabajo.cl\/portal\/wp-content\/uploads\/2014\/05\/JJara.jpg?resize=317%2C346\" width=\"317\" height=\"346\" srcset=\"https:\/\/i0.wp.com\/eltrabajo.cl\/portal\/wp-content\/uploads\/2014\/05\/JJara.jpg?w=529&amp;ssl=1 529w, https:\/\/i0.wp.com\/eltrabajo.cl\/portal\/wp-content\/uploads\/2014\/05\/JJara.jpg?resize=137%2C150&amp;ssl=1 137w, https:\/\/i0.wp.com\/eltrabajo.cl\/portal\/wp-content\/uploads\/2014\/05\/JJara.jpg?resize=275%2C300&amp;ssl=1 275w, https:\/\/i0.wp.com\/eltrabajo.cl\/portal\/wp-content\/uploads\/2014\/05\/JJara.jpg?resize=400%2C436&amp;ssl=1 400w\" sizes=\"auto, (max-width: 317px) 100vw, 317px\" \/><\/a><figcaption id=\"caption-attachment-46556\" class=\"wp-caption-text\">Jorge Jara, Jefe del Departamento Jur\u00eddico de la Municipalidad de San Felipe.<\/figcaption><\/figure>\n<p>El pasado s\u00e1bado la empresa Sitios de Chile S.A. inici\u00f3 obras para la instalaci\u00f3n de una antena, en el sector de Villa Nueva de San Felipe, ante lo cual los vecinos denunciaron p\u00fablicamente que a pesar de haber solicitado antecedentes sobre este hecho a la municipalidad, no hab\u00edan obtenido respuesta alguna.<\/p>\n<p>Respecto al tema, el Jefe del Departamento Jur\u00eddico de la Municipalidad de San Felipe, Jorge Jara, expuso a los medios de comunicaci\u00f3n, que el procedimiento de otorgamiento de permisos para instalaci\u00f3n de antenas de telefon\u00eda celular y que circunscribe a las Direcciones de Obras, s\u00f3lo son para verificar cumplimiento de un protocolo normado por las disposiciones legales que regulan la materia, pero que en lo estricto, el municipio no tiene elementos t\u00e9cnicos objetivos, en el caso de que el contratista o empresa cumple con ese protocolo, para impedir que se ejecute ese tipo de proyecto.<\/p>\n<p>En el caso espec\u00edfico denunciado, Jara indic\u00f3 que la empresa ingres\u00f3 un expediente en donde se solicita la instalaci\u00f3n de la antena en el sector se\u00f1alado, a la Direcci\u00f3n de Obras de la Municipalidad de San Felipe, tr\u00e1mite el cual se hizo dentro del plazo legal, sin embargo con la falta de que el permiso que se necesita de los vecinos previo a la presentaci\u00f3n de la documentaci\u00f3n en el municipio, no fue realizado en los tiempos correspondientes.<\/p>\n<p>Debido a lo anterior, el Direcci\u00f3n de Obras de la Municipalidad est\u00e1 revisando el expediente, en virtud de que \u201cen los \u00faltimos d\u00edas se han sostenido reuniones con los vecinos, y se les explic\u00f3 con los antecedentes en la mano la situaci\u00f3n, precis\u00e1ndoles que aqu\u00ed la empresa invirti\u00f3 los procedimientos, porque deber\u00eda haber solicitado a trav\u00e9s de carta certificada a los vecinos afectos, dependiendo de la altura de la antena por su radio de influencia, donde se les debe informar las caracter\u00edsticas del proyecto, plazos, consecuencias y posteriormente la empresa debe ofrecerles un mecanismo compensatorio por la instalaci\u00f3n de esa antena. Posteriormente a eso ellos deben ingresar el expediente y solicitud a la Direcci\u00f3n de Obras, pero aqu\u00ed la empresa actu\u00f3 a la inversa\u201d.<\/p>\n<p>Jara indic\u00f3 que debido a que existe una infracci\u00f3n de la norma legal, la municipalidad a trav\u00e9s de la Direcci\u00f3n de Obras notific\u00f3 este martes a la empresa la paralizaci\u00f3n inmediata de las obras que ejecutaba; \u201cpor estar sin permiso municipal. La empresa tendr\u00e1 que regularizar el procedimiento y si termina cumpliendo con lo dispuesto en la Ley, la municipalidad eventualmente podr\u00eda al final de ese proceso entregar autorizaci\u00f3n. Porque tal como explicamos a los vecinos, no tenemos facultades legales para negarnos de manera arbitraria y sin argumentos jur\u00eddicos al otorgamiento del permiso, porque de lo contrario podr\u00edan surgir situaciones jur\u00eddicas contra la Municipalidad\u201d.<\/p>\n<p>&nbsp;<\/p>\n","protected":false},"excerpt":{"rendered":"<p>El pasado s\u00e1bado la empresa Sitios de Chile S.A. inici\u00f3 obras para la instalaci\u00f3n de una antena, en el sector de Villa Nueva de San Felipe, ante lo cual los vecinos denunciaron&#8230;<\/p>\n","protected":false},"author":482,"featured_media":46556,"comment_status":"open","ping_status":"closed","sticky":false,"template":"","format":"standard","meta":{"advanced_seo_description":"","jetpack_seo_html_title":"","jetpack_seo_noindex":false,"_jetpack_memberships_contains_paid_content":false,"footnotes":""},"categories":[1],"tags":[],"class_list":["post-46555","post","type-post","status-publish","format-standard","has-post-thumbnail","hentry","category-cronica"],"jetpack_featured_media_url":"https:\/\/i0.wp.com\/eltrabajo.cl\/portal\/wp-content\/uploads\/2014\/05\/JJara.jpg?fit=529%2C577&ssl=1","jetpack_sharing_enabled":true,"jetpack_likes_enabled":true,"jetpack-related-posts":[],"_links":{"self":[{"href":"https:\/\/eltrabajo.cl\/portal\/wp-json\/wp\/v2\/posts\/46555","targetHints":{"allow":["GET"]}}],"collection":[{"href":"https:\/\/eltrabajo.cl\/portal\/wp-json\/wp\/v2\/posts"}],"about":[{"href":"https:\/\/eltrabajo.cl\/portal\/wp-json\/wp\/v2\/types\/post"}],"author":[{"embeddable":true,"href":"https:\/\/eltrabajo.cl\/portal\/wp-json\/wp\/v2\/users\/482"}],"replies":[{"embeddable":true,"href":"https:\/\/eltrabajo.cl\/portal\/wp-json\/wp\/v2\/comments?post=46555"}],"version-history":[{"count":0,"href":"https:\/\/eltrabajo.cl\/portal\/wp-json\/wp\/v2\/posts\/46555\/revisions"}],"wp:featuredmedia":[{"embeddable":true,"href":"https:\/\/eltrabajo.cl\/portal\/wp-json\/wp\/v2\/media\/46556"}],"wp:attachment":[{"href":"https:\/\/eltrabajo.cl\/portal\/wp-json\/wp\/v2\/media?parent=46555"}],"wp:term":[{"taxonomy":"category","embeddable":true,"href":"https:\/\/eltrabajo.cl\/portal\/wp-json\/wp\/v2\/categories?post=46555"},{"taxonomy":"post_tag","embeddable":true,"href":"https:\/\/eltrabajo.cl\/portal\/wp-json\/wp\/v2\/tags?post=46555"}],"curies":[{"name":"wp","href":"https:\/\/api.w.org\/{rel}","templated":true}]}}