{"id":46586,"date":"2014-05-19T09:18:16","date_gmt":"2014-05-19T13:18:16","guid":{"rendered":"http:\/\/www.eltrabajo.cl\/portal\/?p=46586"},"modified":"2014-05-19T09:18:16","modified_gmt":"2014-05-19T13:18:16","slug":"arreglos-florales-y-velas-fueron-dejados-en-animitas-de-carretera-e-71","status":"publish","type":"post","link":"https:\/\/eltrabajo.cl\/portal\/arreglos-florales-y-velas-fueron-dejados-en-animitas-de-carretera-e-71\/","title":{"rendered":"Arreglos florales y velas fueron dejados en animitas de Carretera E-71"},"content":{"rendered":"<figure id=\"attachment_46587\" aria-describedby=\"caption-attachment-46587\" style=\"width: 370px\" class=\"wp-caption alignleft\"><a href=\"https:\/\/i0.wp.com\/www.eltrabajo.cl\/portal\/wp-content\/uploads\/2014\/05\/Animas1.jpg\"><img data-recalc-dims=\"1\" loading=\"lazy\" decoding=\"async\" class=\" wp-image-46587 \" alt=\"Hasta el momento nadie sabe qu\u00e9 personas realizaron este hermoso y destacable gesto.\" src=\"https:\/\/i0.wp.com\/www.eltrabajo.cl\/portal\/wp-content\/uploads\/2014\/05\/Animas1.jpg?resize=370%2C251\" width=\"370\" height=\"251\" srcset=\"https:\/\/i0.wp.com\/eltrabajo.cl\/portal\/wp-content\/uploads\/2014\/05\/Animas1.jpg?w=529&amp;ssl=1 529w, https:\/\/i0.wp.com\/eltrabajo.cl\/portal\/wp-content\/uploads\/2014\/05\/Animas1.jpg?resize=200%2C135&amp;ssl=1 200w, https:\/\/i0.wp.com\/eltrabajo.cl\/portal\/wp-content\/uploads\/2014\/05\/Animas1.jpg?resize=300%2C203&amp;ssl=1 300w, https:\/\/i0.wp.com\/eltrabajo.cl\/portal\/wp-content\/uploads\/2014\/05\/Animas1.jpg?resize=150%2C101&amp;ssl=1 150w, https:\/\/i0.wp.com\/eltrabajo.cl\/portal\/wp-content\/uploads\/2014\/05\/Animas1.jpg?resize=400%2C270&amp;ssl=1 400w\" sizes=\"auto, (max-width: 370px) 100vw, 370px\" \/><\/a><figcaption id=\"caption-attachment-46587\" class=\"wp-caption-text\">Hasta el momento nadie sabe qu\u00e9 personas realizaron este hermoso y destacable gesto.<\/figcaption><\/figure>\n<p><strong>PUTAENDO.<\/strong>&#8211; En un hecho que no pas\u00f3 inadvertido para muchos, la noche del viernes reci\u00e9n pasado todas las animitas ubicadas en la carretera que une Putaendo con San Felipe fueron adornadas con velas encendidas y hermosos arreglos florales. Pasadas las 22:00 horas del viernes, varios automovilistas vieron como desde el Puente Enc\u00f3n hasta Avenida Ej\u00e9rcito Libertador a la entrada de Putaendo poco a poco comenzaban a iluminarse cada una de las animitas existentes en la carretera en direcci\u00f3n a nuestra comuna, a lo que se sumaba que en cada animita, tal como lo muestran las fotograf\u00edas, era dejado un hermoso y especial arreglo floral.<\/p>\n<p>Algunos de nuestros lectores se\u00f1alaron que vieron un furg\u00f3n blanco que se estacionaba a orilla de camino y a lo menos dos personas encend\u00edan una vela y dejaban un arreglo floral. Hasta el momento nadie sabe qu\u00e9 personas realizaron este hermoso y destacable gesto, pero lo concreto es que hoy, con la luz del d\u00eda pudimos comprobar que efectivamente desde el Puente Enc\u00f3n hasta la \u00faltima animita que est\u00e1 ubicada en Calle Eduardo Weggener con Av. Ej\u00e9rcito Libertador, los arreglos florales estaban en cada una de estas animitas.<\/p>\n<p>Un gesto hermoso y noble de quien o quienes lo hicieron, quiz\u00e1s sin conocer la historia que encierra cada una de estas animitas ubicadas a orilla de camino en la carretera que une Putaendo con San Felipe.<\/p>\n<p>Patricio Gallardo M.<\/p>\n","protected":false},"excerpt":{"rendered":"<p>PUTAENDO.&#8211; En un hecho que no pas\u00f3 inadvertido para muchos, la noche del viernes reci\u00e9n pasado todas las animitas ubicadas en la carretera que une Putaendo con San Felipe fueron adornadas con&#8230;<\/p>\n","protected":false},"author":482,"featured_media":46587,"comment_status":"open","ping_status":"closed","sticky":false,"template":"","format":"standard","meta":{"advanced_seo_description":"","jetpack_seo_html_title":"","jetpack_seo_noindex":false,"_jetpack_memberships_contains_paid_content":false,"footnotes":""},"categories":[15],"tags":[],"class_list":["post-46586","post","type-post","status-publish","format-standard","has-post-thumbnail","hentry","category-comunidad"],"jetpack_featured_media_url":"https:\/\/i0.wp.com\/eltrabajo.cl\/portal\/wp-content\/uploads\/2014\/05\/Animas1.jpg?fit=529%2C358&ssl=1","jetpack_sharing_enabled":true,"jetpack_likes_enabled":true,"jetpack-related-posts":[],"_links":{"self":[{"href":"https:\/\/eltrabajo.cl\/portal\/wp-json\/wp\/v2\/posts\/46586","targetHints":{"allow":["GET"]}}],"collection":[{"href":"https:\/\/eltrabajo.cl\/portal\/wp-json\/wp\/v2\/posts"}],"about":[{"href":"https:\/\/eltrabajo.cl\/portal\/wp-json\/wp\/v2\/types\/post"}],"author":[{"embeddable":true,"href":"https:\/\/eltrabajo.cl\/portal\/wp-json\/wp\/v2\/users\/482"}],"replies":[{"embeddable":true,"href":"https:\/\/eltrabajo.cl\/portal\/wp-json\/wp\/v2\/comments?post=46586"}],"version-history":[{"count":0,"href":"https:\/\/eltrabajo.cl\/portal\/wp-json\/wp\/v2\/posts\/46586\/revisions"}],"wp:featuredmedia":[{"embeddable":true,"href":"https:\/\/eltrabajo.cl\/portal\/wp-json\/wp\/v2\/media\/46587"}],"wp:attachment":[{"href":"https:\/\/eltrabajo.cl\/portal\/wp-json\/wp\/v2\/media?parent=46586"}],"wp:term":[{"taxonomy":"category","embeddable":true,"href":"https:\/\/eltrabajo.cl\/portal\/wp-json\/wp\/v2\/categories?post=46586"},{"taxonomy":"post_tag","embeddable":true,"href":"https:\/\/eltrabajo.cl\/portal\/wp-json\/wp\/v2\/tags?post=46586"}],"curies":[{"name":"wp","href":"https:\/\/api.w.org\/{rel}","templated":true}]}}