{"id":46591,"date":"2014-05-19T09:22:17","date_gmt":"2014-05-19T13:22:17","guid":{"rendered":"http:\/\/www.eltrabajo.cl\/portal\/?p=46591"},"modified":"2014-05-19T09:22:17","modified_gmt":"2014-05-19T13:22:17","slug":"damnificada-por-incendio-recibio-su-vivienda-nueva","status":"publish","type":"post","link":"https:\/\/eltrabajo.cl\/portal\/damnificada-por-incendio-recibio-su-vivienda-nueva\/","title":{"rendered":"Damnificada por incendio recibi\u00f3 su vivienda nueva"},"content":{"rendered":"<figure id=\"attachment_46592\" aria-describedby=\"caption-attachment-46592\" style=\"width: 528px\" class=\"wp-caption alignnone\"><a href=\"https:\/\/i0.wp.com\/www.eltrabajo.cl\/portal\/wp-content\/uploads\/2014\/05\/Entrega1.jpg\"><img data-recalc-dims=\"1\" loading=\"lazy\" decoding=\"async\" class=\"size-full wp-image-46592\" alt=\"Un gran equipo de funcionarios municipales trabaj\u00f3 activamente en la reconstrucci\u00f3n de la casa habitaci\u00f3n.\" src=\"https:\/\/i0.wp.com\/www.eltrabajo.cl\/portal\/wp-content\/uploads\/2014\/05\/Entrega1.jpg?resize=528%2C357\" width=\"528\" height=\"357\" srcset=\"https:\/\/i0.wp.com\/eltrabajo.cl\/portal\/wp-content\/uploads\/2014\/05\/Entrega1.jpg?w=528&amp;ssl=1 528w, https:\/\/i0.wp.com\/eltrabajo.cl\/portal\/wp-content\/uploads\/2014\/05\/Entrega1.jpg?resize=200%2C135&amp;ssl=1 200w, https:\/\/i0.wp.com\/eltrabajo.cl\/portal\/wp-content\/uploads\/2014\/05\/Entrega1.jpg?resize=300%2C202&amp;ssl=1 300w, https:\/\/i0.wp.com\/eltrabajo.cl\/portal\/wp-content\/uploads\/2014\/05\/Entrega1.jpg?resize=150%2C101&amp;ssl=1 150w, https:\/\/i0.wp.com\/eltrabajo.cl\/portal\/wp-content\/uploads\/2014\/05\/Entrega1.jpg?resize=400%2C270&amp;ssl=1 400w\" sizes=\"auto, (max-width: 528px) 100vw, 528px\" \/><\/a><figcaption id=\"caption-attachment-46592\" class=\"wp-caption-text\">Un gran equipo de funcionarios municipales trabaj\u00f3 activamente en la reconstrucci\u00f3n de la casa habitaci\u00f3n.<\/figcaption><\/figure>\n<p><strong>SANTA MAR\u00cdA<\/strong>.- Hace aproximadamente un mes y medio, la Sra. Mar\u00eda Mancilla Paredes, hab\u00eda perdido todo en un siniestro que consumi\u00f3 su casa ubicada en Villa Padre P\u00edo en la Comuna de Santa Mar\u00eda. En esa oportunidad tan s\u00f3lo quedaron pr\u00e1cticamente en pie los muros exteriores de concreto y una familia sumida en la desesperanza y el desconsuelo. Antes esto, la Municipalidad de Santa Mar\u00eda, en lo que es una actividad recurrente frente a estos desafortunados casos, fue en apoyo de esta familia y con su equipo de funcionarios trabaj\u00f3 activamente en la reconstrucci\u00f3n de este casa habitaci\u00f3n.<\/p>\n<figure id=\"attachment_46593\" aria-describedby=\"caption-attachment-46593\" style=\"width: 222px\" class=\"wp-caption alignright\"><a href=\"https:\/\/i0.wp.com\/www.eltrabajo.cl\/portal\/wp-content\/uploads\/2014\/05\/Maria-Mancilla.jpg\"><img data-recalc-dims=\"1\" loading=\"lazy\" decoding=\"async\" class=\" wp-image-46593  \" alt=\"Mar\u00eda Mancilla Paredes hab\u00eda perdido todo en un siniestro que consumi\u00f3 su casa ubicada en Villa Padre P\u00edo en la Comuna de Santa Mar\u00eda.\" src=\"https:\/\/i0.wp.com\/www.eltrabajo.cl\/portal\/wp-content\/uploads\/2014\/05\/Maria-Mancilla.jpg?resize=222%2C216\" width=\"222\" height=\"216\" srcset=\"https:\/\/i0.wp.com\/eltrabajo.cl\/portal\/wp-content\/uploads\/2014\/05\/Maria-Mancilla.jpg?w=529&amp;ssl=1 529w, https:\/\/i0.wp.com\/eltrabajo.cl\/portal\/wp-content\/uploads\/2014\/05\/Maria-Mancilla.jpg?resize=154%2C150&amp;ssl=1 154w, https:\/\/i0.wp.com\/eltrabajo.cl\/portal\/wp-content\/uploads\/2014\/05\/Maria-Mancilla.jpg?resize=300%2C291&amp;ssl=1 300w, https:\/\/i0.wp.com\/eltrabajo.cl\/portal\/wp-content\/uploads\/2014\/05\/Maria-Mancilla.jpg?resize=150%2C145&amp;ssl=1 150w, https:\/\/i0.wp.com\/eltrabajo.cl\/portal\/wp-content\/uploads\/2014\/05\/Maria-Mancilla.jpg?resize=400%2C388&amp;ssl=1 400w\" sizes=\"auto, (max-width: 222px) 100vw, 222px\" \/><\/a><figcaption id=\"caption-attachment-46593\" class=\"wp-caption-text\">Mar\u00eda Mancilla Paredes hab\u00eda perdido todo en un siniestro que consumi\u00f3 su casa ubicada en Villa Padre P\u00edo en la Comuna de Santa Mar\u00eda.<\/figcaption><\/figure>\n<p>Mar\u00eda Mancilla se mostr\u00f3 muy feliz con esta importante ayuda, \u00abpara mi rodo ha sido muy bueno, nunca terminar\u00e9 de darle las gracias al alcalde y a todos los funcionarios de la municipalidad que trabajaron en la reconstrucci\u00f3n de mi hogar. Tambi\u00e9n quiero darle las gracias al Gobernador Eduardo Le\u00f3n por su importante aporte y a los vecinos del sector, a la radio y a todos quienes me ayudaron\u00bb.<\/p>\n<p>El Alcalde Claudio Zurita se mostr\u00f3 feliz y satisfecho, \u00abla verdad es que esto me deja muy contento, son varias las familias que han enfrentado momentos dif\u00edciles y que hemos apoyado con nuestro equipo municipal, destaco el apoyo del Concejo Municipal y principalmente la labor desempe\u00f1ada por el departamento Operaci\u00f3n y Mantenci\u00f3n. Pr\u00e1cticamente le entregamos una nueva casa a esta vecina\u00bb.<\/p>\n<p>&nbsp;<\/p>\n","protected":false},"excerpt":{"rendered":"<p>SANTA MAR\u00cdA.- Hace aproximadamente un mes y medio, la Sra. Mar\u00eda Mancilla Paredes, hab\u00eda perdido todo en un siniestro que consumi\u00f3 su casa ubicada en Villa Padre P\u00edo en la Comuna de&#8230;<\/p>\n","protected":false},"author":482,"featured_media":46592,"comment_status":"open","ping_status":"closed","sticky":false,"template":"","format":"standard","meta":{"advanced_seo_description":"","jetpack_seo_html_title":"","jetpack_seo_noindex":false,"_jetpack_memberships_contains_paid_content":false,"footnotes":""},"categories":[15],"tags":[],"class_list":["post-46591","post","type-post","status-publish","format-standard","has-post-thumbnail","hentry","category-comunidad"],"jetpack_featured_media_url":"https:\/\/i0.wp.com\/eltrabajo.cl\/portal\/wp-content\/uploads\/2014\/05\/Entrega1.jpg?fit=528%2C357&ssl=1","jetpack_sharing_enabled":true,"jetpack_likes_enabled":true,"jetpack-related-posts":[],"_links":{"self":[{"href":"https:\/\/eltrabajo.cl\/portal\/wp-json\/wp\/v2\/posts\/46591","targetHints":{"allow":["GET"]}}],"collection":[{"href":"https:\/\/eltrabajo.cl\/portal\/wp-json\/wp\/v2\/posts"}],"about":[{"href":"https:\/\/eltrabajo.cl\/portal\/wp-json\/wp\/v2\/types\/post"}],"author":[{"embeddable":true,"href":"https:\/\/eltrabajo.cl\/portal\/wp-json\/wp\/v2\/users\/482"}],"replies":[{"embeddable":true,"href":"https:\/\/eltrabajo.cl\/portal\/wp-json\/wp\/v2\/comments?post=46591"}],"version-history":[{"count":0,"href":"https:\/\/eltrabajo.cl\/portal\/wp-json\/wp\/v2\/posts\/46591\/revisions"}],"wp:featuredmedia":[{"embeddable":true,"href":"https:\/\/eltrabajo.cl\/portal\/wp-json\/wp\/v2\/media\/46592"}],"wp:attachment":[{"href":"https:\/\/eltrabajo.cl\/portal\/wp-json\/wp\/v2\/media?parent=46591"}],"wp:term":[{"taxonomy":"category","embeddable":true,"href":"https:\/\/eltrabajo.cl\/portal\/wp-json\/wp\/v2\/categories?post=46591"},{"taxonomy":"post_tag","embeddable":true,"href":"https:\/\/eltrabajo.cl\/portal\/wp-json\/wp\/v2\/tags?post=46591"}],"curies":[{"name":"wp","href":"https:\/\/api.w.org\/{rel}","templated":true}]}}