{"id":46597,"date":"2014-05-19T09:26:37","date_gmt":"2014-05-19T13:26:37","guid":{"rendered":"http:\/\/www.eltrabajo.cl\/portal\/?p=46597"},"modified":"2014-05-19T09:26:37","modified_gmt":"2014-05-19T13:26:37","slug":"beneficiadas-103-familias-del-comite-valle-esperanza-con-subsidio-habitacional","status":"publish","type":"post","link":"https:\/\/eltrabajo.cl\/portal\/beneficiadas-103-familias-del-comite-valle-esperanza-con-subsidio-habitacional\/","title":{"rendered":"Beneficiadas 103 familias del Comit\u00e9 Valle Esperanza con subsidio habitacional"},"content":{"rendered":"<figure id=\"attachment_46598\" aria-describedby=\"caption-attachment-46598\" style=\"width: 529px\" class=\"wp-caption alignnone\"><a href=\"https:\/\/i0.wp.com\/www.eltrabajo.cl\/portal\/wp-content\/uploads\/2014\/05\/Casas1-porta.jpg\"><img data-recalc-dims=\"1\" loading=\"lazy\" decoding=\"async\" class=\"size-full wp-image-46598\" alt=\"AL FIN.- De los 261 subsidios entregados en la Quinta Regi\u00f3n, 103 corresponden a Calle Larga.\" src=\"https:\/\/i0.wp.com\/www.eltrabajo.cl\/portal\/wp-content\/uploads\/2014\/05\/Casas1-porta.jpg?resize=529%2C358\" width=\"529\" height=\"358\" srcset=\"https:\/\/i0.wp.com\/eltrabajo.cl\/portal\/wp-content\/uploads\/2014\/05\/Casas1-porta.jpg?w=529&amp;ssl=1 529w, https:\/\/i0.wp.com\/eltrabajo.cl\/portal\/wp-content\/uploads\/2014\/05\/Casas1-porta.jpg?resize=200%2C135&amp;ssl=1 200w, https:\/\/i0.wp.com\/eltrabajo.cl\/portal\/wp-content\/uploads\/2014\/05\/Casas1-porta.jpg?resize=300%2C203&amp;ssl=1 300w, https:\/\/i0.wp.com\/eltrabajo.cl\/portal\/wp-content\/uploads\/2014\/05\/Casas1-porta.jpg?resize=150%2C101&amp;ssl=1 150w, https:\/\/i0.wp.com\/eltrabajo.cl\/portal\/wp-content\/uploads\/2014\/05\/Casas1-porta.jpg?resize=400%2C270&amp;ssl=1 400w\" sizes=\"auto, (max-width: 529px) 100vw, 529px\" \/><\/a><figcaption id=\"caption-attachment-46598\" class=\"wp-caption-text\">AL FIN.- De los 261 subsidios entregados en la Quinta Regi\u00f3n, 103 corresponden a Calle Larga.<\/figcaption><\/figure>\n<p>Gran alegr\u00eda y emoci\u00f3n, vivieron la tarde del mi\u00e9rcoles las 103 familias, socias del Comit\u00e9 de Vivienda Valle Esperanza, al enterarse que hab\u00edan sido beneficiados con el subsidio habitacional al que se encontraban postulando desde hace cuatro a\u00f1os. De los 261 subsidios entregados en la Quinta Regi\u00f3n, 103 corresponden a Calle Larga, \u00fanica comuna del Valle de Aconcagua beneficiada en la n\u00f3mina complementaria al llamado de diciembre de 2013. Adem\u00e1s de Calle Larga, los comit\u00e9s de La Cruz y Nogales obtuvieron tambi\u00e9n el subsidio.<\/p>\n<figure id=\"attachment_46599\" aria-describedby=\"caption-attachment-46599\" style=\"width: 423px\" class=\"wp-caption alignright\"><a href=\"https:\/\/i0.wp.com\/www.eltrabajo.cl\/portal\/wp-content\/uploads\/2014\/05\/Felices11.jpg\"><img data-recalc-dims=\"1\" loading=\"lazy\" decoding=\"async\" class=\" wp-image-46599 \" alt=\"FELICES.- M\u00e1s de 100 familias del Comit\u00e9 Valle Esperanza podr\u00e1n contar en un tiempo m\u00e1s con sus casas propias tras ser seleccionadas en la n\u00f3mina complementaria del llamado de diciembre de 2013.\" src=\"https:\/\/i0.wp.com\/www.eltrabajo.cl\/portal\/wp-content\/uploads\/2014\/05\/Felices11.jpg?resize=423%2C286\" width=\"423\" height=\"286\" srcset=\"https:\/\/i0.wp.com\/eltrabajo.cl\/portal\/wp-content\/uploads\/2014\/05\/Felices11.jpg?w=529&amp;ssl=1 529w, https:\/\/i0.wp.com\/eltrabajo.cl\/portal\/wp-content\/uploads\/2014\/05\/Felices11.jpg?resize=200%2C135&amp;ssl=1 200w, https:\/\/i0.wp.com\/eltrabajo.cl\/portal\/wp-content\/uploads\/2014\/05\/Felices11.jpg?resize=300%2C203&amp;ssl=1 300w, https:\/\/i0.wp.com\/eltrabajo.cl\/portal\/wp-content\/uploads\/2014\/05\/Felices11.jpg?resize=150%2C101&amp;ssl=1 150w, https:\/\/i0.wp.com\/eltrabajo.cl\/portal\/wp-content\/uploads\/2014\/05\/Felices11.jpg?resize=400%2C270&amp;ssl=1 400w\" sizes=\"auto, (max-width: 423px) 100vw, 423px\" \/><\/a><figcaption id=\"caption-attachment-46599\" class=\"wp-caption-text\">FELICES.- M\u00e1s de 100 familias del Comit\u00e9 Valle Esperanza podr\u00e1n contar en un tiempo m\u00e1s con sus casas propias tras ser seleccionadas en la n\u00f3mina complementaria del llamado de diciembre de 2013.<\/figcaption><\/figure>\n<p>\u201cDurante los \u00faltimos cuatro a\u00f1os hemos postulado a m\u00e1s de 500 familias y s\u00f3lo han sido beneficiadas cerca de 30. Hoy d\u00eda es la primera vez que la comuna se adjudica un subsidio masivo, donde son m\u00e1s de 100 personas las beneficiadas. Esperamos que los socios de los comit\u00e9s que a\u00fan no han sido beneficiados con el subsidio, lo sean pr\u00f3ximamente\u201d, sostuvo el Alcalde Nelson Venegas Salazar, quien adem\u00e1s agradeci\u00f3 al Encargado de la Oficina de la Vivienda, Cristian Mu\u00f1oz y a los funcionarios municipales que trabajaron en la postulaci\u00f3n de este comit\u00e9.<\/p>\n<p>Cristina Far\u00edas Acosta, socia del Comit\u00e9 Valle Esperanza, manifest\u00f3 estar feliz con este beneficio. \u201cDesde hace muchos a\u00f1os yo vivo con mis hijas que ya son adultas, porque no tengo casa. Por eso ahora estoy muy feliz y ahora voy a tener mi casita, con mis espacios propios donde tendr\u00e9 las cosas como yo quiero\u201d.<\/p>\n<p>Opini\u00f3n similar tuvo Jos\u00e9 Ahumada L\u00f3pez, \u201cestoy sorprendido con esta noticia. Nosotros esperamos m\u00e1s o menos cuatro a\u00f1os y la verdad que esto es una gran noticia para mi familia, mi hija y mi esposa. Yo llevo arrendando harto tiempo y lo bueno es que esa platita que gast\u00e1bamos en el arriendo nos permitir\u00e1 arreglar nuestra casa\u201d.<\/p>\n<p>&nbsp;<\/p>\n","protected":false},"excerpt":{"rendered":"<p>Gran alegr\u00eda y emoci\u00f3n, vivieron la tarde del mi\u00e9rcoles las 103 familias, socias del Comit\u00e9 de Vivienda Valle Esperanza, al enterarse que hab\u00edan sido beneficiados con el subsidio habitacional al que se&#8230;<\/p>\n","protected":false},"author":482,"featured_media":46598,"comment_status":"open","ping_status":"closed","sticky":false,"template":"","format":"standard","meta":{"advanced_seo_description":"","jetpack_seo_html_title":"","jetpack_seo_noindex":false,"_jetpack_memberships_contains_paid_content":false,"footnotes":""},"categories":[15],"tags":[],"class_list":["post-46597","post","type-post","status-publish","format-standard","has-post-thumbnail","hentry","category-comunidad"],"jetpack_featured_media_url":"https:\/\/i0.wp.com\/eltrabajo.cl\/portal\/wp-content\/uploads\/2014\/05\/Casas1-porta.jpg?fit=529%2C358&ssl=1","jetpack_sharing_enabled":true,"jetpack_likes_enabled":true,"jetpack-related-posts":[],"_links":{"self":[{"href":"https:\/\/eltrabajo.cl\/portal\/wp-json\/wp\/v2\/posts\/46597","targetHints":{"allow":["GET"]}}],"collection":[{"href":"https:\/\/eltrabajo.cl\/portal\/wp-json\/wp\/v2\/posts"}],"about":[{"href":"https:\/\/eltrabajo.cl\/portal\/wp-json\/wp\/v2\/types\/post"}],"author":[{"embeddable":true,"href":"https:\/\/eltrabajo.cl\/portal\/wp-json\/wp\/v2\/users\/482"}],"replies":[{"embeddable":true,"href":"https:\/\/eltrabajo.cl\/portal\/wp-json\/wp\/v2\/comments?post=46597"}],"version-history":[{"count":0,"href":"https:\/\/eltrabajo.cl\/portal\/wp-json\/wp\/v2\/posts\/46597\/revisions"}],"wp:featuredmedia":[{"embeddable":true,"href":"https:\/\/eltrabajo.cl\/portal\/wp-json\/wp\/v2\/media\/46598"}],"wp:attachment":[{"href":"https:\/\/eltrabajo.cl\/portal\/wp-json\/wp\/v2\/media?parent=46597"}],"wp:term":[{"taxonomy":"category","embeddable":true,"href":"https:\/\/eltrabajo.cl\/portal\/wp-json\/wp\/v2\/categories?post=46597"},{"taxonomy":"post_tag","embeddable":true,"href":"https:\/\/eltrabajo.cl\/portal\/wp-json\/wp\/v2\/tags?post=46597"}],"curies":[{"name":"wp","href":"https:\/\/api.w.org\/{rel}","templated":true}]}}