{"id":46602,"date":"2014-05-19T09:28:16","date_gmt":"2014-05-19T13:28:16","guid":{"rendered":"http:\/\/www.eltrabajo.cl\/portal\/?p=46602"},"modified":"2014-05-19T09:28:16","modified_gmt":"2014-05-19T13:28:16","slug":"demandan-para-expulsar-a-parroquia-de-la-ermita-de-los-banos-del-parron","status":"publish","type":"post","link":"https:\/\/eltrabajo.cl\/portal\/demandan-para-expulsar-a-parroquia-de-la-ermita-de-los-banos-del-parron\/","title":{"rendered":"Demandan para expulsar a parroquia de La Ermita de los ba\u00f1os del parr\u00f3n"},"content":{"rendered":"<figure id=\"attachment_46603\" aria-describedby=\"caption-attachment-46603\" style=\"width: 529px\" class=\"wp-caption alignnone\"><a href=\"https:\/\/i0.wp.com\/www.eltrabajo.cl\/portal\/wp-content\/uploads\/2014\/05\/Ermita1.jpg\"><img data-recalc-dims=\"1\" loading=\"lazy\" decoding=\"async\" class=\"size-full wp-image-46603\" alt=\"Lo que era un rumor a mediados de la semana pasada, fue confirmado por el Cura Ricardo G\u00f3mez Herrera, p\u00e1rroco de la Iglesia Nuestra Se\u00f1ora del Carmen de Rinconada de Silva.\" src=\"https:\/\/i0.wp.com\/www.eltrabajo.cl\/portal\/wp-content\/uploads\/2014\/05\/Ermita1.jpg?resize=529%2C289\" width=\"529\" height=\"289\" srcset=\"https:\/\/i0.wp.com\/eltrabajo.cl\/portal\/wp-content\/uploads\/2014\/05\/Ermita1.jpg?w=529&amp;ssl=1 529w, https:\/\/i0.wp.com\/eltrabajo.cl\/portal\/wp-content\/uploads\/2014\/05\/Ermita1.jpg?resize=200%2C109&amp;ssl=1 200w, https:\/\/i0.wp.com\/eltrabajo.cl\/portal\/wp-content\/uploads\/2014\/05\/Ermita1.jpg?resize=300%2C163&amp;ssl=1 300w, https:\/\/i0.wp.com\/eltrabajo.cl\/portal\/wp-content\/uploads\/2014\/05\/Ermita1.jpg?resize=150%2C81&amp;ssl=1 150w, https:\/\/i0.wp.com\/eltrabajo.cl\/portal\/wp-content\/uploads\/2014\/05\/Ermita1.jpg?resize=400%2C218&amp;ssl=1 400w\" sizes=\"auto, (max-width: 529px) 100vw, 529px\" \/><\/a><figcaption id=\"caption-attachment-46603\" class=\"wp-caption-text\">Lo que era un rumor a mediados de la semana pasada, fue confirmado por el Cura Ricardo G\u00f3mez Herrera, p\u00e1rroco de la Iglesia Nuestra Se\u00f1ora del Carmen de Rinconada de Silva.<\/figcaption><\/figure>\n<p><strong>PUTAENDO<\/strong>.- La Directiva de la Serran\u00eda de Rinconada de Silva, a trav\u00e9s del Abogado Guido Witto, present\u00f3 una demanda de precario en contra de la Parroquia Nuestra Se\u00f1ora del Carmen de ese mismo sector para pedir la expulsi\u00f3n de esa parroquia desde la Ermita de Los Ba\u00f1os del Parr\u00f3n.<\/p>\n<p>Lo que era un rumor a mediados de la semana pasada, fue confirmado por el Cura Ricardo G\u00f3mez Herrera, p\u00e1rroco de la Iglesia Nuestra Se\u00f1ora del Carmen de Rinconada de Silva, quien asegur\u00f3 que efectivamente fueron notificados que la serran\u00eda interpuso la demanda en el Tribunal Mixto de Putaendo durante la primera semana de este mes, justo cuando ellos deb\u00edan responder algunos antecedentes al tribunal a prop\u00f3sito de la demanda civil por prescripci\u00f3n adquisitiva que fue presentada el 3 de marzo de este a\u00f1o en el Tribunal de Putaendo para que la justicia acreditara el dominio de la parroquia sobre La Ermita y el Cristo de Madera de Rinconada de Silva.<\/p>\n<p>El Sacerdote Ricardo G\u00f3mez indic\u00f3 que el martes de la semana pasada debi\u00f3 concurrir al tribunal junto a su abogado y el abogado de la Serran\u00eda, y que en la instancia el secretario del tribunal llam\u00f3 a las partes a llegar a un acuerdo, lo que no fue posible pues, seg\u00fan testimonio del Cura Ricardo, el abogado de la serran\u00eda no accedi\u00f3 a alg\u00fan acuerdo, y le habr\u00eda manifestado a la salida del tribunal que no habr\u00eda di\u00e1logo.<\/p>\n<p>\u00abEstamos sorprendidos por esta situaci\u00f3n, nosotros esper\u00e1bamos que la Serran\u00eda y su directiva entendieran nuestra petici\u00f3n y luego que esa instancia se agotara acudimos a la justicia para que ella nos diera la raz\u00f3n, pues creemos que podemos acreditar la permanencia y propiedad de la Ermita y el Cristo de Madera por los m\u00e1s de 110 a\u00f1os que se han ocupado, y estamos claros que debemos someternos a lo que la justicia determine, en un proceso que se est\u00e1 llevando adelante con respeto y con estricto apego a la ley, e incluso yo como sacerdote decid\u00ed no hablar m\u00e1s p\u00fablicamente del tema mientras dure el juicio, pero hoy hemos recibido esta triste noticia, pues la Serran\u00eda a trav\u00e9s de su directiva est\u00e1 solicitando que nos expulsen de los terrenos de La Ermita de los Ba\u00f1os del Parr\u00f3n y por ende, expulsa a la Virgen del Carmen de ese lugar, desconociendo 110 a\u00f1os de historia y decretando la muerte de ese santuario religioso, que no tan s\u00f3lo es de los rinconadinos, sino del Valle del Aconcagua e incluso del pa\u00eds\u00bb, dijo Ricardo G\u00f3mez.<\/p>\n<p>El sacerdote dijo que no entiende la postura de La Serran\u00eda y que hoy han iniciado una intensa campa\u00f1a de oraci\u00f3n y est\u00e1n esperanzados en que los tribunales rechacen esta demanda y ha decidido hacer p\u00fablica esta situaci\u00f3n para que la comunidad sepa los duros momentos que est\u00e1 viviendo la Parroquia de Rinconada de Silva, que incluso puede ser lanzada con el uso de la fuerza p\u00fablica junto a todos sus enseres desde la Ermita de los Ba\u00f1os del Parr\u00f3n.<\/p>\n<p>En parte de la demanda que la Directiva de la Serran\u00eda de Rinconada de Silva present\u00f3 al tribunal, el documento se\u00f1ala textualmente: \u00aba us\u00eda pido que sirva tener por presentada demanda de precario en contra de Parroquia Nuestra Se\u00f1ora del Carmen de Rinconada de Silva, representada por Ricardo Patricio G\u00f3mez Herrera, ambos ya individualizados y en definitiva, condenarla a la devoluci\u00f3n del inmueble singularizado en el cuerpo de esta presentaci\u00f3n, dentro del tercero d\u00eda de ejecutoriada la sentencia o en el plazo que Us\u00eda se sirva fijar bajo apercibimiento de lanzarla con la fuerza p\u00fablica junto a todos sus ocupantes, todo con expresa condenaci\u00f3n en sus costas\u00bb.<\/p>\n<p><strong>EL COMPROMISO<\/strong><\/p>\n<p>A la luz de estos antecedentes, vale la pena recordar que el 1 de diciembre del a\u00f1o 2013, la entonces Presidenta de la Serran\u00eda de Rinconada de Silva, Marta Silva Olgu\u00edn, en entrevista concedida a nuestro medio, asegur\u00f3 que siempre han reconocido la historia patrimonial y religiosa de La Ermita y que eso era justamente lo que le otorgaba valor a ese lugar y junto con ello en aquella ocasi\u00f3n expres\u00f3 que \u00absi lo pide la parroquia podemos sentarnos a conversar, pues siempre hemos tenido la intenci\u00f3n de dialogar\u00bb, adem\u00e1s de dejar en claro que la comunidad religiosa pod\u00eda estar tranquila pues nunca ha existido la intenci\u00f3n de sacar de ese lugar la parte religiosa.<\/p>\n<p>Una vez que se realiz\u00f3 el cambio de la directiva donde hoy Marta Silva no es presidenta pero s\u00ed ocupa un cargo dentro de la directiva presidida ahora por la se\u00f1ora Eva Araya, en febrero de este a\u00f1o logramos contactar a la actual presidenta en forma telef\u00f3nica, quien se excus\u00f3 de dar una entrevista por mandato de la asamblea, pero reiter\u00f3 que nunca ha existido la intenci\u00f3n de quitar a la parroquia los terrenos donde est\u00e1 emplazada La Ermita, lo que hoy claramente no est\u00e1 ocurriendo a la luz de los nuevos antecedentes.<\/p>\n<p>Patricio Gallardo M.<\/p>\n","protected":false},"excerpt":{"rendered":"<p>PUTAENDO.- La Directiva de la Serran\u00eda de Rinconada de Silva, a trav\u00e9s del Abogado Guido Witto, present\u00f3 una demanda de precario en contra de la Parroquia Nuestra Se\u00f1ora del Carmen de ese&#8230;<\/p>\n","protected":false},"author":482,"featured_media":46603,"comment_status":"open","ping_status":"closed","sticky":false,"template":"","format":"standard","meta":{"advanced_seo_description":"","jetpack_seo_html_title":"","jetpack_seo_noindex":false,"_jetpack_memberships_contains_paid_content":false,"footnotes":""},"categories":[1],"tags":[],"class_list":["post-46602","post","type-post","status-publish","format-standard","has-post-thumbnail","hentry","category-cronica"],"jetpack_featured_media_url":"https:\/\/i0.wp.com\/eltrabajo.cl\/portal\/wp-content\/uploads\/2014\/05\/Ermita1.jpg?fit=529%2C289&ssl=1","jetpack_sharing_enabled":true,"jetpack_likes_enabled":true,"jetpack-related-posts":[],"_links":{"self":[{"href":"https:\/\/eltrabajo.cl\/portal\/wp-json\/wp\/v2\/posts\/46602","targetHints":{"allow":["GET"]}}],"collection":[{"href":"https:\/\/eltrabajo.cl\/portal\/wp-json\/wp\/v2\/posts"}],"about":[{"href":"https:\/\/eltrabajo.cl\/portal\/wp-json\/wp\/v2\/types\/post"}],"author":[{"embeddable":true,"href":"https:\/\/eltrabajo.cl\/portal\/wp-json\/wp\/v2\/users\/482"}],"replies":[{"embeddable":true,"href":"https:\/\/eltrabajo.cl\/portal\/wp-json\/wp\/v2\/comments?post=46602"}],"version-history":[{"count":0,"href":"https:\/\/eltrabajo.cl\/portal\/wp-json\/wp\/v2\/posts\/46602\/revisions"}],"wp:featuredmedia":[{"embeddable":true,"href":"https:\/\/eltrabajo.cl\/portal\/wp-json\/wp\/v2\/media\/46603"}],"wp:attachment":[{"href":"https:\/\/eltrabajo.cl\/portal\/wp-json\/wp\/v2\/media?parent=46602"}],"wp:term":[{"taxonomy":"category","embeddable":true,"href":"https:\/\/eltrabajo.cl\/portal\/wp-json\/wp\/v2\/categories?post=46602"},{"taxonomy":"post_tag","embeddable":true,"href":"https:\/\/eltrabajo.cl\/portal\/wp-json\/wp\/v2\/tags?post=46602"}],"curies":[{"name":"wp","href":"https:\/\/api.w.org\/{rel}","templated":true}]}}