{"id":46613,"date":"2014-05-19T09:34:52","date_gmt":"2014-05-19T13:34:52","guid":{"rendered":"http:\/\/www.eltrabajo.cl\/portal\/?p=46613"},"modified":"2014-05-19T09:45:04","modified_gmt":"2014-05-19T13:45:04","slug":"el-proximo-martes-se-realizara-la-segunda-feria-prodesal","status":"publish","type":"post","link":"https:\/\/eltrabajo.cl\/portal\/el-proximo-martes-se-realizara-la-segunda-feria-prodesal\/","title":{"rendered":"El pr\u00f3ximo martes se realizar\u00e1 la segunda Feria Prodesal"},"content":{"rendered":"<figure id=\"attachment_46614\" aria-describedby=\"caption-attachment-46614\" style=\"width: 528px\" class=\"wp-caption alignnone\"><a href=\"https:\/\/i0.wp.com\/www.eltrabajo.cl\/portal\/wp-content\/uploads\/2014\/05\/Prodesal1.jpg\"><img data-recalc-dims=\"1\" loading=\"lazy\" decoding=\"async\" class=\"size-full wp-image-46614\" alt=\"Posterior a la inauguraci\u00f3n de la feria en la plaza de Putaendo se llevar\u00e1 a cabo el tradicional desfile c\u00edvico a las 11:00 horas con las fuerzas vivas de la comuna.\" src=\"https:\/\/i0.wp.com\/www.eltrabajo.cl\/portal\/wp-content\/uploads\/2014\/05\/Prodesal1.jpg?resize=528%2C289\" width=\"528\" height=\"289\" srcset=\"https:\/\/i0.wp.com\/eltrabajo.cl\/portal\/wp-content\/uploads\/2014\/05\/Prodesal1.jpg?w=528&amp;ssl=1 528w, https:\/\/i0.wp.com\/eltrabajo.cl\/portal\/wp-content\/uploads\/2014\/05\/Prodesal1.jpg?resize=200%2C109&amp;ssl=1 200w, https:\/\/i0.wp.com\/eltrabajo.cl\/portal\/wp-content\/uploads\/2014\/05\/Prodesal1.jpg?resize=300%2C164&amp;ssl=1 300w, https:\/\/i0.wp.com\/eltrabajo.cl\/portal\/wp-content\/uploads\/2014\/05\/Prodesal1.jpg?resize=150%2C82&amp;ssl=1 150w, https:\/\/i0.wp.com\/eltrabajo.cl\/portal\/wp-content\/uploads\/2014\/05\/Prodesal1.jpg?resize=400%2C218&amp;ssl=1 400w\" sizes=\"auto, (max-width: 528px) 100vw, 528px\" \/><\/a><figcaption id=\"caption-attachment-46614\" class=\"wp-caption-text\">Posterior a la inauguraci\u00f3n de la feria en la plaza de Putaendo se llevar\u00e1 a cabo el tradicional desfile c\u00edvico a las 11:00 horas con las fuerzas vivas de la comuna.<\/figcaption><\/figure>\n<p><strong>PUTAENDO.<\/strong>&#8211; Los Prodesal 1 y 2 de Putaendo, preparan para el pr\u00f3ximo martes la segunda feria que se desarrollar\u00e1 en la plaza de Putaendo. Claudia Pizarro, Jefa T\u00e9cnica de Prodesal 1 se\u00f1al\u00f3 que por segundo a\u00f1o consecutivo se realizar\u00e1 esta feria que tiene por finalidad que los productores afiliados al Prodesal 1 y Prodesal 2 de Putaendo puedan mostrar y exponer sus productos en la plaza de la comuna a partir de las 10:00 horas del pr\u00f3ximo martes 20.<\/p>\n<figure id=\"attachment_46615\" aria-describedby=\"caption-attachment-46615\" style=\"width: 317px\" class=\"wp-caption alignright\"><a href=\"https:\/\/i0.wp.com\/www.eltrabajo.cl\/portal\/wp-content\/uploads\/2014\/05\/Claudia1.jpg\"><img data-recalc-dims=\"1\" loading=\"lazy\" decoding=\"async\" class=\" wp-image-46615 \" alt=\"Claudia Pizarro, Jefa T\u00e9cnica de Prodesal 1.\" src=\"https:\/\/i0.wp.com\/www.eltrabajo.cl\/portal\/wp-content\/uploads\/2014\/05\/Claudia1.jpg?resize=317%2C215\" width=\"317\" height=\"215\" srcset=\"https:\/\/i0.wp.com\/eltrabajo.cl\/portal\/wp-content\/uploads\/2014\/05\/Claudia1.jpg?w=529&amp;ssl=1 529w, https:\/\/i0.wp.com\/eltrabajo.cl\/portal\/wp-content\/uploads\/2014\/05\/Claudia1.jpg?resize=200%2C135&amp;ssl=1 200w, https:\/\/i0.wp.com\/eltrabajo.cl\/portal\/wp-content\/uploads\/2014\/05\/Claudia1.jpg?resize=300%2C203&amp;ssl=1 300w, https:\/\/i0.wp.com\/eltrabajo.cl\/portal\/wp-content\/uploads\/2014\/05\/Claudia1.jpg?resize=150%2C101&amp;ssl=1 150w, https:\/\/i0.wp.com\/eltrabajo.cl\/portal\/wp-content\/uploads\/2014\/05\/Claudia1.jpg?resize=400%2C270&amp;ssl=1 400w\" sizes=\"auto, (max-width: 317px) 100vw, 317px\" \/><\/a><figcaption id=\"caption-attachment-46615\" class=\"wp-caption-text\">Claudia Pizarro, Jefa T\u00e9cnica de Prodesal 1.<\/figcaption><\/figure>\n<p>En la instancia participar\u00e1n productores de frutos secos, quesos, hortalizas, flores, plantas, mermeladas y conservas entre otros, adem\u00e1s estar\u00e1n presentes los productores ganaderos con la muestra de algunos animales.<\/p>\n<p>La profesional del Prodesal 1 de Putaendo manifest\u00f3 que este tipo de ferias son muy importantes para apoyar e impulsar a estos peque\u00f1os productores y tambi\u00e9n permite el intercambio de conocimientos entre los usuarios del Prodesal y es una excelente oportunidad para que la comunidad conozca los variados productos que realizan esforzados agricultores y ganaderos de la comuna de Putaendo.<\/p>\n<p>Posterior a la inauguraci\u00f3n de la feria en la plaza de Putaendo se llevar\u00e1 a cabo el tradicional desfile c\u00edvico a las 11:00 horas con las fuerzas vivas de la comuna para conmemorar un nuevo aniversario del Combate Naval de Iquique.<\/p>\n<p>Patricio Gallardo M.<\/p>\n<p>&nbsp;<\/p>\n","protected":false},"excerpt":{"rendered":"<p>PUTAENDO.&#8211; Los Prodesal 1 y 2 de Putaendo, preparan para el pr\u00f3ximo martes la segunda feria que se desarrollar\u00e1 en la plaza de Putaendo. Claudia Pizarro, Jefa T\u00e9cnica de Prodesal 1 se\u00f1al\u00f3&#8230;<\/p>\n","protected":false},"author":482,"featured_media":46614,"comment_status":"open","ping_status":"closed","sticky":false,"template":"","format":"standard","meta":{"advanced_seo_description":"","jetpack_seo_html_title":"","jetpack_seo_noindex":false,"_jetpack_memberships_contains_paid_content":false,"footnotes":""},"categories":[1],"tags":[],"class_list":["post-46613","post","type-post","status-publish","format-standard","has-post-thumbnail","hentry","category-cronica"],"jetpack_featured_media_url":"https:\/\/i0.wp.com\/eltrabajo.cl\/portal\/wp-content\/uploads\/2014\/05\/Prodesal1.jpg?fit=528%2C289&ssl=1","jetpack_sharing_enabled":true,"jetpack_likes_enabled":true,"jetpack-related-posts":[],"_links":{"self":[{"href":"https:\/\/eltrabajo.cl\/portal\/wp-json\/wp\/v2\/posts\/46613","targetHints":{"allow":["GET"]}}],"collection":[{"href":"https:\/\/eltrabajo.cl\/portal\/wp-json\/wp\/v2\/posts"}],"about":[{"href":"https:\/\/eltrabajo.cl\/portal\/wp-json\/wp\/v2\/types\/post"}],"author":[{"embeddable":true,"href":"https:\/\/eltrabajo.cl\/portal\/wp-json\/wp\/v2\/users\/482"}],"replies":[{"embeddable":true,"href":"https:\/\/eltrabajo.cl\/portal\/wp-json\/wp\/v2\/comments?post=46613"}],"version-history":[{"count":0,"href":"https:\/\/eltrabajo.cl\/portal\/wp-json\/wp\/v2\/posts\/46613\/revisions"}],"wp:featuredmedia":[{"embeddable":true,"href":"https:\/\/eltrabajo.cl\/portal\/wp-json\/wp\/v2\/media\/46614"}],"wp:attachment":[{"href":"https:\/\/eltrabajo.cl\/portal\/wp-json\/wp\/v2\/media?parent=46613"}],"wp:term":[{"taxonomy":"category","embeddable":true,"href":"https:\/\/eltrabajo.cl\/portal\/wp-json\/wp\/v2\/categories?post=46613"},{"taxonomy":"post_tag","embeddable":true,"href":"https:\/\/eltrabajo.cl\/portal\/wp-json\/wp\/v2\/tags?post=46613"}],"curies":[{"name":"wp","href":"https:\/\/api.w.org\/{rel}","templated":true}]}}