{"id":46618,"date":"2014-05-19T09:39:56","date_gmt":"2014-05-19T13:39:56","guid":{"rendered":"http:\/\/www.eltrabajo.cl\/portal\/?p=46618"},"modified":"2014-05-19T09:39:56","modified_gmt":"2014-05-19T13:39:56","slug":"consejero-regional-rolando-stevenson-entre-gallos-y-medianoche-se-despacho-proyecto-andina-244-en-el-ano-2013","status":"publish","type":"post","link":"https:\/\/eltrabajo.cl\/portal\/consejero-regional-rolando-stevenson-entre-gallos-y-medianoche-se-despacho-proyecto-andina-244-en-el-ano-2013\/","title":{"rendered":"Consejero Regional Rolando Stevenson: \u00abEntre gallos y medianoche se despach\u00f3 Proyecto Andina 244 en el a\u00f1o 2013\u00bb"},"content":{"rendered":"<figure id=\"attachment_46619\" aria-describedby=\"caption-attachment-46619\" style=\"width: 317px\" class=\"wp-caption alignleft\"><a href=\"https:\/\/i0.wp.com\/www.eltrabajo.cl\/portal\/wp-content\/uploads\/2014\/05\/rolando-stevenson1.jpg\"><img data-recalc-dims=\"1\" loading=\"lazy\" decoding=\"async\" class=\" wp-image-46619 \" alt=\"Rolando Stevenson, Consejero Regional.\" src=\"https:\/\/i0.wp.com\/www.eltrabajo.cl\/portal\/wp-content\/uploads\/2014\/05\/rolando-stevenson1.jpg?resize=317%2C336\" width=\"317\" height=\"336\" srcset=\"https:\/\/i0.wp.com\/eltrabajo.cl\/portal\/wp-content\/uploads\/2014\/05\/rolando-stevenson1.jpg?w=529&amp;ssl=1 529w, https:\/\/i0.wp.com\/eltrabajo.cl\/portal\/wp-content\/uploads\/2014\/05\/rolando-stevenson1.jpg?resize=141%2C150&amp;ssl=1 141w, https:\/\/i0.wp.com\/eltrabajo.cl\/portal\/wp-content\/uploads\/2014\/05\/rolando-stevenson1.jpg?resize=283%2C300&amp;ssl=1 283w, https:\/\/i0.wp.com\/eltrabajo.cl\/portal\/wp-content\/uploads\/2014\/05\/rolando-stevenson1.jpg?resize=400%2C423&amp;ssl=1 400w\" sizes=\"auto, (max-width: 317px) 100vw, 317px\" \/><\/a><figcaption id=\"caption-attachment-46619\" class=\"wp-caption-text\">Rolando Stevenson, Consejero Regional.<\/figcaption><\/figure>\n<p>Intendente Celis aprovech\u00f3 vac\u00edos legales para dar su informe sin pasar por el Consejo Regional, organismo hoy elegido democr\u00e1ticamente que es un espacio amplio de representaci\u00f3n y opini\u00f3n ciudadana\u00bb, asegur\u00f3 el Core.<\/p>\n<p>Un sorprendente documento fue conocido por el Consejero Regional Rolando Stevenson, luego que en el marco de una sesi\u00f3n de la comisi\u00f3n de medioambiente del organismo regional, se informara que el anterior intendente despach\u00f3 sin observaciones las consultas ambientales del Proyecto Andina 244.<\/p>\n<p>En efecto, seg\u00fan lo dictado en el oficio ordinario N\u00ba 0381 fechado el 6 de febrero de 2013 que responde las consultas solicitadas para la evaluaci\u00f3n del Estudio de impacto ambiental de este proyecto, el Intendente Celis dice en el punto 2 de dicho documento que \u201cno hay observaciones\u201d.<\/p>\n<p>Consultado el Consejero Stevenson, manifest\u00f3 que como es usual en \u00e9l, pidi\u00f3 los antecedentes de esta decisi\u00f3n del intendente Celis, que considera perjudicial para todo el Valle de Aconcagua pues hace aparecer la opini\u00f3n del gobierno regional como obsecuente con este proyecto que acumula cientos de reclamos y reparos.<\/p>\n<p>Volviendo al documento citado, el intendente del anterior gobierno bas\u00f3 su decisi\u00f3n en que \u201cel Plan de Desarrollo de la Regi\u00f3n de Valpara\u00edso no es un instrumento que se encuentre actualmente vigente\u201d, agregando m\u00e1s adelante que \u201cla pol\u00edtica Ambiental Regi\u00f3n de Valpara\u00edso, no se trata de una pol\u00edtica regional v\u00e1lidamente aprobada por el Consejo Regional, y s\u00f3lo se trata de una idea de lineamientos estrat\u00e9gicos que apunten hacia la realizaci\u00f3n de un instrumento de este tipo de forma posterior, que en la actualidad a\u00fan no existe, por lo tanto s\u00f3lo tiene un car\u00e1cter referencial\u201d.<\/p>\n<p><strong>CONSECUENCIAS<\/strong><\/p>\n<p>Stevenson fue enf\u00e1tico en declarar que este oficio fue conocido por muy pocas personas, pr\u00e1cticamente por el emisor y el Director Ejecutivo del Servicio de Evaluaci\u00f3n Ambiental el que no consider\u00f3 ninguna opini\u00f3n sobre los da\u00f1os ecol\u00f3gicos y de calidad de vida que tendr\u00e1 Aconcagua con la puesta en marcha de este proyecto, que a la destrucci\u00f3n de los glaciales agrega la contaminaci\u00f3n de las aguas de regad\u00edo para preferente uso minero, la contaminaci\u00f3n ambiental y sus efectos sobre la salud humana y animal del valle y principalmente a la agricultura.<\/p>\n<p>Al despachar este oficio, \u201cel Intendente Celis s\u00f3lo pens\u00f3 en los beneficios que podr\u00eda traer este proyecto al sector costero de la regi\u00f3n, quedando todos los da\u00f1os circunscritos a nuestro valle\u201d, se\u00f1al\u00f3 el Consejero Regional que agreg\u00f3: \u201cMuchos de los que criticaron este proyecto, hoy son funcionarios gubernamentales que deber\u00e1n optar por la cuprera estatal o el inter\u00e9s de los vecinos del valle, por eso debemos estar alertas para que este proyecto considere las medidas de mitigaci\u00f3n y respetos que merecemos todos los ciudadanos. No se puede desconocer que el intendente Celis aprovecho estos vac\u00edos legales para dar su informe sin pasar por el Consejo Regional organismo hoy elegido democr\u00e1ticamente que es un espacio amplio de representaci\u00f3n y opini\u00f3n ciudadana\u00bb.<\/p>\n<p>&nbsp;<\/p>\n","protected":false},"excerpt":{"rendered":"<p>Intendente Celis aprovech\u00f3 vac\u00edos legales para dar su informe sin pasar por el Consejo Regional, organismo hoy elegido democr\u00e1ticamente que es un espacio amplio de representaci\u00f3n y opini\u00f3n ciudadana\u00bb, asegur\u00f3 el Core&#8230;.<\/p>\n","protected":false},"author":482,"featured_media":46619,"comment_status":"open","ping_status":"closed","sticky":false,"template":"","format":"standard","meta":{"advanced_seo_description":"","jetpack_seo_html_title":"","jetpack_seo_noindex":false,"_jetpack_memberships_contains_paid_content":false,"footnotes":""},"categories":[1],"tags":[],"class_list":["post-46618","post","type-post","status-publish","format-standard","has-post-thumbnail","hentry","category-cronica"],"jetpack_featured_media_url":"https:\/\/i0.wp.com\/eltrabajo.cl\/portal\/wp-content\/uploads\/2014\/05\/rolando-stevenson1.jpg?fit=529%2C560&ssl=1","jetpack_sharing_enabled":true,"jetpack_likes_enabled":true,"jetpack-related-posts":[],"_links":{"self":[{"href":"https:\/\/eltrabajo.cl\/portal\/wp-json\/wp\/v2\/posts\/46618","targetHints":{"allow":["GET"]}}],"collection":[{"href":"https:\/\/eltrabajo.cl\/portal\/wp-json\/wp\/v2\/posts"}],"about":[{"href":"https:\/\/eltrabajo.cl\/portal\/wp-json\/wp\/v2\/types\/post"}],"author":[{"embeddable":true,"href":"https:\/\/eltrabajo.cl\/portal\/wp-json\/wp\/v2\/users\/482"}],"replies":[{"embeddable":true,"href":"https:\/\/eltrabajo.cl\/portal\/wp-json\/wp\/v2\/comments?post=46618"}],"version-history":[{"count":0,"href":"https:\/\/eltrabajo.cl\/portal\/wp-json\/wp\/v2\/posts\/46618\/revisions"}],"wp:featuredmedia":[{"embeddable":true,"href":"https:\/\/eltrabajo.cl\/portal\/wp-json\/wp\/v2\/media\/46619"}],"wp:attachment":[{"href":"https:\/\/eltrabajo.cl\/portal\/wp-json\/wp\/v2\/media?parent=46618"}],"wp:term":[{"taxonomy":"category","embeddable":true,"href":"https:\/\/eltrabajo.cl\/portal\/wp-json\/wp\/v2\/categories?post=46618"},{"taxonomy":"post_tag","embeddable":true,"href":"https:\/\/eltrabajo.cl\/portal\/wp-json\/wp\/v2\/tags?post=46618"}],"curies":[{"name":"wp","href":"https:\/\/api.w.org\/{rel}","templated":true}]}}