{"id":46622,"date":"2014-05-19T09:41:08","date_gmt":"2014-05-19T13:41:08","guid":{"rendered":"http:\/\/www.eltrabajo.cl\/portal\/?p=46622"},"modified":"2014-05-19T09:41:08","modified_gmt":"2014-05-19T13:41:08","slug":"alcalde-freire-sostuvo-reunion-con-coordinador-regional-de-seguridad-publica","status":"publish","type":"post","link":"https:\/\/eltrabajo.cl\/portal\/alcalde-freire-sostuvo-reunion-con-coordinador-regional-de-seguridad-publica\/","title":{"rendered":"Alcalde Freire sostuvo reuni\u00f3n con Coordinador Regional de Seguridad P\u00fablica"},"content":{"rendered":"<figure id=\"attachment_46623\" aria-describedby=\"caption-attachment-46623\" style=\"width: 528px\" class=\"wp-caption alignnone\"><a href=\"https:\/\/i0.wp.com\/www.eltrabajo.cl\/portal\/wp-content\/uploads\/2014\/05\/Plan-Chaparro.jpg\"><img data-recalc-dims=\"1\" loading=\"lazy\" decoding=\"async\" class=\"size-full wp-image-46623\" alt=\"El Alcalde Patricio Freire junto al Gobernador Eduardo Le\u00f3n y dirigentes del comercio de la comuna de San Felipe, se reunieron con Alejandro Chaparro, Coordinador Regional de Seguridad P\u00fablica.\" src=\"https:\/\/i0.wp.com\/www.eltrabajo.cl\/portal\/wp-content\/uploads\/2014\/05\/Plan-Chaparro.jpg?resize=528%2C360\" width=\"528\" height=\"360\" srcset=\"https:\/\/i0.wp.com\/eltrabajo.cl\/portal\/wp-content\/uploads\/2014\/05\/Plan-Chaparro.jpg?w=528&amp;ssl=1 528w, https:\/\/i0.wp.com\/eltrabajo.cl\/portal\/wp-content\/uploads\/2014\/05\/Plan-Chaparro.jpg?resize=200%2C136&amp;ssl=1 200w, https:\/\/i0.wp.com\/eltrabajo.cl\/portal\/wp-content\/uploads\/2014\/05\/Plan-Chaparro.jpg?resize=300%2C204&amp;ssl=1 300w, https:\/\/i0.wp.com\/eltrabajo.cl\/portal\/wp-content\/uploads\/2014\/05\/Plan-Chaparro.jpg?resize=150%2C102&amp;ssl=1 150w, https:\/\/i0.wp.com\/eltrabajo.cl\/portal\/wp-content\/uploads\/2014\/05\/Plan-Chaparro.jpg?resize=400%2C272&amp;ssl=1 400w\" sizes=\"auto, (max-width: 528px) 100vw, 528px\" \/><\/a><figcaption id=\"caption-attachment-46623\" class=\"wp-caption-text\">El Alcalde Patricio Freire junto al Gobernador Eduardo Le\u00f3n y dirigentes del comercio de la comuna de San Felipe, se reunieron con Alejandro Chaparro, Coordinador Regional de Seguridad P\u00fablica.<\/figcaption><\/figure>\n<p>En horas de la tarde del viernes reci\u00e9n pasado, el Alcalde Patricio Freire junto al Gobernador Eduardo Le\u00f3n y dirigentes del comercio de la comuna de San Felipe, se reunieron con Alejandro Chaparro, Coordinador Regional de Seguridad P\u00fablica, para manifestarle la preocupaci\u00f3n de la autoridad frente a la situaci\u00f3n delictual en la comuna y analizar algunas acciones a realizar en este sentido. Durante el viernes Chaparro sostuvo reuniones con todos los alcaldes de la provincia de San Felipe para analizar el tema seguridad en la zona y luego de la reuni\u00f3n de trabajo con el Alcalde Freire se\u00f1al\u00f3 que gracias a la informaci\u00f3n entregada por el edil y por los dirigentes del comercio ya cuenta con un diagn\u00f3stico de la comuna.<\/p>\n<p>Espec\u00edficamente se\u00f1al\u00f3 la necesidad de realizar una intervenci\u00f3n en la situaci\u00f3n de Villa 250 A\u00f1os, tanto desde el punto de vista de la infraestructura y tambi\u00e9n del \u00e1rea psicosocial. Adem\u00e1s se refiri\u00f3 a la implementaci\u00f3n de m\u00e1s c\u00e1maras de tele-vigilancia en el sector c\u00e9ntrico de la comuna, mejorar las medidas de autoayuda de los comerciantes y colaborar en la implementaci\u00f3n de departamentos a nivel municipal de seguridad ciudadana y tambi\u00e9n se\u00f1al\u00f3 que se potenciar\u00e1n los programas Barrio en Paz Residencial y Barrio en Paz Comercial.<\/p>\n<p>\u00abEl gobierno ha decidido intervenir en el programa de seguridad p\u00fablica en la provincia de San Felipe y lo vamos a hacer con fuerza, porque entendemos que este es un problema grave en la provincia y creemos que con el liderazgo del gobernador y con la colaboraci\u00f3n del alcalde de San Felipe, vamos a lograr los objetivos que nos hemos planteado\u00bb, dijo Chaparro.<\/p>\n<p>El coordinador explic\u00f3 que en el caso de la creaci\u00f3n de los departamentos de seguridad ciudadana se anunciar\u00e1 a partir del 30 de mayo, con el Plan Nacional de Seguridad P\u00fablica un plan nacional, para que las comunas tengan su departamento de seguridad ciudadana. \u00abLos municipios siempre tienen problemas de recursos y hoy en d\u00eda se desviste un santo para vestir otro, entonces la idea es que se destinen recursos frescos para tener este departamento y en relaci\u00f3n a las c\u00e1maras de tele-vigilancia, el Alcalde Freire ya tiene un proyecto en tramitaci\u00f3n y lo que se busca es que a trav\u00e9s del Fondo Nacional de Desarrollo Regional y de otros programas sea financiado\u00bb, sostuvo Chaparro.<\/p>\n<p>Por su parte el Alcalde Patricio Freire, calific\u00f3 como muy positiva la reuni\u00f3n de trabajo, especialmente por las medidas que se pretenden implementar en temas de seguridad. \u00abEn el caso de Villa 250 A\u00f1os, se est\u00e1 haciendo un estudio completo para realizar una intervenci\u00f3n de fondo, y que signifique llegar con recursos frescos y que la villa sea parte del quehacer de la comuna\u00bb, dijo el jefe comunal y adem\u00e1s se\u00f1al\u00f3 que la municipalidad est\u00e1 trabajando en un proyecto para contar con m\u00e1s c\u00e1maras de tele-vigilancia en el sector c\u00e9ntrico.<\/p>\n<p>\u00abCreo que fue muy positiva la reuni\u00f3n, ya que vienen recursos para estos temas y proyectos muy importantes que nos van a permitir enfrentar los temas de seguridad, como por ejemplo en el caso de la creaci\u00f3n de un departamento de seguridad a nivel municipal\u00bb, enfatiz\u00f3 el Alcalde Freire.<\/p>\n<p>&nbsp;<\/p>\n","protected":false},"excerpt":{"rendered":"<p>En horas de la tarde del viernes reci\u00e9n pasado, el Alcalde Patricio Freire junto al Gobernador Eduardo Le\u00f3n y dirigentes del comercio de la comuna de San Felipe, se reunieron con Alejandro&#8230;<\/p>\n","protected":false},"author":482,"featured_media":46623,"comment_status":"open","ping_status":"closed","sticky":false,"template":"","format":"standard","meta":{"advanced_seo_description":"","jetpack_seo_html_title":"","jetpack_seo_noindex":false,"_jetpack_memberships_contains_paid_content":false,"footnotes":""},"categories":[1],"tags":[],"class_list":["post-46622","post","type-post","status-publish","format-standard","has-post-thumbnail","hentry","category-cronica"],"jetpack_featured_media_url":"https:\/\/i0.wp.com\/eltrabajo.cl\/portal\/wp-content\/uploads\/2014\/05\/Plan-Chaparro.jpg?fit=528%2C360&ssl=1","jetpack_sharing_enabled":true,"jetpack_likes_enabled":true,"jetpack-related-posts":[],"_links":{"self":[{"href":"https:\/\/eltrabajo.cl\/portal\/wp-json\/wp\/v2\/posts\/46622","targetHints":{"allow":["GET"]}}],"collection":[{"href":"https:\/\/eltrabajo.cl\/portal\/wp-json\/wp\/v2\/posts"}],"about":[{"href":"https:\/\/eltrabajo.cl\/portal\/wp-json\/wp\/v2\/types\/post"}],"author":[{"embeddable":true,"href":"https:\/\/eltrabajo.cl\/portal\/wp-json\/wp\/v2\/users\/482"}],"replies":[{"embeddable":true,"href":"https:\/\/eltrabajo.cl\/portal\/wp-json\/wp\/v2\/comments?post=46622"}],"version-history":[{"count":0,"href":"https:\/\/eltrabajo.cl\/portal\/wp-json\/wp\/v2\/posts\/46622\/revisions"}],"wp:featuredmedia":[{"embeddable":true,"href":"https:\/\/eltrabajo.cl\/portal\/wp-json\/wp\/v2\/media\/46623"}],"wp:attachment":[{"href":"https:\/\/eltrabajo.cl\/portal\/wp-json\/wp\/v2\/media?parent=46622"}],"wp:term":[{"taxonomy":"category","embeddable":true,"href":"https:\/\/eltrabajo.cl\/portal\/wp-json\/wp\/v2\/categories?post=46622"},{"taxonomy":"post_tag","embeddable":true,"href":"https:\/\/eltrabajo.cl\/portal\/wp-json\/wp\/v2\/tags?post=46622"}],"curies":[{"name":"wp","href":"https:\/\/api.w.org\/{rel}","templated":true}]}}