{"id":46629,"date":"2014-05-19T09:49:16","date_gmt":"2014-05-19T13:49:16","guid":{"rendered":"http:\/\/www.eltrabajo.cl\/portal\/?p=46629"},"modified":"2014-05-19T09:49:16","modified_gmt":"2014-05-19T13:49:16","slug":"fuerzas-vivas-de-la-provincia-trabajan-unidas-con-el-apr-la-troya","status":"publish","type":"post","link":"https:\/\/eltrabajo.cl\/portal\/fuerzas-vivas-de-la-provincia-trabajan-unidas-con-el-apr-la-troya\/","title":{"rendered":"Fuerzas vivas de la provincia trabajan unidas con el APR La Troya"},"content":{"rendered":"<figure id=\"attachment_46630\" aria-describedby=\"caption-attachment-46630\" style=\"width: 529px\" class=\"wp-caption alignnone\"><a href=\"https:\/\/i0.wp.com\/www.eltrabajo.cl\/portal\/wp-content\/uploads\/2014\/05\/Troya1.jpg\"><img data-recalc-dims=\"1\" loading=\"lazy\" decoding=\"async\" class=\"size-full wp-image-46630\" alt=\"El alcalde destac\u00f3 adem\u00e1s el proceso de participaci\u00f3n que se va a realizar para determinar el dise\u00f1o y la forma en que se realizar\u00e1 el tratamiento de las aguas, si es con una planta propia de tratamiento o conectados a Esval.   \" src=\"https:\/\/i0.wp.com\/www.eltrabajo.cl\/portal\/wp-content\/uploads\/2014\/05\/Troya1.jpg?resize=529%2C378\" width=\"529\" height=\"378\" srcset=\"https:\/\/i0.wp.com\/eltrabajo.cl\/portal\/wp-content\/uploads\/2014\/05\/Troya1.jpg?w=529&amp;ssl=1 529w, https:\/\/i0.wp.com\/eltrabajo.cl\/portal\/wp-content\/uploads\/2014\/05\/Troya1.jpg?resize=200%2C142&amp;ssl=1 200w, https:\/\/i0.wp.com\/eltrabajo.cl\/portal\/wp-content\/uploads\/2014\/05\/Troya1.jpg?resize=300%2C214&amp;ssl=1 300w, https:\/\/i0.wp.com\/eltrabajo.cl\/portal\/wp-content\/uploads\/2014\/05\/Troya1.jpg?resize=150%2C107&amp;ssl=1 150w, https:\/\/i0.wp.com\/eltrabajo.cl\/portal\/wp-content\/uploads\/2014\/05\/Troya1.jpg?resize=400%2C285&amp;ssl=1 400w\" sizes=\"auto, (max-width: 529px) 100vw, 529px\" \/><\/a><figcaption id=\"caption-attachment-46630\" class=\"wp-caption-text\">El alcalde destac\u00f3 adem\u00e1s el proceso de participaci\u00f3n que se va a realizar para determinar el dise\u00f1o y la forma en que se realizar\u00e1 el tratamiento de las aguas, si es con una planta propia de tratamiento o conectados a Esval.<\/figcaption><\/figure>\n<p>Este s\u00e1bado se realiz\u00f3 una reuni\u00f3n extraordinaria de la Cooperativa de Agua Potable La Troya, instancia en donde particip\u00f3 tambi\u00e9n el Alcalde Patricio Freire y en la que los profesionales del municipio explicaron los detalles del proyecto que busca dotar de alcantarillado a este sector, y adem\u00e1s les inform\u00f3 que la iniciativa en su etapa de dise\u00f1o ya cuenta con aprobaci\u00f3n t\u00e9cnica. La reuni\u00f3n, que cont\u00f3 con la presencia de profesionales de la Subdere y del Gobierno Regional, comenz\u00f3 pasadas las 16:00 horas y a ella asistieron la totalidad de los socios de la cooperativa, instancia donde los vecinos fueron informados de los avances que ha tenido el proyecto de alcantarillado<\/p>\n<figure id=\"attachment_46631\" aria-describedby=\"caption-attachment-46631\" style=\"width: 422px\" class=\"wp-caption alignright\"><a href=\"https:\/\/i0.wp.com\/www.eltrabajo.cl\/portal\/wp-content\/uploads\/2014\/05\/Troya2.jpg\"><img data-recalc-dims=\"1\" loading=\"lazy\" decoding=\"async\" class=\" wp-image-46631 \" alt=\"La reuni\u00f3n, que cont\u00f3 con la presencia de profesionales de la Subdere y del Gobierno Regional, comenz\u00f3 pasadas las 16:00 horas y a ella asistieron la totalidad de los socios de la cooperativa.\" src=\"https:\/\/i0.wp.com\/www.eltrabajo.cl\/portal\/wp-content\/uploads\/2014\/05\/Troya2.jpg?resize=422%2C288\" width=\"422\" height=\"288\" srcset=\"https:\/\/i0.wp.com\/eltrabajo.cl\/portal\/wp-content\/uploads\/2014\/05\/Troya2.jpg?w=528&amp;ssl=1 528w, https:\/\/i0.wp.com\/eltrabajo.cl\/portal\/wp-content\/uploads\/2014\/05\/Troya2.jpg?resize=200%2C136&amp;ssl=1 200w, https:\/\/i0.wp.com\/eltrabajo.cl\/portal\/wp-content\/uploads\/2014\/05\/Troya2.jpg?resize=300%2C204&amp;ssl=1 300w, https:\/\/i0.wp.com\/eltrabajo.cl\/portal\/wp-content\/uploads\/2014\/05\/Troya2.jpg?resize=150%2C102&amp;ssl=1 150w, https:\/\/i0.wp.com\/eltrabajo.cl\/portal\/wp-content\/uploads\/2014\/05\/Troya2.jpg?resize=400%2C272&amp;ssl=1 400w\" sizes=\"auto, (max-width: 422px) 100vw, 422px\" \/><\/a><figcaption id=\"caption-attachment-46631\" class=\"wp-caption-text\">La reuni\u00f3n, que cont\u00f3 con la presencia de profesionales de la Subdere y del Gobierno Regional, comenz\u00f3 pasadas las 16:00 horas y a ella asistieron la totalidad de los socios de la cooperativa.<\/figcaption><\/figure>\n<p>\u201cEstamos muy agradecidos del apoyo que hemos tenido de las autoridades, del alcalde y del gobernador, la cooperativa est\u00e1 comprometida a trabajar y el gran desaf\u00edo es contar con alcantarillado y como lo anunci\u00f3 el alcalde ya tiene aprobaci\u00f3n para el estudio y de ah\u00ed se va a ver cu\u00e1l es la mejor opci\u00f3n para nuestro sector\u201d, se\u00f1al\u00f3 Humberto Gonz\u00e1lez, Presidente del APR La Troya.<\/p>\n<p>En este sentido va a ser muy importante la participaci\u00f3n de los socios y de los vecinos y el jefe comunal plante\u00f3 la importancia de la participaci\u00f3n ciudadana en la determinaci\u00f3n del sistema que se implementar\u00e1 en el sector para contar con alcantarillado.<\/p>\n<p>El Alcalde Freire destac\u00f3 el avance presentado por el proyecto, un anhelo de muchos a\u00f1os de estos vecinos y que ya cuenta con aprobaci\u00f3n t\u00e9cnica. \u201cEste es un proyecto emblem\u00e1tico para los habitantes de La Troya, hoy d\u00faa estamos trabajando con los vecinos del sector para sacar el proyecto adelante, este proyecto ya cuenta con aprobaci\u00f3n t\u00e9cnica y eso nos permite avanzar en la b\u00fasqueda de los recursos para concretar esta iniciativa tan esperada por los vecinos del sector\u201d, dijo el jefe comunal.<\/p>\n<p>&nbsp;<\/p>\n","protected":false},"excerpt":{"rendered":"<p>Este s\u00e1bado se realiz\u00f3 una reuni\u00f3n extraordinaria de la Cooperativa de Agua Potable La Troya, instancia en donde particip\u00f3 tambi\u00e9n el Alcalde Patricio Freire y en la que los profesionales del municipio&#8230;<\/p>\n","protected":false},"author":482,"featured_media":46630,"comment_status":"open","ping_status":"closed","sticky":false,"template":"","format":"standard","meta":{"advanced_seo_description":"","jetpack_seo_html_title":"","jetpack_seo_noindex":false,"_jetpack_memberships_contains_paid_content":false,"footnotes":""},"categories":[1],"tags":[],"class_list":["post-46629","post","type-post","status-publish","format-standard","has-post-thumbnail","hentry","category-cronica"],"jetpack_featured_media_url":"https:\/\/i0.wp.com\/eltrabajo.cl\/portal\/wp-content\/uploads\/2014\/05\/Troya1.jpg?fit=529%2C378&ssl=1","jetpack_sharing_enabled":true,"jetpack_likes_enabled":true,"jetpack-related-posts":[],"_links":{"self":[{"href":"https:\/\/eltrabajo.cl\/portal\/wp-json\/wp\/v2\/posts\/46629","targetHints":{"allow":["GET"]}}],"collection":[{"href":"https:\/\/eltrabajo.cl\/portal\/wp-json\/wp\/v2\/posts"}],"about":[{"href":"https:\/\/eltrabajo.cl\/portal\/wp-json\/wp\/v2\/types\/post"}],"author":[{"embeddable":true,"href":"https:\/\/eltrabajo.cl\/portal\/wp-json\/wp\/v2\/users\/482"}],"replies":[{"embeddable":true,"href":"https:\/\/eltrabajo.cl\/portal\/wp-json\/wp\/v2\/comments?post=46629"}],"version-history":[{"count":0,"href":"https:\/\/eltrabajo.cl\/portal\/wp-json\/wp\/v2\/posts\/46629\/revisions"}],"wp:featuredmedia":[{"embeddable":true,"href":"https:\/\/eltrabajo.cl\/portal\/wp-json\/wp\/v2\/media\/46630"}],"wp:attachment":[{"href":"https:\/\/eltrabajo.cl\/portal\/wp-json\/wp\/v2\/media?parent=46629"}],"wp:term":[{"taxonomy":"category","embeddable":true,"href":"https:\/\/eltrabajo.cl\/portal\/wp-json\/wp\/v2\/categories?post=46629"},{"taxonomy":"post_tag","embeddable":true,"href":"https:\/\/eltrabajo.cl\/portal\/wp-json\/wp\/v2\/tags?post=46629"}],"curies":[{"name":"wp","href":"https:\/\/api.w.org\/{rel}","templated":true}]}}