{"id":46638,"date":"2014-05-19T09:53:18","date_gmt":"2014-05-19T13:53:18","guid":{"rendered":"http:\/\/www.eltrabajo.cl\/portal\/?p=46638"},"modified":"2014-05-19T10:08:42","modified_gmt":"2014-05-19T14:08:42","slug":"condenado-codelco-a-pagar-1-300-millones-a-trabajadores-afectados-por-silicosis","status":"publish","type":"post","link":"https:\/\/eltrabajo.cl\/portal\/condenado-codelco-a-pagar-1-300-millones-a-trabajadores-afectados-por-silicosis\/","title":{"rendered":"Condenado Codelco a pagar $1.300 millones a trabajadores afectados por silicosis"},"content":{"rendered":"<figure id=\"attachment_46639\" aria-describedby=\"caption-attachment-46639\" style=\"width: 529px\" class=\"wp-caption alignnone\"><a href=\"https:\/\/i0.wp.com\/www.eltrabajo.cl\/portal\/wp-content\/uploads\/2014\/05\/Demanda1.jpg\"><img data-recalc-dims=\"1\" loading=\"lazy\" decoding=\"async\" class=\"size-full wp-image-46639\" alt=\"La demanda fue presentada en noviembre del a\u00f1o pasado por 32 trabajadores activos, los cuales presentan actualmente diferentes grados de incapacidad.\" src=\"https:\/\/i0.wp.com\/www.eltrabajo.cl\/portal\/wp-content\/uploads\/2014\/05\/Demanda1.jpg?resize=529%2C359\" width=\"529\" height=\"359\" srcset=\"https:\/\/i0.wp.com\/eltrabajo.cl\/portal\/wp-content\/uploads\/2014\/05\/Demanda1.jpg?w=529&amp;ssl=1 529w, https:\/\/i0.wp.com\/eltrabajo.cl\/portal\/wp-content\/uploads\/2014\/05\/Demanda1.jpg?resize=200%2C135&amp;ssl=1 200w, https:\/\/i0.wp.com\/eltrabajo.cl\/portal\/wp-content\/uploads\/2014\/05\/Demanda1.jpg?resize=300%2C203&amp;ssl=1 300w, https:\/\/i0.wp.com\/eltrabajo.cl\/portal\/wp-content\/uploads\/2014\/05\/Demanda1.jpg?resize=150%2C101&amp;ssl=1 150w, https:\/\/i0.wp.com\/eltrabajo.cl\/portal\/wp-content\/uploads\/2014\/05\/Demanda1.jpg?resize=400%2C271&amp;ssl=1 400w\" sizes=\"auto, (max-width: 529px) 100vw, 529px\" \/><\/a><figcaption id=\"caption-attachment-46639\" class=\"wp-caption-text\">La demanda fue presentada en noviembre del a\u00f1o pasado por 32 trabajadores activos, los cuales presentan actualmente diferentes grados de incapacidad.<\/figcaption><\/figure>\n<p><strong>LOS ANDES<\/strong>.- En fallo de primera instancia, el Primer Juzgado de Letras de Los Andes conden\u00f3 a pagar $1.300 millones a la Divisi\u00f3n Andina de Codelco, como indemnizaci\u00f3n a trabajadores activos de la empresa afectados de silicosis. El fallo contenido en 160 fojas fue dado a conocer a las partes este viernes, estableciendo que existe una responsabilidad de Codelco en que los trabajadores hayan contra\u00eddo la enfermedad.<\/p>\n<figure id=\"attachment_46640\" aria-describedby=\"caption-attachment-46640\" style=\"width: 254px\" class=\"wp-caption alignright\"><a href=\"https:\/\/i0.wp.com\/www.eltrabajo.cl\/portal\/wp-content\/uploads\/2014\/05\/abogado1.jpg\"><img data-recalc-dims=\"1\" loading=\"lazy\" decoding=\"async\" class=\" wp-image-46640  \" alt=\"Abogado del Sindicato Unificado de Trabajadores de Codelco Andina, Rodrigo Ruiz Tagle.\" src=\"https:\/\/i0.wp.com\/www.eltrabajo.cl\/portal\/wp-content\/uploads\/2014\/05\/abogado1.jpg?resize=254%2C267\" width=\"254\" height=\"267\" srcset=\"https:\/\/i0.wp.com\/eltrabajo.cl\/portal\/wp-content\/uploads\/2014\/05\/abogado1.jpg?w=529&amp;ssl=1 529w, https:\/\/i0.wp.com\/eltrabajo.cl\/portal\/wp-content\/uploads\/2014\/05\/abogado1.jpg?resize=142%2C150&amp;ssl=1 142w, https:\/\/i0.wp.com\/eltrabajo.cl\/portal\/wp-content\/uploads\/2014\/05\/abogado1.jpg?resize=285%2C300&amp;ssl=1 285w, https:\/\/i0.wp.com\/eltrabajo.cl\/portal\/wp-content\/uploads\/2014\/05\/abogado1.jpg?resize=400%2C420&amp;ssl=1 400w\" sizes=\"auto, (max-width: 254px) 100vw, 254px\" \/><\/a><figcaption id=\"caption-attachment-46640\" class=\"wp-caption-text\">Abogado del Sindicato Unificado de Trabajadores de Codelco Andina, Rodrigo Ruiz Tagle.<\/figcaption><\/figure>\n<p>Para el Abogado del Sindicato Unificado de Trabajadores de Codelco Andina, Rodrigo Ruiz Tagle , se\u00f1al\u00f3 que esta sentencia de primera instancia establece claramente la responsabilidad de Codelco en la salud de sus trabajadores y debe indemnizarlos por los perjuicios morales causados. Record\u00f3 que la demanda fue presentada en noviembre del a\u00f1o pasado por 32 trabajadores activos, los cuales presentan actualmente diferentes grados de incapacidad.<\/p>\n<p>\u201cEsta es una sentencia que se dicta en un tribunal de primera instancia, quedan recursos ante la Corte de Apelaciones, lo m\u00e1s probable es que la Divisi\u00f3n Andina lleve este tema ante la Corte Suprema, tal como lo ha hecho en otros juicios y no vemos que este sea un escenario distinto hoy d\u00eda\u201d, subray\u00f3.<\/p>\n<p>El Abogado Ruiz remarc\u00f3 que Codelco ya ha sido condenada por la justicia a pagar indemnizaciones a ex-trabajadores como consecuencia de esta enfermedad que es un flagelo para quienes realizan labores en la mina subterr\u00e1nea y a rajo abierto, \u201cpor lo que aqu\u00ed los tribunales determinan que efectivamente existe una responsabilidad por parte del empleador en las medidas de seguridad de sus trabajadores\u201d.<\/p>\n<p>En cuanto al monto que recibir\u00e1 cada trabajador, el jurista dijo que ser\u00e1 acorde al grado de incapacidad que tiene producto de la enfermedad. Asimismo record\u00f3 que la directiva del Sindicato Unificado siempre ha intentado buscar soluciones en estos temas que pasa por el resguardo de la vida de sus trabajadores, \u201centendiendo de esa manera que no hemos encontrado una respuesta clara de la empresa y en uso del derecho que les confiere el ordenamiento jur\u00eddico a los trabajadores ellos ejercen esta acci\u00f3n que est\u00e1 contemplada en el c\u00f3digo del trabajo\u201d.<\/p>\n","protected":false},"excerpt":{"rendered":"<p>LOS ANDES.- En fallo de primera instancia, el Primer Juzgado de Letras de Los Andes conden\u00f3 a pagar $1.300 millones a la Divisi\u00f3n Andina de Codelco, como indemnizaci\u00f3n a trabajadores activos de&#8230;<\/p>\n","protected":false},"author":482,"featured_media":46639,"comment_status":"open","ping_status":"closed","sticky":false,"template":"","format":"standard","meta":{"advanced_seo_description":"","jetpack_seo_html_title":"","jetpack_seo_noindex":false,"_jetpack_memberships_contains_paid_content":false,"footnotes":""},"categories":[1],"tags":[],"class_list":["post-46638","post","type-post","status-publish","format-standard","has-post-thumbnail","hentry","category-cronica"],"jetpack_featured_media_url":"https:\/\/i0.wp.com\/eltrabajo.cl\/portal\/wp-content\/uploads\/2014\/05\/Demanda1.jpg?fit=529%2C359&ssl=1","jetpack_sharing_enabled":true,"jetpack_likes_enabled":true,"jetpack-related-posts":[],"_links":{"self":[{"href":"https:\/\/eltrabajo.cl\/portal\/wp-json\/wp\/v2\/posts\/46638","targetHints":{"allow":["GET"]}}],"collection":[{"href":"https:\/\/eltrabajo.cl\/portal\/wp-json\/wp\/v2\/posts"}],"about":[{"href":"https:\/\/eltrabajo.cl\/portal\/wp-json\/wp\/v2\/types\/post"}],"author":[{"embeddable":true,"href":"https:\/\/eltrabajo.cl\/portal\/wp-json\/wp\/v2\/users\/482"}],"replies":[{"embeddable":true,"href":"https:\/\/eltrabajo.cl\/portal\/wp-json\/wp\/v2\/comments?post=46638"}],"version-history":[{"count":0,"href":"https:\/\/eltrabajo.cl\/portal\/wp-json\/wp\/v2\/posts\/46638\/revisions"}],"wp:featuredmedia":[{"embeddable":true,"href":"https:\/\/eltrabajo.cl\/portal\/wp-json\/wp\/v2\/media\/46639"}],"wp:attachment":[{"href":"https:\/\/eltrabajo.cl\/portal\/wp-json\/wp\/v2\/media?parent=46638"}],"wp:term":[{"taxonomy":"category","embeddable":true,"href":"https:\/\/eltrabajo.cl\/portal\/wp-json\/wp\/v2\/categories?post=46638"},{"taxonomy":"post_tag","embeddable":true,"href":"https:\/\/eltrabajo.cl\/portal\/wp-json\/wp\/v2\/tags?post=46638"}],"curies":[{"name":"wp","href":"https:\/\/api.w.org\/{rel}","templated":true}]}}